{"id":14440,"date":"2016-03-19T03:00:56","date_gmt":"2016-03-19T02:00:56","guid":{"rendered":"http:\/\/sven-ove.nu\/?p=14440"},"modified":"2016-03-18T14:38:46","modified_gmt":"2016-03-18T13:38:46","slug":"14440","status":"publish","type":"post","link":"https:\/\/sven-ove.nu\/?p=14440","title":{"rendered":"&#8221;Man har roligt ibland&#8221;"},"content":{"rendered":"<p><a href=\"https:\/\/sven-ove.nu\/wp-content\/uploads\/2016\/03\/Moment-22.jpg\"><img loading=\"lazy\" decoding=\"async\" class=\"size-large wp-image-14444 alignnone\" src=\"https:\/\/sven-ove.nu\/wp-content\/uploads\/2016\/03\/Moment-22-1024x922.jpg\" alt=\"Moment 22\" width=\"660\" height=\"594\" srcset=\"https:\/\/sven-ove.nu\/wp-content\/uploads\/2016\/03\/Moment-22-1024x922.jpg 1024w, https:\/\/sven-ove.nu\/wp-content\/uploads\/2016\/03\/Moment-22-300x270.jpg 300w\" sizes=\"auto, (max-width: 660px) 100vw, 660px\" \/><\/a><\/p>\n<blockquote><p>I mitt stilla klassikerl\u00e4sande har jag nu kommit till <span style=\"color: #3366ff;\"><a style=\"color: #3366ff;\" href=\"http:\/\/www.bokus.com\/bok\/9789174291995\/moment-22\/\"><strong>Moment 22<\/strong><\/a><\/span>. Visst, jag har l\u00e4st den flera g\u00e5nger f\u00f6rut men h\u00e4r \u00e4r det jag som best\u00e4mmer reglerna. Moment 22 f\u00e5r r\u00e4knas i alla fall.<\/p><\/blockquote>\n<p>En solig dag i mars g\u00e5r jag till biblioteket, ber om ett nytt bibliotekskort i st\u00e4llet f\u00f6r det jag st\u00e4dade bort, letar r\u00e4tt p\u00e5 <span style=\"color: #3366ff;\"><a style=\"color: #3366ff;\" href=\"https:\/\/sv.wikipedia.org\/wiki\/Joseph_Heller\"><strong>Joseph Hellers<\/strong><\/a><\/span> antikrigsroman, l\u00e5nar och b\u00f6rjar l\u00e4sa p\u00e5 plats. Det f\u00f6rsta som sl\u00e5r mig \u00e4r att K-E Almblad m\u00e5ste vara Sveriges st\u00f6rsta sj\u00e4lvpl\u00e5gare. Han \u00e4r citerad p\u00e5 baksidan av den tummade boken:<\/p>\n<p style=\"padding-left: 30px;\"><em>\u201d\u2026vanvett och flabb blandas i skildringen av vad ett krig inneb\u00e4r. Man har roligt ibland n\u00e4r man l\u00e4ser Joseph Hellers roman\u2026\u201d<\/em><\/p>\n<p>Ibland? Jas\u00e5 du.<br \/>\nFlera g\u00e5nger v\u00e4nder jag p\u00e5 boken f\u00f6r att kontrollera att jag inte l\u00e4st fel.<\/p>\n<p><strong>Svart satir om kriget<br \/>\n<\/strong>Moment 22 ber\u00e4ttar om amerikanska bombplansflygare p\u00e5 en \u00f6 i Medelhavet under andra v\u00e4rldskriget. Om livet p\u00e5 sjukan, de vilda permissionerna i Rom, svartab\u00f6rsaff\u00e4rerna, k\u00e4rlekshistorierna och jobbet de har att g\u00f6ra. Svart satir, m\u00e4nniskor som blir sina egna karikatyrer, k\u00e4nslan av meningsl\u00f6shet.<\/p>\n<p>Blir vi inte alla karikatyrer i det milit\u00e4ra? Det \u00e4r som om skillnaderna syns tydligare n\u00e4r alla b\u00e4r uniform.<\/p>\n<p><strong>Inte tokig om du p\u00e5st\u00e5r att du \u00e4r tokig<br \/>\n<\/strong>H\u00e4r \u00e4r regeln som gav boken dess namn och v\u00e4rlden ett begrepp. Huvudpersonen Yossarian diskuterar moment 22:<\/p>\n<p style=\"padding-left: 30px;\"><em>&#8211; \u00c4r Orr tokig?<br \/>\n<\/em><em>&#8211; Ja absolut, sade doktor Daneeka.<br \/>\n<\/em><em>&#8211; Kan ni avf\u00f6ra honom ur aktiv tj\u00e4nst?<br \/>\n<\/em><em>&#8211; Visst kan jag g\u00f6ra det. Men f\u00f6rst m\u00e5ste han be mig g\u00f6ra det. Det ing\u00e5r i best\u00e4mmelserna.<br \/>\n<\/em><em>&#8211; Varf\u00f6r ber han er inte g\u00f6ra det d\u00e5?<br \/>\n<\/em><em>&#8211; D\u00e4rf\u00f6r att han \u00e4r tokig, sade doktor Daneeka. Han m\u00e5ste vara tokig f\u00f6r att forts\u00e4tta med bombflygningarna s\u00e5 m\u00e5nga g\u00e5nger som det har varit p\u00e5 h\u00e5ret f\u00f6r honom. Visst kan jag stryka Orr ur aktiv tj\u00e4nst. Men f\u00f6rst m\u00e5ste han be mig om det.<br \/>\n<\/em><em>&#8211; \u00c4r det allt han beh\u00f6ver g\u00f6ra f\u00f6r att bli avf\u00f6rd ur aktiv tj\u00e4nst?<br \/>\n<\/em><em>&#8211; Det \u00e4r allt. L\u00e5t honom be mig om det.<br \/>\n<\/em><em>&#8211; Och sen kan ni stryka honom? fr\u00e5gade Yossarian.<br \/>\n<\/em><em>&#8211; Nej. Sen kan jag inte stryka honom.<\/em><\/p>\n<p>Haken, det \u00e4r moment 22 i best\u00e4mmelserna. Du slipper flyga om du \u00e4r tokig men om du p\u00e5st\u00e5r att du \u00e4r tokig \u00e4r du inte tokig.<\/p>\n<p style=\"padding-left: 30px;\"><em>Om han utf\u00f6rde dem var han tokig och beh\u00f6vde inte g\u00f6ra det; men om han inte ville utf\u00f6ra dem, var han normal och m\u00e5ste utf\u00f6ra dem. Yossarian blev djupt gripen av den absoluta enkelheten i moment tjugotv\u00e5 och l\u00e4t h\u00f6ra en aktningsfull vissling.<\/em><\/p>\n<p><strong>K\u00f6per f\u00f6r sju, s\u00e4ljer f\u00f6r fem<br \/>\n<\/strong>Milo som k\u00f6per \u00e4gg f\u00f6r sju cent stycket och s\u00e4ljer dem till m\u00e4ssen f\u00f6r fem \u00e4r en annan av mina favoriter. L\u00e4nge ville jag minnas\u00a0att han sa att det \u00e4r m\u00e4ngden som g\u00f6r det, fast s\u00e5 s\u00e4ger han inte, ser jag nu. Be mig bara inte f\u00f6rklara utr\u00e4kningen bakom \u00e4gghandeln, den p\u00e5minner om att l\u00e4gga anbud p\u00e5 mellansvensk busstrafik. Fast bara n\u00e4stan.<\/p>\n<p>G\u00e5ng p\u00e5 g\u00e5ng l\u00e4ser jag beskrivningen i kapitel 22. \u00c4n f\u00f6rst\u00e5r jag inte matematiken bakom Milos syndikat, men jag ger inte upp.<\/p>\n<p>Jag \u00e4r inte tokig.<\/p>\n<p><em><strong><a href=\"https:\/\/sven-ove.nu\/wp-content\/uploads\/2016\/03\/Ibland.jpg\"><img loading=\"lazy\" decoding=\"async\" class=\"alignright size-medium wp-image-14445\" src=\"https:\/\/sven-ove.nu\/wp-content\/uploads\/2016\/03\/Ibland-300x230.jpg\" alt=\"Ibland\" width=\"300\" height=\"230\" srcset=\"https:\/\/sven-ove.nu\/wp-content\/uploads\/2016\/03\/Ibland-300x230.jpg 300w, https:\/\/sven-ove.nu\/wp-content\/uploads\/2016\/03\/Ibland-1024x785.jpg 1024w, https:\/\/sven-ove.nu\/wp-content\/uploads\/2016\/03\/Ibland.jpg 1202w\" sizes=\"auto, (max-width: 300px) 100vw, 300px\" \/><\/a><span style=\"color: #00ccff;\">###<\/span><\/strong> \u201dMan har roligt ibland.\u201d<br \/>\n<\/em><em><span style=\"color: #00ccff;\"><strong>###<\/strong><\/span> Jas\u00e5 du, Almblad.<br \/>\n<\/em><em><span style=\"color: #00ccff;\"><strong> ###<\/strong><\/span>\u00a0Sj\u00e4lv sm\u00e5ler jag fr\u00e5n f\u00f6rsta sidan och har jag inte slutat s\u00e5 sm\u00e5ler jag \u00e4n.<\/em><\/p>\n","protected":false},"excerpt":{"rendered":"<p>I mitt stilla klassikerl\u00e4sande har jag nu kommit till Moment 22. Visst, jag har l\u00e4st den flera g\u00e5nger f\u00f6rut men h\u00e4r \u00e4r det jag som best\u00e4mmer reglerna. Moment 22 f\u00e5r r\u00e4knas i alla fall. En solig dag i mars g\u00e5r jag till biblioteket, ber om ett nytt bibliotekskort i st\u00e4llet f\u00f6r det jag st\u00e4dade bort, &hellip; <a href=\"https:\/\/sven-ove.nu\/?p=14440\" class=\"more-link\">Forts\u00e4tt l\u00e4sa <span class=\"screen-reader-text\">&#8221;Man har roligt ibland&#8221;<\/span><\/a><\/p>\n","protected":false},"author":1,"featured_media":0,"comment_status":"open","ping_status":"open","sticky":false,"template":"","format":"standard","meta":{"_crdt_document":"","_monsterinsights_skip_tracking":false,"_monsterinsights_sitenote_active":false,"_monsterinsights_sitenote_note":"","_monsterinsights_sitenote_category":0,"footnotes":""},"categories":[28],"tags":[8,14,21],"class_list":["post-14440","post","type-post","status-publish","format-standard","hentry","category-kreativt-folk","tag-historia","tag-lasning","tag-ord"],"_links":{"self":[{"href":"https:\/\/sven-ove.nu\/index.php?rest_route=\/wp\/v2\/posts\/14440","targetHints":{"allow":["GET"]}}],"collection":[{"href":"https:\/\/sven-ove.nu\/index.php?rest_route=\/wp\/v2\/posts"}],"about":[{"href":"https:\/\/sven-ove.nu\/index.php?rest_route=\/wp\/v2\/types\/post"}],"author":[{"embeddable":true,"href":"https:\/\/sven-ove.nu\/index.php?rest_route=\/wp\/v2\/users\/1"}],"replies":[{"embeddable":true,"href":"https:\/\/sven-ove.nu\/index.php?rest_route=%2Fwp%2Fv2%2Fcomments&post=14440"}],"version-history":[{"count":8,"href":"https:\/\/sven-ove.nu\/index.php?rest_route=\/wp\/v2\/posts\/14440\/revisions"}],"predecessor-version":[{"id":14483,"href":"https:\/\/sven-ove.nu\/index.php?rest_route=\/wp\/v2\/posts\/14440\/revisions\/14483"}],"wp:attachment":[{"href":"https:\/\/sven-ove.nu\/index.php?rest_route=%2Fwp%2Fv2%2Fmedia&parent=14440"}],"wp:term":[{"taxonomy":"category","embeddable":true,"href":"https:\/\/sven-ove.nu\/index.php?rest_route=%2Fwp%2Fv2%2Fcategories&post=14440"},{"taxonomy":"post_tag","embeddable":true,"href":"https:\/\/sven-ove.nu\/index.php?rest_route=%2Fwp%2Fv2%2Ftags&post=14440"}],"curies":[{"name":"wp","href":"https:\/\/api.w.org\/{rel}","templated":true}]}}