{"id":14450,"date":"2016-03-18T03:00:15","date_gmt":"2016-03-18T02:00:15","guid":{"rendered":"http:\/\/sven-ove.nu\/?p=14450"},"modified":"2016-03-18T06:07:49","modified_gmt":"2016-03-18T05:07:49","slug":"14450","status":"publish","type":"post","link":"https:\/\/sven-ove.nu\/?p=14450","title":{"rendered":"Alla uttalanden \u00e4r inte lika mycket v\u00e4rda"},"content":{"rendered":"<p><a href=\"https:\/\/sven-ove.nu\/wp-content\/uploads\/2016\/03\/Sk\u00e4rmavbild-2016-03-17-kl.-10.08.16.jpg\"><img loading=\"lazy\" decoding=\"async\" class=\"size-full wp-image-14454 alignnone\" src=\"https:\/\/sven-ove.nu\/wp-content\/uploads\/2016\/03\/Sk\u00e4rmavbild-2016-03-17-kl.-10.08.16.jpg\" alt=\"Sk\u00e4rmavbild 2016-03-17 kl. 10.08.16\" width=\"538\" height=\"376\" srcset=\"https:\/\/sven-ove.nu\/wp-content\/uploads\/2016\/03\/Sk\u00e4rmavbild-2016-03-17-kl.-10.08.16.jpg 538w, https:\/\/sven-ove.nu\/wp-content\/uploads\/2016\/03\/Sk\u00e4rmavbild-2016-03-17-kl.-10.08.16-300x210.jpg 300w\" sizes=\"auto, (max-width: 538px) 100vw, 538px\" \/><\/a><\/p>\n<blockquote><p>Vad \u00e4r det med gamla k\u00e4rringars hj\u00e4rnor? skriver en person i en facebookgrupp jag tycker om. Dom fryser till is, skriver hon.<\/p><\/blockquote>\n<p>Allt tycker jag sannerligen inte om.<\/p>\n<p>Ty s\u00e5 l\u00e5ngt har det g\u00e5tt med det offentliga samtalet, att en och annan som k\u00e4mpar f\u00f6r alla m\u00e4nniskors lika v\u00e4rde ocks\u00e5 b\u00f6rjar trilla dit. De b\u00f6rjar anv\u00e4nda v\u00e5ra motst\u00e5ndares ton, samma f\u00f6rf\u00e4rliga ton, som om m\u00e4nniskosynen vore den samma.<\/p>\n<p>Citaten \u00e4r kommentarer till ett uttalande fr\u00e5n\u00a0<span style=\"color: #3366ff;\"><a style=\"color: #3366ff;\" href=\"http:\/\/www.aftonbladet.se\/senastenytt\/ttnyheter\/inrikes\/article22464149.ab\" target=\"_blank\">SD-kvinnan<\/a><\/span>\u00a0p\u00e5 bilden ovan. Det \u00e4r allts\u00e5 inte hon som skriver, det \u00e4r folk\u00a0som \u00e4r <strong>emot<\/strong> hennes h\u00e5rda syn\u00a0p\u00e5 andra m\u00e4nniskor som l\u00e5ter sig provoceras:<\/p>\n<p style=\"padding-left: 30px;\"><em>Galning. Sjuka j\u00e4vel. Idiot k\u00e4rring. Hon \u00e4r st\u00f6rd. Psykopat. Hon verkar beh\u00f6va en gyttjemask i fejan. Ormansikte. En stackars surk\u00e4rring, ansiktet s\u00e4ger allt. Den ruggugglan hade nog v\u00e4ldigt ont, v\u00e4ldigt ofta som barn. Pack. Hon m\u00e5ste vara l\u00e5gbeg\u00e5vad.<\/em><\/p>\n<p>S\u00e5 tycker vissa av de mina att politiskt samtal ska f\u00f6ras.<\/p>\n<p>Jag suckar, tar ett djupt andetag och k\u00e4mpar vidare. Alla m\u00e4nniskor \u00e4r lika mycket v\u00e4rda. Alla uttalanden \u00e4r inte det, ens bland m\u00e4nskov\u00e4nner.<\/p>\n<p style=\"padding-left: 30px;\">*<\/p>\n<p>N\u00e4r vi var barn sa vi s\u00e5h\u00e4r:<br \/>\nDen som n\u00e4mnde&#8217;t han kl\u00e4mde&#8217;t.<br \/>\nDen som sa&#8217;t han va&#8217;t.<\/p>\n","protected":false},"excerpt":{"rendered":"<p>Vad \u00e4r det med gamla k\u00e4rringars hj\u00e4rnor? skriver en person i en facebookgrupp jag tycker om. Dom fryser till is, skriver hon. Allt tycker jag sannerligen inte om. Ty s\u00e5 l\u00e5ngt har det g\u00e5tt med det offentliga samtalet, att en och annan som k\u00e4mpar f\u00f6r alla m\u00e4nniskors lika v\u00e4rde ocks\u00e5 b\u00f6rjar trilla dit. De b\u00f6rjar &hellip; <a href=\"https:\/\/sven-ove.nu\/?p=14450\" class=\"more-link\">Forts\u00e4tt l\u00e4sa <span class=\"screen-reader-text\">Alla uttalanden \u00e4r inte lika mycket v\u00e4rda<\/span><\/a><\/p>\n","protected":false},"author":1,"featured_media":0,"comment_status":"open","ping_status":"open","sticky":false,"template":"","format":"standard","meta":{"_crdt_document":"","_monsterinsights_skip_tracking":false,"_monsterinsights_sitenote_active":false,"_monsterinsights_sitenote_note":"","_monsterinsights_sitenote_category":0,"footnotes":""},"categories":[4],"tags":[16],"class_list":["post-14450","post","type-post","status-publish","format-standard","hentry","category-skrivande","tag-dumheter"],"_links":{"self":[{"href":"https:\/\/sven-ove.nu\/index.php?rest_route=\/wp\/v2\/posts\/14450","targetHints":{"allow":["GET"]}}],"collection":[{"href":"https:\/\/sven-ove.nu\/index.php?rest_route=\/wp\/v2\/posts"}],"about":[{"href":"https:\/\/sven-ove.nu\/index.php?rest_route=\/wp\/v2\/types\/post"}],"author":[{"embeddable":true,"href":"https:\/\/sven-ove.nu\/index.php?rest_route=\/wp\/v2\/users\/1"}],"replies":[{"embeddable":true,"href":"https:\/\/sven-ove.nu\/index.php?rest_route=%2Fwp%2Fv2%2Fcomments&post=14450"}],"version-history":[{"count":25,"href":"https:\/\/sven-ove.nu\/index.php?rest_route=\/wp\/v2\/posts\/14450\/revisions"}],"predecessor-version":[{"id":14481,"href":"https:\/\/sven-ove.nu\/index.php?rest_route=\/wp\/v2\/posts\/14450\/revisions\/14481"}],"wp:attachment":[{"href":"https:\/\/sven-ove.nu\/index.php?rest_route=%2Fwp%2Fv2%2Fmedia&parent=14450"}],"wp:term":[{"taxonomy":"category","embeddable":true,"href":"https:\/\/sven-ove.nu\/index.php?rest_route=%2Fwp%2Fv2%2Fcategories&post=14450"},{"taxonomy":"post_tag","embeddable":true,"href":"https:\/\/sven-ove.nu\/index.php?rest_route=%2Fwp%2Fv2%2Ftags&post=14450"}],"curies":[{"name":"wp","href":"https:\/\/api.w.org\/{rel}","templated":true}]}}