{"id":14466,"date":"2016-03-23T03:00:36","date_gmt":"2016-03-23T02:00:36","guid":{"rendered":"http:\/\/sven-ove.nu\/?p=14466"},"modified":"2016-03-20T13:25:45","modified_gmt":"2016-03-20T12:25:45","slug":"ren-matematik","status":"publish","type":"post","link":"https:\/\/sven-ove.nu\/?p=14466","title":{"rendered":"Ren matematik"},"content":{"rendered":"<p><a href=\"https:\/\/www.instagram.com\/p\/BB4QmE5KX27\/?taken-by=svenoves\" target=\"_blank\"><img loading=\"lazy\" decoding=\"async\" class=\"size-full wp-image-14468 alignnone\" src=\"https:\/\/sven-ove.nu\/wp-content\/uploads\/2016\/03\/Damm.001.jpg\" alt=\"Damm.001\" width=\"686\" height=\"664\" srcset=\"https:\/\/sven-ove.nu\/wp-content\/uploads\/2016\/03\/Damm.001.jpg 686w, https:\/\/sven-ove.nu\/wp-content\/uploads\/2016\/03\/Damm.001-300x290.jpg 300w\" sizes=\"auto, (max-width: 686px) 100vw, 686px\" \/><\/a><\/p>\n<p>Min matematiska forskning g\u00e5r vidare. Nu visar det sig att det tar precis ett dygn och drygt en kvart att dammsuga \u00f6verv\u00e5ningen i ett normalstort mellansvenskt hem. Ett dygn att fundera p\u00e5 saken och drygt en kvart att g\u00f6ra det.<\/p>\n<p>Exakt.<\/p>\n<p>Pilen \u00e4r en fotnot.<\/p>\n","protected":false},"excerpt":{"rendered":"<p>Min matematiska forskning g\u00e5r vidare. Nu visar det sig att det tar precis ett dygn och drygt en kvart att dammsuga \u00f6verv\u00e5ningen i ett normalstort mellansvenskt hem. Ett dygn att fundera p\u00e5 saken och drygt en kvart att g\u00f6ra det. Exakt. Pilen \u00e4r en fotnot.<\/p>\n","protected":false},"author":1,"featured_media":0,"comment_status":"open","ping_status":"open","sticky":false,"template":"","format":"standard","meta":{"_crdt_document":"","_monsterinsights_skip_tracking":false,"_monsterinsights_sitenote_active":false,"_monsterinsights_sitenote_note":"","_monsterinsights_sitenote_category":0,"footnotes":""},"categories":[10],"tags":[3,18,13],"class_list":["post-14466","post","type-post","status-publish","format-standard","hentry","category-familjen","tag-arbete","tag-lardomar","tag-utrustning"],"_links":{"self":[{"href":"https:\/\/sven-ove.nu\/index.php?rest_route=\/wp\/v2\/posts\/14466","targetHints":{"allow":["GET"]}}],"collection":[{"href":"https:\/\/sven-ove.nu\/index.php?rest_route=\/wp\/v2\/posts"}],"about":[{"href":"https:\/\/sven-ove.nu\/index.php?rest_route=\/wp\/v2\/types\/post"}],"author":[{"embeddable":true,"href":"https:\/\/sven-ove.nu\/index.php?rest_route=\/wp\/v2\/users\/1"}],"replies":[{"embeddable":true,"href":"https:\/\/sven-ove.nu\/index.php?rest_route=%2Fwp%2Fv2%2Fcomments&post=14466"}],"version-history":[{"count":5,"href":"https:\/\/sven-ove.nu\/index.php?rest_route=\/wp\/v2\/posts\/14466\/revisions"}],"predecessor-version":[{"id":14485,"href":"https:\/\/sven-ove.nu\/index.php?rest_route=\/wp\/v2\/posts\/14466\/revisions\/14485"}],"wp:attachment":[{"href":"https:\/\/sven-ove.nu\/index.php?rest_route=%2Fwp%2Fv2%2Fmedia&parent=14466"}],"wp:term":[{"taxonomy":"category","embeddable":true,"href":"https:\/\/sven-ove.nu\/index.php?rest_route=%2Fwp%2Fv2%2Fcategories&post=14466"},{"taxonomy":"post_tag","embeddable":true,"href":"https:\/\/sven-ove.nu\/index.php?rest_route=%2Fwp%2Fv2%2Ftags&post=14466"}],"curies":[{"name":"wp","href":"https:\/\/api.w.org\/{rel}","templated":true}]}}