{"id":14548,"date":"2016-03-31T03:00:28","date_gmt":"2016-03-31T02:00:28","guid":{"rendered":"http:\/\/sven-ove.nu\/?p=14548"},"modified":"2016-03-27T13:26:55","modified_gmt":"2016-03-27T12:26:55","slug":"gissa-varfor-cheferna-och-favoriterna-slipper","status":"publish","type":"post","link":"https:\/\/sven-ove.nu\/?p=14548","title":{"rendered":"Gissa varf\u00f6r cheferna och favoriterna slipper"},"content":{"rendered":"<p><a href=\"https:\/\/sven-ove.nu\/wp-content\/uploads\/2016\/03\/Dislike.jpg\"><img loading=\"lazy\" decoding=\"async\" class=\"size-large wp-image-14552 alignnone\" src=\"https:\/\/sven-ove.nu\/wp-content\/uploads\/2016\/03\/Dislike-993x1024.jpg\" alt=\"Dislike\" width=\"660\" height=\"681\" srcset=\"https:\/\/sven-ove.nu\/wp-content\/uploads\/2016\/03\/Dislike-993x1024.jpg 993w, https:\/\/sven-ove.nu\/wp-content\/uploads\/2016\/03\/Dislike-291x300.jpg 291w, https:\/\/sven-ove.nu\/wp-content\/uploads\/2016\/03\/Dislike.jpg 1522w\" sizes=\"auto, (max-width: 660px) 100vw, 660px\" \/><\/a><\/p>\n<p>F\u00f6rdelen med kontorslandskap \u00e4r andra halvan av ordet. Du har vidstr\u00e4ckt utsikt, det \u00e4r ett himla liv \u00f6verallt och du h\u00f6r intressanta biologiska ljud. Det \u00e4r d\u00e4rf\u00f6r det kallas landskap. N\u00e5got kontor \u00e4r det inte, f\u00f6r p\u00e5 riktiga kontor f\u00e5r du n\u00e5got gjort.<\/p>\n<p style=\"padding-left: 30px;\"><strong>Den som av besparingssk\u00e4l inf\u00f6r kontorslandskap brukar s\u00e4llan sj\u00e4lv s\u00e4tta sig d\u00e4ri.<\/strong> <em>(Gammalt djungelordspr\u00e5k).<\/em><\/p>\n<p style=\"padding-left: 30px;\"><strong>Det \u00e4r inte besparing, allt som kallas s\u00e5.<\/strong> <em>(\u00c4nnu \u00e4ldre djungelordspr\u00e5k).<\/em><\/p>\n<p style=\"padding-left: 30px;\"><strong>M\u00e5ngen f\u00f6retagsledning f\u00f6rst\u00e5r sig b\u00e4ttre p\u00e5 lokalers yta \u00e4n p\u00e5 m\u00e4nniskors inre.<\/strong> <em>(F\u00e4rskt djungelordspr\u00e5k).<\/em><\/p>\n<p>Jag har jobbat t\u00e4tt p\u00e5 kontor p\u00e5 SOS-centralen. D\u00e4r var det perfekt. Vi satt med armb\u00e5gs lucka bredvid varandra. D\u00e4r men bara d\u00e4r var detta klokt. D\u00e5 kunde vi snabbt hj\u00e4lpa varandra n\u00e4r det beh\u00f6vdes.<\/p>\n<p><em><span style=\"color: #0000ff;\"><strong>###<\/strong><\/span> P\u00e5 vanliga kontor \u00e4r <span style=\"color: #ff0000;\"><a style=\"color: #ff0000;\" href=\"http:\/\/www.arbetarskydd.se\/nyheter\/halsa_ledarskap\/halsa\/article99507.ece\">nackdelarna<\/a><\/span>\u00a0med kontorslandskap st\u00f6rre \u00e4n f\u00f6rdelarna.<br \/>\n<\/em><em><strong><span style=\"color: #0000ff;\">###<\/span><\/strong> Du blir mer stressad, oftare <span style=\"color: #ff0000;\"><a style=\"color: #ff0000;\" href=\"http:\/\/www.duochjobbet.se\/halsa\/vi-mar-samst-i-oppna-landskap\/\">sjuk<\/a><\/span> och mindre <span style=\"color: #ff0000;\"><a style=\"color: #ff0000;\" href=\"http:\/\/www.fokus.se\/2013\/06\/vi-trivs-samst-i-oppna-landskap\/\">effektiv<\/a><\/span>. Det finns det siffror p\u00e5.<br \/>\n<\/em><em><span style=\"color: #0000ff;\"><strong>###<\/strong><\/span> Ber\u00e4ttade jag att chefer och favoriter alltid slipper kontorslandskapet? Fundera \u00f6ver varf\u00f6r.<\/em><\/p>\n","protected":false},"excerpt":{"rendered":"<p>F\u00f6rdelen med kontorslandskap \u00e4r andra halvan av ordet. Du har vidstr\u00e4ckt utsikt, det \u00e4r ett himla liv \u00f6verallt och du h\u00f6r intressanta biologiska ljud. Det \u00e4r d\u00e4rf\u00f6r det kallas landskap. N\u00e5got kontor \u00e4r det inte, f\u00f6r p\u00e5 riktiga kontor f\u00e5r du n\u00e5got gjort. Den som av besparingssk\u00e4l inf\u00f6r kontorslandskap brukar s\u00e4llan sj\u00e4lv s\u00e4tta sig d\u00e4ri. &hellip; <a href=\"https:\/\/sven-ove.nu\/?p=14548\" class=\"more-link\">Forts\u00e4tt l\u00e4sa <span class=\"screen-reader-text\">Gissa varf\u00f6r cheferna och favoriterna slipper<\/span><\/a><\/p>\n","protected":false},"author":1,"featured_media":0,"comment_status":"open","ping_status":"open","sticky":false,"template":"","format":"standard","meta":{"_crdt_document":"","_monsterinsights_skip_tracking":false,"_monsterinsights_sitenote_active":false,"_monsterinsights_sitenote_note":"","_monsterinsights_sitenote_category":0,"footnotes":""},"categories":[6],"tags":[3,16,18,20,13],"class_list":["post-14548","post","type-post","status-publish","format-standard","hentry","category-natur","tag-arbete","tag-dumheter","tag-lardomar","tag-rad","tag-utrustning"],"_links":{"self":[{"href":"https:\/\/sven-ove.nu\/index.php?rest_route=\/wp\/v2\/posts\/14548","targetHints":{"allow":["GET"]}}],"collection":[{"href":"https:\/\/sven-ove.nu\/index.php?rest_route=\/wp\/v2\/posts"}],"about":[{"href":"https:\/\/sven-ove.nu\/index.php?rest_route=\/wp\/v2\/types\/post"}],"author":[{"embeddable":true,"href":"https:\/\/sven-ove.nu\/index.php?rest_route=\/wp\/v2\/users\/1"}],"replies":[{"embeddable":true,"href":"https:\/\/sven-ove.nu\/index.php?rest_route=%2Fwp%2Fv2%2Fcomments&post=14548"}],"version-history":[{"count":8,"href":"https:\/\/sven-ove.nu\/index.php?rest_route=\/wp\/v2\/posts\/14548\/revisions"}],"predecessor-version":[{"id":14557,"href":"https:\/\/sven-ove.nu\/index.php?rest_route=\/wp\/v2\/posts\/14548\/revisions\/14557"}],"wp:attachment":[{"href":"https:\/\/sven-ove.nu\/index.php?rest_route=%2Fwp%2Fv2%2Fmedia&parent=14548"}],"wp:term":[{"taxonomy":"category","embeddable":true,"href":"https:\/\/sven-ove.nu\/index.php?rest_route=%2Fwp%2Fv2%2Fcategories&post=14548"},{"taxonomy":"post_tag","embeddable":true,"href":"https:\/\/sven-ove.nu\/index.php?rest_route=%2Fwp%2Fv2%2Ftags&post=14548"}],"curies":[{"name":"wp","href":"https:\/\/api.w.org\/{rel}","templated":true}]}}