{"id":14580,"date":"2016-04-08T03:00:52","date_gmt":"2016-04-08T02:00:52","guid":{"rendered":"http:\/\/sven-ove.nu\/?p=14580"},"modified":"2016-04-01T14:17:19","modified_gmt":"2016-04-01T13:17:19","slug":"tre-ting-larde-vi-ut","status":"publish","type":"post","link":"https:\/\/sven-ove.nu\/?p=14580","title":{"rendered":"Tre ting l\u00e4rde vi ut"},"content":{"rendered":"<p><a href=\"https:\/\/sven-ove.nu\/wp-content\/uploads\/2016\/04\/Himmel.jpg\"><img loading=\"lazy\" decoding=\"async\" class=\"alignright size-large wp-image-14583\" src=\"https:\/\/sven-ove.nu\/wp-content\/uploads\/2016\/04\/Himmel-1024x768.jpg\" alt=\"Himmel\" width=\"660\" height=\"495\" srcset=\"https:\/\/sven-ove.nu\/wp-content\/uploads\/2016\/04\/Himmel-1024x768.jpg 1024w, https:\/\/sven-ove.nu\/wp-content\/uploads\/2016\/04\/Himmel-300x225.jpg 300w, https:\/\/sven-ove.nu\/wp-content\/uploads\/2016\/04\/Himmel.jpg 1632w\" sizes=\"auto, (max-width: 660px) 100vw, 660px\" \/><\/a><\/p>\n<p style=\"padding-left: 30px;\">Inte kommer jag till n\u00e5gon himmel<br \/>\nJag tror inte p\u00e5 n\u00e5gon himmel<br \/>\noch d\u00e5 finns den inte<\/p>\n<p style=\"padding-left: 30px;\">Inte f\u00e5r jag tala med n\u00e5gon Sankte Per<br \/>\nJag tror inte p\u00e5 n\u00e5gon Sankte Per<br \/>\noch d\u00e5 finns han inte<\/p>\n<p style=\"padding-left: 30px;\">Men om han likafullt har lurat mig och finns<br \/>\noch tror p\u00e5 mig<br \/>\noch st\u00e4ller fr\u00e5gan vid sin p\u00e4rleport<br \/>\nvad jag har varit bra f\u00f6r i mitt liv?<\/p>\n<p style=\"padding-left: 30px;\">D\u00e5 ska jag svara:<br \/>\n&#8211; Vi l\u00e4rde v\u00e5ra barn spr\u00e5k och skratt och solidaritet.<\/p>\n","protected":false},"excerpt":{"rendered":"<p>Inte kommer jag till n\u00e5gon himmel Jag tror inte p\u00e5 n\u00e5gon himmel och d\u00e5 finns den inte Inte f\u00e5r jag tala med n\u00e5gon Sankte Per Jag tror inte p\u00e5 n\u00e5gon Sankte Per och d\u00e5 finns han inte Men om han likafullt har lurat mig och finns och tror p\u00e5 mig och st\u00e4ller fr\u00e5gan vid sin &hellip; <a href=\"https:\/\/sven-ove.nu\/?p=14580\" class=\"more-link\">Forts\u00e4tt l\u00e4sa <span class=\"screen-reader-text\">Tre ting l\u00e4rde vi ut<\/span><\/a><\/p>\n","protected":false},"author":1,"featured_media":0,"comment_status":"open","ping_status":"open","sticky":false,"template":"","format":"standard","meta":{"_crdt_document":"","_monsterinsights_skip_tracking":false,"_monsterinsights_sitenote_active":false,"_monsterinsights_sitenote_note":"","_monsterinsights_sitenote_category":0,"footnotes":""},"categories":[10],"tags":[24,17],"class_list":["post-14580","post","type-post","status-publish","format-standard","hentry","category-familjen","tag-karlek","tag-solidaritet"],"_links":{"self":[{"href":"https:\/\/sven-ove.nu\/index.php?rest_route=\/wp\/v2\/posts\/14580","targetHints":{"allow":["GET"]}}],"collection":[{"href":"https:\/\/sven-ove.nu\/index.php?rest_route=\/wp\/v2\/posts"}],"about":[{"href":"https:\/\/sven-ove.nu\/index.php?rest_route=\/wp\/v2\/types\/post"}],"author":[{"embeddable":true,"href":"https:\/\/sven-ove.nu\/index.php?rest_route=\/wp\/v2\/users\/1"}],"replies":[{"embeddable":true,"href":"https:\/\/sven-ove.nu\/index.php?rest_route=%2Fwp%2Fv2%2Fcomments&post=14580"}],"version-history":[{"count":5,"href":"https:\/\/sven-ove.nu\/index.php?rest_route=\/wp\/v2\/posts\/14580\/revisions"}],"predecessor-version":[{"id":14586,"href":"https:\/\/sven-ove.nu\/index.php?rest_route=\/wp\/v2\/posts\/14580\/revisions\/14586"}],"wp:attachment":[{"href":"https:\/\/sven-ove.nu\/index.php?rest_route=%2Fwp%2Fv2%2Fmedia&parent=14580"}],"wp:term":[{"taxonomy":"category","embeddable":true,"href":"https:\/\/sven-ove.nu\/index.php?rest_route=%2Fwp%2Fv2%2Fcategories&post=14580"},{"taxonomy":"post_tag","embeddable":true,"href":"https:\/\/sven-ove.nu\/index.php?rest_route=%2Fwp%2Fv2%2Ftags&post=14580"}],"curies":[{"name":"wp","href":"https:\/\/api.w.org\/{rel}","templated":true}]}}