{"id":14587,"date":"2016-04-11T03:00:42","date_gmt":"2016-04-11T02:00:42","guid":{"rendered":"http:\/\/sven-ove.nu\/?p=14587"},"modified":"2016-04-02T17:12:21","modified_gmt":"2016-04-02T16:12:21","slug":"14587","status":"publish","type":"post","link":"https:\/\/sven-ove.nu\/?p=14587","title":{"rendered":"Pedantens kompis m\u00e4nniskov\u00e4nnen"},"content":{"rendered":"<p><a href=\"https:\/\/sven-ove.nu\/wp-content\/uploads\/2016\/04\/B\u00f4s.jpg\"><img loading=\"lazy\" decoding=\"async\" class=\"size-large wp-image-14591 alignnone\" src=\"https:\/\/sven-ove.nu\/wp-content\/uploads\/2016\/04\/B\u00f4s-1024x768.jpg\" alt=\"B\u00f4s\" width=\"660\" height=\"495\" srcset=\"https:\/\/sven-ove.nu\/wp-content\/uploads\/2016\/04\/B\u00f4s-1024x768.jpg 1024w, https:\/\/sven-ove.nu\/wp-content\/uploads\/2016\/04\/B\u00f4s-300x225.jpg 300w, https:\/\/sven-ove.nu\/wp-content\/uploads\/2016\/04\/B\u00f4s.jpg 1632w\" sizes=\"auto, (max-width: 660px) 100vw, 660px\" \/><\/a><\/p>\n<blockquote><p>En g\u00e5ng k\u00e4nde jag en ung man som avskydde det v\u00e4rml\u00e4ndska ordet <em>b\u00f4s<\/em>. Det betyder skr\u00e4p, om man \u00f6vers\u00e4tter det, men det var dialekten i sig han ogillade. H\u00e5ret krullade sig i nacken p\u00e5 honom var g\u00e5ng vi sa det. Vi provade m\u00e5nga g\u00e5nger, det fungerade hela tiden. B\u00f4s: krull.<\/p><\/blockquote>\n<p>Den senaste tiden har jag funderat \u00f6ver mitt eget f\u00f6rh\u00e5llande till b\u00f4set i v\u00e4rlden. Inte buset allts\u00e5, utan b\u00f4set, det skr\u00e4piga, fumliga och avvikande.<\/p>\n<p>Visst, jag har en pedant inom mig. P\u00e5 jobbet v\u00e4nde \u00f6rat p\u00e5 varenda kaffekopp \u00e5t samma h\u00e5ll i sk\u00e5pet, n\u00e4r diskplockningen l\u00e5g p\u00e5 mig. H\u00e4r hemma \u00e4gnar jag m\u00e5ngen ledig stund \u00e5t att plocka och l\u00e4gga r\u00e4tt.<\/p>\n<p>Nu \u00e4r det bara s\u00e5 att pedanten har en kompis. M\u00e4nniskov\u00e4nnen. Han som anser att humanismen b\u00f6rjar med uslingarna. Det \u00e4r inte v\u00e5r behandling av de v\u00e4lartade som visar vilket samh\u00e4lle vi lever i. Det \u00e4r hur vi behandlar de besv\u00e4rliga.<\/p>\n<p>S\u00e5 bed\u00f6mer han \u00e4ven folk.<\/p>\n<p><strong>En chans till<br \/>\n<\/strong>P\u00e5 fritiden \u00e4r jag med och administrerar en facebookgrupp. Den b\u00f6rjar bli stor, \u00e4mnet v\u00e4cker starkt engagemang och vi beh\u00f6ver regler ifall gruppens diskussioner ska fungera. S\u00e5 fort n\u00e5gon vildhj\u00e4rna bryter mot de enkla reglerna, gissa vem som raskt vill f\u00f6rsvara syndaren och ge honom en chans till? Den h\u00e4r karln f\u00f6rst\u00e5s.<\/p>\n<p>Ibland f\u00e5r jag som jag vill. Vad hj\u00e4lper det? R\u00e4tt ofta g\u00e5r det h\u00f6gst en dag innan b\u00f4set blir till bus och vildhj\u00e4rnan vr\u00e5lbryter mot v\u00e5ra regler igen.<\/p>\n<p>D\u00e5 blir pedanten i mig ilsk.<br \/>\nMedm\u00e4nniskan i mig bara ler generat. Han l\u00e4r sig aldrig.<br \/>\nHan vill inte l\u00e4ra sig.<\/p>\n<p><span style=\"color: #ff0000;\"><strong><em>###<\/em><\/strong><\/span><em> Pedanten: \u201dBara en s\u00e5n sak som att leta fram en vinterbild nu, l\u00e5ngt in i april.\u201d<br \/>\n<\/em><span style=\"color: #ff0000;\"><strong><em>###<\/em><\/strong><\/span><em> Pedanten: \u201dEn b\u00f4sig bild ocks\u00e5.\u201d<br \/>\n<\/em><strong><em><span style=\"color: #ff0000;\">##<\/span><span style=\"color: #00ff00;\">#<\/span><\/em><\/strong><em> Medm\u00e4nniskan: l\u00e4gger ut b\u00f4sbilden. Stolt. <\/em><\/p>\n","protected":false},"excerpt":{"rendered":"<p>En g\u00e5ng k\u00e4nde jag en ung man som avskydde det v\u00e4rml\u00e4ndska ordet b\u00f4s. Det betyder skr\u00e4p, om man \u00f6vers\u00e4tter det, men det var dialekten i sig han ogillade. H\u00e5ret krullade sig i nacken p\u00e5 honom var g\u00e5ng vi sa det. Vi provade m\u00e5nga g\u00e5nger, det fungerade hela tiden. B\u00f4s: krull. Den senaste tiden har jag &hellip; <a href=\"https:\/\/sven-ove.nu\/?p=14587\" class=\"more-link\">Forts\u00e4tt l\u00e4sa <span class=\"screen-reader-text\">Pedantens kompis m\u00e4nniskov\u00e4nnen<\/span><\/a><\/p>\n","protected":false},"author":1,"featured_media":0,"comment_status":"open","ping_status":"open","sticky":false,"template":"","format":"standard","meta":{"_crdt_document":"","_monsterinsights_skip_tracking":false,"_monsterinsights_sitenote_active":false,"_monsterinsights_sitenote_note":"","_monsterinsights_sitenote_category":0,"footnotes":""},"categories":[10,9],"tags":[24,17],"class_list":["post-14587","post","type-post","status-publish","format-standard","hentry","category-familjen","category-politik","tag-karlek","tag-solidaritet"],"_links":{"self":[{"href":"https:\/\/sven-ove.nu\/index.php?rest_route=\/wp\/v2\/posts\/14587","targetHints":{"allow":["GET"]}}],"collection":[{"href":"https:\/\/sven-ove.nu\/index.php?rest_route=\/wp\/v2\/posts"}],"about":[{"href":"https:\/\/sven-ove.nu\/index.php?rest_route=\/wp\/v2\/types\/post"}],"author":[{"embeddable":true,"href":"https:\/\/sven-ove.nu\/index.php?rest_route=\/wp\/v2\/users\/1"}],"replies":[{"embeddable":true,"href":"https:\/\/sven-ove.nu\/index.php?rest_route=%2Fwp%2Fv2%2Fcomments&post=14587"}],"version-history":[{"count":5,"href":"https:\/\/sven-ove.nu\/index.php?rest_route=\/wp\/v2\/posts\/14587\/revisions"}],"predecessor-version":[{"id":14593,"href":"https:\/\/sven-ove.nu\/index.php?rest_route=\/wp\/v2\/posts\/14587\/revisions\/14593"}],"wp:attachment":[{"href":"https:\/\/sven-ove.nu\/index.php?rest_route=%2Fwp%2Fv2%2Fmedia&parent=14587"}],"wp:term":[{"taxonomy":"category","embeddable":true,"href":"https:\/\/sven-ove.nu\/index.php?rest_route=%2Fwp%2Fv2%2Fcategories&post=14587"},{"taxonomy":"post_tag","embeddable":true,"href":"https:\/\/sven-ove.nu\/index.php?rest_route=%2Fwp%2Fv2%2Ftags&post=14587"}],"curies":[{"name":"wp","href":"https:\/\/api.w.org\/{rel}","templated":true}]}}