{"id":14594,"date":"2016-04-20T03:00:23","date_gmt":"2016-04-20T02:00:23","guid":{"rendered":"http:\/\/sven-ove.nu\/?p=14594"},"modified":"2016-04-03T09:15:08","modified_gmt":"2016-04-03T08:15:08","slug":"14594","status":"publish","type":"post","link":"https:\/\/sven-ove.nu\/?p=14594","title":{"rendered":"Mycket dumt sa du, men du fick"},"content":{"rendered":"<h2><a href=\"https:\/\/sven-ove.nu\/wp-content\/uploads\/2016\/04\/Figurer.jpg\"><img loading=\"lazy\" decoding=\"async\" class=\"size-large wp-image-14597 alignnone\" src=\"https:\/\/sven-ove.nu\/wp-content\/uploads\/2016\/04\/Figurer-732x1024.jpg\" alt=\"Figurer\" width=\"660\" height=\"923\" srcset=\"https:\/\/sven-ove.nu\/wp-content\/uploads\/2016\/04\/Figurer-732x1024.jpg 732w, https:\/\/sven-ove.nu\/wp-content\/uploads\/2016\/04\/Figurer-214x300.jpg 214w, https:\/\/sven-ove.nu\/wp-content\/uploads\/2016\/04\/Figurer.jpg 1166w\" sizes=\"auto, (max-width: 660px) 100vw, 660px\" \/><\/a><\/h2>\n<h2><strong>Folk<\/strong><\/h2>\n<p>Folk \u00e4r fina och bra, det \u00e4r en del personer jag inte t\u00e5l.<\/p>\n<h2><strong>Personer<\/strong><\/h2>\n<p>Personer som s\u00e4ger \u201dDet f\u00e5r man inte s\u00e4ga i det h\u00e4r landet\u201d har d\u00e5lig h\u00f6rsel.<\/p>\n<p>Vi andra h\u00f6r att det h\u00f6rs. Du sa\u2019t ju nyss. Du h\u00f6rs. Du fick. Mycket dumt sa du, men du fick.<\/p>\n<p>Personer som kallar andra f\u00f6r PK har god sj\u00e4lvinsikt. Innerst inne vet de att deras egna id\u00e9er inte \u00e4r helt korrekta. Deras st\u00e4mpel v\u00e4nder in\u00e5t.<\/p>\n<p>Personer som pratar om \u00e5siktskorridorer har skapat dem sj\u00e4lva genom att st\u00e4nga d\u00f6rrarna efter sig.<\/p>\n<p><em><span style=\"color: #ff9900;\">###<\/span> Den h\u00e4r <\/em><em>v\u00e5ren<\/em><em> \u00e4r jag ofta ute och g\u00e5r med kikare och \u00f6ron beredda.<br \/>\n<\/em><em><span style=\"color: #ff9900;\">###<\/span> En som h\u00f6rs kallas dry-f\u00e5geln: &#8221;tidiga v\u00e5rdagar h\u00f6r man ofta f\u00e5glarnas lockl\u00e4ten fr\u00e5n tr\u00e4den: &#8217;drschyrs'&#8221;.<br \/>\n<\/em><em><span style=\"color: #ff9900;\">###<\/span> Dry &#8211; \u00e4r det inte en till som s\u00e4ger s\u00e5?<\/em><\/p>\n<p><em>\u00a0<\/em><\/p>\n","protected":false},"excerpt":{"rendered":"<p>Folk Folk \u00e4r fina och bra, det \u00e4r en del personer jag inte t\u00e5l. Personer Personer som s\u00e4ger \u201dDet f\u00e5r man inte s\u00e4ga i det h\u00e4r landet\u201d har d\u00e5lig h\u00f6rsel. Vi andra h\u00f6r att det h\u00f6rs. Du sa\u2019t ju nyss. Du h\u00f6rs. Du fick. Mycket dumt sa du, men du fick. Personer som kallar andra &hellip; <a href=\"https:\/\/sven-ove.nu\/?p=14594\" class=\"more-link\">Forts\u00e4tt l\u00e4sa <span class=\"screen-reader-text\">Mycket dumt sa du, men du fick<\/span><\/a><\/p>\n","protected":false},"author":1,"featured_media":0,"comment_status":"open","ping_status":"open","sticky":false,"template":"","format":"standard","meta":{"_crdt_document":"","_monsterinsights_skip_tracking":false,"_monsterinsights_sitenote_active":false,"_monsterinsights_sitenote_note":"","_monsterinsights_sitenote_category":0,"footnotes":""},"categories":[9],"tags":[18,15],"class_list":["post-14594","post","type-post","status-publish","format-standard","hentry","category-politik","tag-lardomar","tag-mediedjungeln"],"_links":{"self":[{"href":"https:\/\/sven-ove.nu\/index.php?rest_route=\/wp\/v2\/posts\/14594","targetHints":{"allow":["GET"]}}],"collection":[{"href":"https:\/\/sven-ove.nu\/index.php?rest_route=\/wp\/v2\/posts"}],"about":[{"href":"https:\/\/sven-ove.nu\/index.php?rest_route=\/wp\/v2\/types\/post"}],"author":[{"embeddable":true,"href":"https:\/\/sven-ove.nu\/index.php?rest_route=\/wp\/v2\/users\/1"}],"replies":[{"embeddable":true,"href":"https:\/\/sven-ove.nu\/index.php?rest_route=%2Fwp%2Fv2%2Fcomments&post=14594"}],"version-history":[{"count":3,"href":"https:\/\/sven-ove.nu\/index.php?rest_route=\/wp\/v2\/posts\/14594\/revisions"}],"predecessor-version":[{"id":14598,"href":"https:\/\/sven-ove.nu\/index.php?rest_route=\/wp\/v2\/posts\/14594\/revisions\/14598"}],"wp:attachment":[{"href":"https:\/\/sven-ove.nu\/index.php?rest_route=%2Fwp%2Fv2%2Fmedia&parent=14594"}],"wp:term":[{"taxonomy":"category","embeddable":true,"href":"https:\/\/sven-ove.nu\/index.php?rest_route=%2Fwp%2Fv2%2Fcategories&post=14594"},{"taxonomy":"post_tag","embeddable":true,"href":"https:\/\/sven-ove.nu\/index.php?rest_route=%2Fwp%2Fv2%2Ftags&post=14594"}],"curies":[{"name":"wp","href":"https:\/\/api.w.org\/{rel}","templated":true}]}}