{"id":14599,"date":"2016-04-15T03:00:06","date_gmt":"2016-04-15T02:00:06","guid":{"rendered":"http:\/\/sven-ove.nu\/?p=14599"},"modified":"2016-04-02T17:27:58","modified_gmt":"2016-04-02T16:27:58","slug":"14599","status":"publish","type":"post","link":"https:\/\/sven-ove.nu\/?p=14599","title":{"rendered":"Skamligt att ha h\u00e4nderna i fickorna"},"content":{"rendered":"<p><a href=\"https:\/\/sven-ove.nu\/wp-content\/uploads\/2016\/04\/Kl\u00e4dd.jpg\"><img loading=\"lazy\" decoding=\"async\" class=\"size-full wp-image-14603 alignnone\" src=\"https:\/\/sven-ove.nu\/wp-content\/uploads\/2016\/04\/Kl\u00e4dd.jpg\" alt=\"Kl\u00e4dd\" width=\"640\" height=\"480\" srcset=\"https:\/\/sven-ove.nu\/wp-content\/uploads\/2016\/04\/Kl\u00e4dd.jpg 640w, https:\/\/sven-ove.nu\/wp-content\/uploads\/2016\/04\/Kl\u00e4dd-300x225.jpg 300w\" sizes=\"auto, (max-width: 640px) 100vw, 640px\" \/><\/a><\/p>\n<blockquote><p>L\u00e5t oss prata om skammen. Det \u00e4r en finurlig k\u00e4nsla.<\/p><\/blockquote>\n<p>Saken \u00e4r den att jag f\u00f6rs\u00f6kte m\u00e5la upp en \u00f6gonblicksbild ur mitt nya liv f\u00f6r ett tag sedan, p\u00e5 Facebook:<\/p>\n<p style=\"padding-left: 30px;\"><em>I dag har jag gjort det som jag fantiserade om f\u00f6rr om \u00e5ren. Suttit ute i solen mitt p\u00e5 dagen en vanlig torsdag, lyssnat p\u00e5 takdropp och gr\u00f6nfink och l\u00e4st. L\u00e4nge. Utan att sk\u00e4mmas. Trivs.<\/em><\/p>\n<p>En h\u00f6gst ordin\u00e4r uppdatering, \u00e4ven om v\u00e4nliga v\u00e4nner b\u00e5de gillade och kommenterade. Spr\u00e5ket hackar, naturskildringen \u00e4r tunn. Jag \u00e4r visserligen stolt \u00f6ver att nyss ha l\u00e4rt mig hur gr\u00f6nfinken l\u00e5ter om v\u00e5ren, men det syns inte i formuleringen.<\/p>\n<p>Jag kan inte f\u00e5glars l\u00e4ten s\u00e4rskilt bra utan tar dem oftare p\u00e5 utseendet. Helst ska det vara frusna f\u00e5gelbordsf\u00e5glar.<\/p>\n<p><strong>D\u00e4r hade ingen tid att sola<br \/>\n<\/strong>Nej, det som skiljer texten fr\u00e5n andra jag skrivit \u00e4r skammen. Det \u00e4r klart jag suttit i tr\u00e4dg\u00e5rden och solat en vardag f\u00f6rr, men inte i timmar. Bara om det varit semester.<\/p>\n<p>Du kan ta sm\u00e5bondesonen fr\u00e5n sm\u00e5bruket men aldrig sm\u00e5bruket fr\u00e5n sm\u00e5bondesonen. D\u00e4r jag v\u00e4xte upp var det ingen m\u00e4nniska \u00f6ver tio \u00e5rs \u00e5lder som solade l\u00e4nge. P\u00e5 en vanlig vardag? Aldrig i livet. Det fanns f\u00f6r m\u00e5nga verktyg, f\u00f6r m\u00e5nga munnar som ville ha mat i stior, b\u00e5s och stall. F\u00f6r mycket ved som beh\u00f6vde klyvas, staplas eller b\u00e4ras in.<\/p>\n<p>Jag brukar s\u00e4ga att vi var den sista generationen i landet som l\u00e4rde oss sk\u00e4mmas \u00f6ver att g\u00e5 med h\u00e4nderna i fickorna. Det var ett tecken p\u00e5 att du var lat och sysslol\u00f6s.<\/p>\n<p>&#8211; Fryser du om h\u00e4nderna? sa de vuxna. Tog jag sedan inte av mig luvan n\u00e4r jag m\u00f6tte n\u00e5gon utanf\u00f6r familjen kunde det komma ett spydigt:<br \/>\n&#8211; Har du \u00e4gg i m\u00f6ssa\u2019?<\/p>\n<p><strong>Sista g\u00e5ngen jag fikade d\u00e4r<br \/>\n<\/strong>Skam. Det var ena sidan av saken. Skam \u2013 eller \u00e5 andra sidan yrkesstolthet. Har du dessutom haft jobb i offentligheten eller f\u00e5tt din l\u00f6n av skattebetalarna, som jag ofta f\u00e5tt? D\u00e5 sitter du inte och rullar tummarna p\u00e5 brinnande arbetstid n\u00e4r folk ser det. Inte annars heller f\u00f6r den delen.<\/p>\n<p>&#8211; Ska inte du jobba nu? sa servitrisen p\u00e5 caf\u00e9t i den lilla k\u00f6pingen i Sm\u00e5land d\u00e4r jag var lokalredakt\u00f6r. Hon var f\u00e4rsk prenumerant och tyckte jag fikade f\u00f6r l\u00e4nge med Anki p\u00e5 konkurrenttidningen.<\/p>\n<p>Det var sista g\u00e5ngen jag drack kaffe p\u00e5 det konditoriet, men det \u00e4r en annan sak. Jag tycker ju om arbetsmoralen. Varf\u00f6r skulle jag annars skriva det h\u00e4r?<\/p>\n<p>En <u>ska<\/u> g\u00f6re r\u00e4tt f\u00f6r sig. Fryser du \u00f4m h\u00e4nnera?<\/p>\n<p><em><span style=\"color: #008000;\">##<\/span> Tiderna f\u00f6r\u00e4ndras.1960 hade inte ens en folkpension\u00e4r satt sig p\u00e5 en stol i tr\u00e4dg\u00e5rden med Oscar Wilde i n\u00e4ven, mitt p\u00e5 blanka torsdagen. Inte d\u00e4r jag v\u00e4xte upp.<br \/>\n<\/em><em><span style=\"color: #008000;\">##<\/span> Trots att de gamle l\u00e4ste mer \u00e4n jag g\u00f6r nu.<br \/>\n<a href=\"https:\/\/sven-ove.nu\/wp-content\/uploads\/2016\/04\/Farfar.jpg\"><img loading=\"lazy\" decoding=\"async\" class=\"alignright size-thumbnail wp-image-14604\" src=\"https:\/\/sven-ove.nu\/wp-content\/uploads\/2016\/04\/Farfar-150x150.jpg\" alt=\"Farfar\" width=\"150\" height=\"150\" \/><\/a><\/em><em><span style=\"color: #008000;\">##<\/span> Farmor hade s\u00e4kert bakat matbr\u00f6d och stoppat strumpor. Farfar hade g\u00e5tt med lien p\u00e5 n\u00e5gra dikesrenar.<\/em><\/p>\n","protected":false},"excerpt":{"rendered":"<p>L\u00e5t oss prata om skammen. Det \u00e4r en finurlig k\u00e4nsla. Saken \u00e4r den att jag f\u00f6rs\u00f6kte m\u00e5la upp en \u00f6gonblicksbild ur mitt nya liv f\u00f6r ett tag sedan, p\u00e5 Facebook: I dag har jag gjort det som jag fantiserade om f\u00f6rr om \u00e5ren. Suttit ute i solen mitt p\u00e5 dagen en vanlig torsdag, lyssnat p\u00e5 &hellip; <a href=\"https:\/\/sven-ove.nu\/?p=14599\" class=\"more-link\">Forts\u00e4tt l\u00e4sa <span class=\"screen-reader-text\">Skamligt att ha h\u00e4nderna i fickorna<\/span><\/a><\/p>\n","protected":false},"author":1,"featured_media":0,"comment_status":"open","ping_status":"open","sticky":false,"template":"","format":"standard","meta":{"_crdt_document":"","_monsterinsights_skip_tracking":false,"_monsterinsights_sitenote_active":false,"_monsterinsights_sitenote_note":"","_monsterinsights_sitenote_category":0,"footnotes":""},"categories":[10],"tags":[3,8,18],"class_list":["post-14599","post","type-post","status-publish","format-standard","hentry","category-familjen","tag-arbete","tag-historia","tag-lardomar"],"_links":{"self":[{"href":"https:\/\/sven-ove.nu\/index.php?rest_route=\/wp\/v2\/posts\/14599","targetHints":{"allow":["GET"]}}],"collection":[{"href":"https:\/\/sven-ove.nu\/index.php?rest_route=\/wp\/v2\/posts"}],"about":[{"href":"https:\/\/sven-ove.nu\/index.php?rest_route=\/wp\/v2\/types\/post"}],"author":[{"embeddable":true,"href":"https:\/\/sven-ove.nu\/index.php?rest_route=\/wp\/v2\/users\/1"}],"replies":[{"embeddable":true,"href":"https:\/\/sven-ove.nu\/index.php?rest_route=%2Fwp%2Fv2%2Fcomments&post=14599"}],"version-history":[{"count":5,"href":"https:\/\/sven-ove.nu\/index.php?rest_route=\/wp\/v2\/posts\/14599\/revisions"}],"predecessor-version":[{"id":14606,"href":"https:\/\/sven-ove.nu\/index.php?rest_route=\/wp\/v2\/posts\/14599\/revisions\/14606"}],"wp:attachment":[{"href":"https:\/\/sven-ove.nu\/index.php?rest_route=%2Fwp%2Fv2%2Fmedia&parent=14599"}],"wp:term":[{"taxonomy":"category","embeddable":true,"href":"https:\/\/sven-ove.nu\/index.php?rest_route=%2Fwp%2Fv2%2Fcategories&post=14599"},{"taxonomy":"post_tag","embeddable":true,"href":"https:\/\/sven-ove.nu\/index.php?rest_route=%2Fwp%2Fv2%2Ftags&post=14599"}],"curies":[{"name":"wp","href":"https:\/\/api.w.org\/{rel}","templated":true}]}}