{"id":14607,"date":"2016-04-19T03:00:49","date_gmt":"2016-04-19T02:00:49","guid":{"rendered":"http:\/\/sven-ove.nu\/?p=14607"},"modified":"2016-04-03T09:03:41","modified_gmt":"2016-04-03T08:03:41","slug":"14607","status":"publish","type":"post","link":"https:\/\/sven-ove.nu\/?p=14607","title":{"rendered":"Fr\u00e4ck polis lurade reportrar"},"content":{"rendered":"<p><a href=\"https:\/\/sven-ove.nu\/wp-content\/uploads\/2016\/04\/Fr\u00e4ckt-sa-polisen.001.jpg\"><img loading=\"lazy\" decoding=\"async\" class=\"size-full wp-image-14612 alignnone\" src=\"https:\/\/sven-ove.nu\/wp-content\/uploads\/2016\/04\/Fr\u00e4ckt-sa-polisen.001.jpg\" alt=\"Fr\u00e4ckt sa polisen.001\" width=\"694\" height=\"427\" srcset=\"https:\/\/sven-ove.nu\/wp-content\/uploads\/2016\/04\/Fr\u00e4ckt-sa-polisen.001.jpg 694w, https:\/\/sven-ove.nu\/wp-content\/uploads\/2016\/04\/Fr\u00e4ckt-sa-polisen.001-300x185.jpg 300w\" sizes=\"auto, (max-width: 694px) 100vw, 694px\" \/><\/a><\/p>\n<blockquote><p>\u201dKolla aldrig en nyhet, f\u00f6r d\u00e5 spricker den.\u201d Var det inte s\u00e5 vi brukade skoja som unga, n\u00e4r vi ville verka garvade reportrar?<\/p><\/blockquote>\n<p>Nu har jag sj\u00e4lv \u00e5kt dit. L\u00e4s det h\u00e4r gamla inl\u00e4gget f\u00f6rst:<\/p>\n<p style=\"padding-left: 30px;\">Det st\u00f6r mig att det st\u00f6r mig men det \u00e4r en polis i V\u00e4rmland som s\u00e4ger till polisreportrarna att <span style=\"color: #0000ff;\"><a style=\"color: #0000ff;\" href=\"http:\/\/www.vf.se\/nyheter\/karlstad\/frack-stold-av-neonskylt\">vissa<\/a> <a style=\"color: #0000ff;\" href=\"http:\/\/sverigesradio.se\/sida\/artikel.aspx?programid=93&amp;artikel=2576303\">st\u00f6lder<\/a><\/span> \u00e4r <span style=\"color: #0000ff;\"><a style=\"color: #0000ff;\" href=\"http:\/\/www.vf.se\/nyheter\/karlstad\/frack-stold-av-gravmaskin-i-karlstad\">fr\u00e4cka<\/a><\/span> och d\u00e5 <span style=\"color: #0000ff;\"><a style=\"color: #0000ff;\" href=\"http:\/\/www.vf.se\/nyheter\/saffle\/tidning-utsatt-frack-stold\">skriver<\/a><\/span> de det i tidningarna, \u201dEn fr\u00e4ck st\u00f6ld\u201d skriver de om just <span style=\"color: #0000ff;\"><a style=\"color: #0000ff;\" href=\"http:\/\/www.nwt.se\/hagfors\/article1085093.ece\">de<\/a> <a style=\"color: #0000ff;\" href=\"http:\/\/sverigesradio.se\/sida\/artikel.aspx?programid=93&amp;artikel=3049525\">st\u00f6lderna<\/a><\/span>, fast min farmor har sagt att <strong>alla<\/strong> st\u00f6lder <span style=\"color: #0000ff;\"><a style=\"color: #0000ff;\" href=\"http:\/\/www.nwt.se\/kristinehamn\/article1078234.ece\">\u00e4r<\/a> <a style=\"color: #0000ff;\" href=\"http:\/\/www.vf.se\/nyheter\/karlstad\/frack-stold-pa-tandvardsklinik\">fr\u00e4cka<\/a><\/span> och det som st\u00f6r mig \u00e4r att polisreportrarnas tidningar har en <span style=\"color: #0000ff;\"><a style=\"color: #0000ff;\" href=\"http:\/\/nwt.se\/hagfors\/article1085080.ece\">f\u00f6rf\u00e4rlig<\/a> <a style=\"color: #0000ff;\" href=\"http:\/\/www.vf.se\/nyheter\/kristinehamn\/frack-stold-i-bjorneborg\">m\u00e4nniskosyn<\/a><\/span>, i alla fall just d\u00e5 n\u00e4r de tycker att <strong>ibland<\/strong> \u00e4r det inte alls fr\u00e4ckt att ta saker fr\u00e5n folk.<\/p>\n<p style=\"padding-left: 30px;\">Ibland \u00e4r det inte fr\u00e4ckt. Det \u00e4r ju det de skriver.<\/p>\n<p style=\"padding-left: 30px;\">Vissa mornar t\u00e4nker jag att jag ska mejla och be redakt\u00f6rerna prova att byta ut st\u00f6lden mot n\u00e5got annat brott, s\u00e5 kanske de ser sj\u00e4lva. \u201dEn fr\u00e4ck v\u00e5ldt\u00e4kt\u201d. \u201dEn fr\u00e4ck mordbrand\u201d. \u201dEtt fr\u00e4ckt mord\u201d. D\u00e5 syns det, va\u2019?<\/p>\n<p style=\"padding-left: 30px;\">Vi har f\u00f6r m\u00e5nga poliser som journalistl\u00e4rare, ska jag skriva. Sedan ska jag ringa l\u00e4nsjournalistm\u00e4staren och g\u00f6ra en anm\u00e4lan. \u201dMissbruk av tj\u00e4nstevapen\u201d, ska jag kalla det.<\/p>\n<p style=\"padding-left: 30px;\">Fr\u00e4ckt.<\/p>\n<p><em><span style=\"color: #ff6600;\">##<\/span> Den 19 april 2012 publicerade jag inl\u00e4gget ovan. Nu hittade jag det och fick lust att \u00e5teranv\u00e4nda texten.<br \/>\n<\/em><em><span style=\"color: #ff6600;\">##<\/span> Inget har ju \u00e4ndrat sig.<br \/>\n<\/em><em><span style=\"color: #ff6600;\">##<\/span> I sista stund kollade jag. D\u00e5 HADE de \u00e4ndrat sig. Rid\u00e5.<\/em><\/p>\n<p><em>Kamp l\u00f6nar sig.<\/em><\/p>\n","protected":false},"excerpt":{"rendered":"<p>\u201dKolla aldrig en nyhet, f\u00f6r d\u00e5 spricker den.\u201d Var det inte s\u00e5 vi brukade skoja som unga, n\u00e4r vi ville verka garvade reportrar? Nu har jag sj\u00e4lv \u00e5kt dit. L\u00e4s det h\u00e4r gamla inl\u00e4gget f\u00f6rst: Det st\u00f6r mig att det st\u00f6r mig men det \u00e4r en polis i V\u00e4rmland som s\u00e4ger till polisreportrarna att vissa &hellip; <a href=\"https:\/\/sven-ove.nu\/?p=14607\" class=\"more-link\">Forts\u00e4tt l\u00e4sa <span class=\"screen-reader-text\">Fr\u00e4ck polis lurade reportrar<\/span><\/a><\/p>\n","protected":false},"author":1,"featured_media":0,"comment_status":"open","ping_status":"open","sticky":false,"template":"","format":"standard","meta":{"_crdt_document":"","_monsterinsights_skip_tracking":false,"_monsterinsights_sitenote_active":false,"_monsterinsights_sitenote_note":"","_monsterinsights_sitenote_category":0,"footnotes":""},"categories":[4],"tags":[18,15],"class_list":["post-14607","post","type-post","status-publish","format-standard","hentry","category-skrivande","tag-lardomar","tag-mediedjungeln"],"_links":{"self":[{"href":"https:\/\/sven-ove.nu\/index.php?rest_route=\/wp\/v2\/posts\/14607","targetHints":{"allow":["GET"]}}],"collection":[{"href":"https:\/\/sven-ove.nu\/index.php?rest_route=\/wp\/v2\/posts"}],"about":[{"href":"https:\/\/sven-ove.nu\/index.php?rest_route=\/wp\/v2\/types\/post"}],"author":[{"embeddable":true,"href":"https:\/\/sven-ove.nu\/index.php?rest_route=\/wp\/v2\/users\/1"}],"replies":[{"embeddable":true,"href":"https:\/\/sven-ove.nu\/index.php?rest_route=%2Fwp%2Fv2%2Fcomments&post=14607"}],"version-history":[{"count":7,"href":"https:\/\/sven-ove.nu\/index.php?rest_route=\/wp\/v2\/posts\/14607\/revisions"}],"predecessor-version":[{"id":14615,"href":"https:\/\/sven-ove.nu\/index.php?rest_route=\/wp\/v2\/posts\/14607\/revisions\/14615"}],"wp:attachment":[{"href":"https:\/\/sven-ove.nu\/index.php?rest_route=%2Fwp%2Fv2%2Fmedia&parent=14607"}],"wp:term":[{"taxonomy":"category","embeddable":true,"href":"https:\/\/sven-ove.nu\/index.php?rest_route=%2Fwp%2Fv2%2Fcategories&post=14607"},{"taxonomy":"post_tag","embeddable":true,"href":"https:\/\/sven-ove.nu\/index.php?rest_route=%2Fwp%2Fv2%2Ftags&post=14607"}],"curies":[{"name":"wp","href":"https:\/\/api.w.org\/{rel}","templated":true}]}}