{"id":14617,"date":"2016-04-13T03:00:54","date_gmt":"2016-04-13T02:00:54","guid":{"rendered":"http:\/\/sven-ove.nu\/?p=14617"},"modified":"2016-04-03T09:14:38","modified_gmt":"2016-04-03T08:14:38","slug":"14617","status":"publish","type":"post","link":"https:\/\/sven-ove.nu\/?p=14617","title":{"rendered":"V\u00e4skan i luften"},"content":{"rendered":"<p><a href=\"https:\/\/sven-ove.nu\/wp-content\/uploads\/2016\/04\/V\u00e4skan.jpg\"><img loading=\"lazy\" decoding=\"async\" class=\"size-large wp-image-14620 alignnone\" src=\"https:\/\/sven-ove.nu\/wp-content\/uploads\/2016\/04\/V\u00e4skan-1024x921.jpg\" alt=\"V\u00e4skan\" width=\"660\" height=\"594\" srcset=\"https:\/\/sven-ove.nu\/wp-content\/uploads\/2016\/04\/V\u00e4skan-1024x921.jpg 1024w, https:\/\/sven-ove.nu\/wp-content\/uploads\/2016\/04\/V\u00e4skan-300x270.jpg 300w\" sizes=\"auto, (max-width: 660px) 100vw, 660px\" \/><\/a><\/p>\n<blockquote><p>Det finns folk som p\u00e5st\u00e5r att de tycker att v\u00e5r svenska historia \u00e4r viktig, s\u00e5 l\u00e5t oss t\u00e4nka en stund p\u00e5 den. Vad brukar vi ha f\u00f6r oss i fosterlandet den 13 april?<\/p><\/blockquote>\n<p>\u00c5r 1985 demonstrerar det nazistiska Nordiska rikspartiet p\u00e5 torget i V\u00e4xj\u00f6. D\u00e5 utbryter ett omfattande slagsm\u00e5l. Nazisterna blir iv\u00e4gk\u00f6rda av arga V\u00e4xj\u00f6bor och tvingas fly in p\u00e5 j\u00e4rnv\u00e4gsstationens toaletter.<\/p>\n<p>Fotografen Hans Runesson tar den ber\u00f6mda <span style=\"color: #ff0000;\"><a style=\"color: #ff0000;\" href=\"https:\/\/www.google.se\/search?q=tanten+med+v%C3%A4skan&amp;biw=1252&amp;bih=639&amp;tbm=isch&amp;imgil=G9UmTnM5zLuDGM%3A%3BaHn30B3sbcLuhM%3Bhttp%3A%2F%2Fwww.politism.se%2Fstory%2Fklart-tanten-med-vaskan-ska-resas-som-staty%2F&amp;source=iu&amp;pf=m&amp;fir=G9UmTnM5zLuDGM%3A%2CaHn30B3sbcLuhM%2C_&amp;usg=__EEriU0yrq0-3scPyH-IPtkk97eI%3D&amp;ved=0ahUKEwi5qJDYwbHLAhVoSZoKHcKYAS0QyjcIJA&amp;ei=P_7eVvmMHeiS6QTCsYboAg#imgrc=G9UmTnM5zLuDGM%3A\">bilden<\/a><\/span> p\u00e5 <span style=\"color: #ff0000;\"><a style=\"color: #ff0000;\" href=\"http:\/\/sverigesradio.se\/sida\/avsnitt\/506841?programid=3103\">kvinnan<\/a><\/span> med handv\u00e4skan. I dag st\u00e5r hon staty i Varberg, eftersom V\u00e4xj\u00f6 inte vill ha skulpturen.<\/p>\n<p>En stark svensk bild.<\/p>\n<p><em><span style=\"color: #339966;\">###<\/span> 1812 h\u00e5lls urtima riksdag i \u00d6rebro. Den b\u00f6rjar 13 april och beslutar inf\u00f6ra Sveriges f\u00f6rsta v\u00e4rnplikt, nationalbev\u00e4ringen, f\u00f6r m\u00e4n i \u00e5ldern 20 &#8211; 25 \u00e5r.<br \/>\n<\/em><em><span style=\"color: #339966;\">###<\/span> N\u00e4r jag ser kvinnan med v\u00e4skan h\u00e4nder det att jag tycker vi beh\u00f6ver v\u00e4rnplikt igen. S\u00e4rskilt f\u00f6r arga kvinnor.<br \/>\n<\/em><em><span style=\"color: #339966;\">###<\/span> Vi har mycket att f\u00f6rsvara.<\/em><\/p>\n<p style=\"padding-left: 30px; text-align: right;\">Skulpturerna av kvinnan med v\u00e4skan och av tantarm\u00e9n<br \/>\nst\u00e5r utst\u00e4llda p\u00e5 borgg\u00e5rden vid Varbergs f\u00e4stning.<br \/>\nKonstn\u00e4ren heter <span style=\"color: #ff0000;\"><a style=\"color: #ff0000;\" href=\"https:\/\/susannaarwin.wordpress.com\">Susanna Arwin<\/a><\/span>.<\/p>\n","protected":false},"excerpt":{"rendered":"<p>Det finns folk som p\u00e5st\u00e5r att de tycker att v\u00e5r svenska historia \u00e4r viktig, s\u00e5 l\u00e5t oss t\u00e4nka en stund p\u00e5 den. Vad brukar vi ha f\u00f6r oss i fosterlandet den 13 april? \u00c5r 1985 demonstrerar det nazistiska Nordiska rikspartiet p\u00e5 torget i V\u00e4xj\u00f6. D\u00e5 utbryter ett omfattande slagsm\u00e5l. Nazisterna blir iv\u00e4gk\u00f6rda av arga V\u00e4xj\u00f6bor &hellip; <a href=\"https:\/\/sven-ove.nu\/?p=14617\" class=\"more-link\">Forts\u00e4tt l\u00e4sa <span class=\"screen-reader-text\">V\u00e4skan i luften<\/span><\/a><\/p>\n","protected":false},"author":1,"featured_media":0,"comment_status":"open","ping_status":"open","sticky":false,"template":"","format":"standard","meta":{"_crdt_document":"","_monsterinsights_skip_tracking":false,"_monsterinsights_sitenote_active":false,"_monsterinsights_sitenote_note":"","_monsterinsights_sitenote_category":0,"footnotes":""},"categories":[28,9],"tags":[8],"class_list":["post-14617","post","type-post","status-publish","format-standard","hentry","category-kreativt-folk","category-politik","tag-historia"],"_links":{"self":[{"href":"https:\/\/sven-ove.nu\/index.php?rest_route=\/wp\/v2\/posts\/14617","targetHints":{"allow":["GET"]}}],"collection":[{"href":"https:\/\/sven-ove.nu\/index.php?rest_route=\/wp\/v2\/posts"}],"about":[{"href":"https:\/\/sven-ove.nu\/index.php?rest_route=\/wp\/v2\/types\/post"}],"author":[{"embeddable":true,"href":"https:\/\/sven-ove.nu\/index.php?rest_route=\/wp\/v2\/users\/1"}],"replies":[{"embeddable":true,"href":"https:\/\/sven-ove.nu\/index.php?rest_route=%2Fwp%2Fv2%2Fcomments&post=14617"}],"version-history":[{"count":3,"href":"https:\/\/sven-ove.nu\/index.php?rest_route=\/wp\/v2\/posts\/14617\/revisions"}],"predecessor-version":[{"id":14621,"href":"https:\/\/sven-ove.nu\/index.php?rest_route=\/wp\/v2\/posts\/14617\/revisions\/14621"}],"wp:attachment":[{"href":"https:\/\/sven-ove.nu\/index.php?rest_route=%2Fwp%2Fv2%2Fmedia&parent=14617"}],"wp:term":[{"taxonomy":"category","embeddable":true,"href":"https:\/\/sven-ove.nu\/index.php?rest_route=%2Fwp%2Fv2%2Fcategories&post=14617"},{"taxonomy":"post_tag","embeddable":true,"href":"https:\/\/sven-ove.nu\/index.php?rest_route=%2Fwp%2Fv2%2Ftags&post=14617"}],"curies":[{"name":"wp","href":"https:\/\/api.w.org\/{rel}","templated":true}]}}