{"id":14640,"date":"2016-04-05T11:54:56","date_gmt":"2016-04-05T10:54:56","guid":{"rendered":"http:\/\/sven-ove.nu\/?p=14640"},"modified":"2016-04-05T11:56:19","modified_gmt":"2016-04-05T10:56:19","slug":"forbjuden-frukt-pa-torget","status":"publish","type":"post","link":"https:\/\/sven-ove.nu\/?p=14640","title":{"rendered":"F\u00f6rbjuden frukt p\u00e5 torget?"},"content":{"rendered":"<p><a href=\"https:\/\/sven-ove.nu\/wp-content\/uploads\/2016\/04\/Peace.001.jpeg\"><img loading=\"lazy\" decoding=\"async\" class=\"size-large wp-image-14645 alignnone\" src=\"https:\/\/sven-ove.nu\/wp-content\/uploads\/2016\/04\/Peace.001-1024x768.jpeg\" alt=\"Peace.001\" width=\"660\" height=\"495\" srcset=\"https:\/\/sven-ove.nu\/wp-content\/uploads\/2016\/04\/Peace.001.jpeg 1024w, https:\/\/sven-ove.nu\/wp-content\/uploads\/2016\/04\/Peace.001-300x225.jpeg 300w\" sizes=\"auto, (max-width: 660px) 100vw, 660px\" \/><\/a><\/p>\n<blockquote><p>Jag \u00e4r f\u00f6r en stark upphovsr\u00e4tt. Jag tror inte p\u00e5 st\u00f6ld som metod. Dessutom har jag delvis f\u00f6rs\u00f6rjt mig tack vare just upphovsr\u00e4tten i m\u00e5nga \u00e5r.<\/p><\/blockquote>\n<p>Fast &#8211; \u00e4r det verkligen klokt att best\u00e4mma att offentliga konstverk f\u00e5r avbildas i papperstidningar men <span style=\"color: #ff0000;\"><strong><a style=\"color: #ff0000;\" href=\"http:\/\/www.journalisten.se\/nyheter\/avgorande-i-hd-om-offentlig-konst-pa-natet\" target=\"_blank\">inte p\u00e5 n\u00e4tet<\/a><\/strong><\/span>? Utan ers\u00e4ttning, vill s\u00e4ga. Hur l\u00e5ngt ska detta g\u00e4lla?<\/p>\n<p>Den h\u00e4r bloggen f\u00e5r allts\u00e5 <span style=\"color: #ff0000;\"><strong><a style=\"color: #ff0000;\" href=\"http:\/\/www.fotosidan.se\/cldoc\/lag-och-ratt\/hd-dom-olagligt-att-publicera-bilder.htm\" target=\"_blank\">inte avbilda<\/a><\/strong><\/span> fredsgudinnan p\u00e5 Stora torget i Karlstad, d\u00e4r hon bryter soldatens sv\u00e4rd och s\u00e4tter foten p\u00e5 hans huvud. Hur \u00e4r det med bilden ovan, gills den? \u00c4r den ett eget sj\u00e4lvst\u00e4ndigt verk och allts\u00e5 lovlig?<\/p>\n<p>Jag g\u00f6r inte narr av upphovsr\u00e4tten.<br \/>\nJag \u00e4r bara f\u00f6rvirrad \u00f6ver <span style=\"color: #ff0000;\"><strong><a style=\"color: #ff0000;\" href=\"http:\/\/www.dn.se\/kultur-noje\/konst-form\/hd-brottsligt-att-sprida-bilder-av-offentlig-konst-pa-natet\/\" target=\"_blank\">beslutet<\/a><\/strong><\/span>. P\u00e5 1970-talet skulle vi ha uttryckt det s\u00e5 h\u00e4r p\u00e5 torget, p\u00e5 bred kallstadialekt:<\/p>\n<p>&#8211; Men va\u2019 bli\u2019l\u00e4?<\/p>\n","protected":false},"excerpt":{"rendered":"<p>Jag \u00e4r f\u00f6r en stark upphovsr\u00e4tt. Jag tror inte p\u00e5 st\u00f6ld som metod. Dessutom har jag delvis f\u00f6rs\u00f6rjt mig tack vare just upphovsr\u00e4tten i m\u00e5nga \u00e5r. Fast &#8211; \u00e4r det verkligen klokt att best\u00e4mma att offentliga konstverk f\u00e5r avbildas i papperstidningar men inte p\u00e5 n\u00e4tet? Utan ers\u00e4ttning, vill s\u00e4ga. Hur l\u00e5ngt ska detta g\u00e4lla? Den &hellip; <a href=\"https:\/\/sven-ove.nu\/?p=14640\" class=\"more-link\">Forts\u00e4tt l\u00e4sa <span class=\"screen-reader-text\">F\u00f6rbjuden frukt p\u00e5 torget?<\/span><\/a><\/p>\n","protected":false},"author":1,"featured_media":0,"comment_status":"open","ping_status":"open","sticky":false,"template":"","format":"standard","meta":{"_crdt_document":"","_monsterinsights_skip_tracking":false,"_monsterinsights_sitenote_active":false,"_monsterinsights_sitenote_note":"","_monsterinsights_sitenote_category":0,"footnotes":""},"categories":[28],"tags":[3,15],"class_list":["post-14640","post","type-post","status-publish","format-standard","hentry","category-kreativt-folk","tag-arbete","tag-mediedjungeln"],"_links":{"self":[{"href":"https:\/\/sven-ove.nu\/index.php?rest_route=\/wp\/v2\/posts\/14640","targetHints":{"allow":["GET"]}}],"collection":[{"href":"https:\/\/sven-ove.nu\/index.php?rest_route=\/wp\/v2\/posts"}],"about":[{"href":"https:\/\/sven-ove.nu\/index.php?rest_route=\/wp\/v2\/types\/post"}],"author":[{"embeddable":true,"href":"https:\/\/sven-ove.nu\/index.php?rest_route=\/wp\/v2\/users\/1"}],"replies":[{"embeddable":true,"href":"https:\/\/sven-ove.nu\/index.php?rest_route=%2Fwp%2Fv2%2Fcomments&post=14640"}],"version-history":[{"count":8,"href":"https:\/\/sven-ove.nu\/index.php?rest_route=\/wp\/v2\/posts\/14640\/revisions"}],"predecessor-version":[{"id":14650,"href":"https:\/\/sven-ove.nu\/index.php?rest_route=\/wp\/v2\/posts\/14640\/revisions\/14650"}],"wp:attachment":[{"href":"https:\/\/sven-ove.nu\/index.php?rest_route=%2Fwp%2Fv2%2Fmedia&parent=14640"}],"wp:term":[{"taxonomy":"category","embeddable":true,"href":"https:\/\/sven-ove.nu\/index.php?rest_route=%2Fwp%2Fv2%2Fcategories&post=14640"},{"taxonomy":"post_tag","embeddable":true,"href":"https:\/\/sven-ove.nu\/index.php?rest_route=%2Fwp%2Fv2%2Ftags&post=14640"}],"curies":[{"name":"wp","href":"https:\/\/api.w.org\/{rel}","templated":true}]}}