{"id":14664,"date":"2016-04-25T11:00:24","date_gmt":"2016-04-25T10:00:24","guid":{"rendered":"http:\/\/sven-ove.nu\/?p=14664"},"modified":"2016-04-25T07:26:28","modified_gmt":"2016-04-25T06:26:28","slug":"kan-det-bli-tydligare","status":"publish","type":"post","link":"https:\/\/sven-ove.nu\/?p=14664","title":{"rendered":"Kan det bli tydligare?"},"content":{"rendered":"<p><a href=\"https:\/\/sven-ove.nu\/wp-content\/uploads\/2016\/04\/Middagsvila.001.jpg\"><img loading=\"lazy\" decoding=\"async\" class=\"size-full wp-image-14668 alignnone\" src=\"https:\/\/sven-ove.nu\/wp-content\/uploads\/2016\/04\/Middagsvila.001.jpg\" alt=\"Middagsvila.001\" width=\"684\" height=\"580\" srcset=\"https:\/\/sven-ove.nu\/wp-content\/uploads\/2016\/04\/Middagsvila.001.jpg 684w, https:\/\/sven-ove.nu\/wp-content\/uploads\/2016\/04\/Middagsvila.001-300x254.jpg 300w\" sizes=\"auto, (max-width: 684px) 100vw, 684px\" \/><\/a><\/p>\n<p>Vilar middag f\u00f6r att jag kan. J\u00e4drar va&#8217; g\u00f4tt.<\/p>\n<p>I tjugo \u00e5rs tid avslutade jag var tredje lunch p\u00e5 jobbet med att f\u00f6resl\u00e5 att vi skulle inf\u00f6ra middagsvila.<br \/>\n&#8211; Vi kunde ha madrasser som vi tog fram. Chefen kunde l\u00e4sa h\u00f6gt ur aff\u00e4rsplanen tills vi somnade. Han sj\u00e4lv med. Varenda dag.<\/p>\n<p>Ingen f\u00f6rstod att jag menade allvar.<br \/>\nTio minuter, det skulle ha gjort susen.<\/p>\n<p>H\u00f6gst femton.<\/p>\n<p><em><span style=\"color: #00ff00;\"><strong>###<\/strong><\/span> \u201dVile medda\u201d sa vi p\u00e5 s\u00e5gen i Molkom. Vila middag. Den g\u00e5ngen hade vi en timmes lunch, sj\u00e4lv sov jag p\u00e5 ett virkespaket.<br \/>\n<\/em><em><span style=\"color: #00ff00;\">###<\/span> I min ordbok st\u00e5r ordet <strong>vila<\/strong> mitt emellan <strong>viktualier<\/strong> (vilket betyder matvaror, livsmedel) och <strong>vild<\/strong>.<br \/>\n<\/em><em><span style=\"color: #00ff00;\">###<\/span> Kan det bli tydligare \u00e4n s\u00e5?<\/em><\/p>\n","protected":false},"excerpt":{"rendered":"<p>Vilar middag f\u00f6r att jag kan. J\u00e4drar va&#8217; g\u00f4tt. I tjugo \u00e5rs tid avslutade jag var tredje lunch p\u00e5 jobbet med att f\u00f6resl\u00e5 att vi skulle inf\u00f6ra middagsvila. &#8211; Vi kunde ha madrasser som vi tog fram. Chefen kunde l\u00e4sa h\u00f6gt ur aff\u00e4rsplanen tills vi somnade. Han sj\u00e4lv med. Varenda dag. Ingen f\u00f6rstod att jag &hellip; <a href=\"https:\/\/sven-ove.nu\/?p=14664\" class=\"more-link\">Forts\u00e4tt l\u00e4sa <span class=\"screen-reader-text\">Kan det bli tydligare?<\/span><\/a><\/p>\n","protected":false},"author":1,"featured_media":0,"comment_status":"open","ping_status":"open","sticky":false,"template":"","format":"standard","meta":{"_crdt_document":"","_monsterinsights_skip_tracking":false,"_monsterinsights_sitenote_active":false,"_monsterinsights_sitenote_note":"","_monsterinsights_sitenote_category":0,"footnotes":""},"categories":[6],"tags":[3,18,21,20],"class_list":["post-14664","post","type-post","status-publish","format-standard","hentry","category-natur","tag-arbete","tag-lardomar","tag-ord","tag-rad"],"_links":{"self":[{"href":"https:\/\/sven-ove.nu\/index.php?rest_route=\/wp\/v2\/posts\/14664","targetHints":{"allow":["GET"]}}],"collection":[{"href":"https:\/\/sven-ove.nu\/index.php?rest_route=\/wp\/v2\/posts"}],"about":[{"href":"https:\/\/sven-ove.nu\/index.php?rest_route=\/wp\/v2\/types\/post"}],"author":[{"embeddable":true,"href":"https:\/\/sven-ove.nu\/index.php?rest_route=\/wp\/v2\/users\/1"}],"replies":[{"embeddable":true,"href":"https:\/\/sven-ove.nu\/index.php?rest_route=%2Fwp%2Fv2%2Fcomments&post=14664"}],"version-history":[{"count":7,"href":"https:\/\/sven-ove.nu\/index.php?rest_route=\/wp\/v2\/posts\/14664\/revisions"}],"predecessor-version":[{"id":14672,"href":"https:\/\/sven-ove.nu\/index.php?rest_route=\/wp\/v2\/posts\/14664\/revisions\/14672"}],"wp:attachment":[{"href":"https:\/\/sven-ove.nu\/index.php?rest_route=%2Fwp%2Fv2%2Fmedia&parent=14664"}],"wp:term":[{"taxonomy":"category","embeddable":true,"href":"https:\/\/sven-ove.nu\/index.php?rest_route=%2Fwp%2Fv2%2Fcategories&post=14664"},{"taxonomy":"post_tag","embeddable":true,"href":"https:\/\/sven-ove.nu\/index.php?rest_route=%2Fwp%2Fv2%2Ftags&post=14664"}],"curies":[{"name":"wp","href":"https:\/\/api.w.org\/{rel}","templated":true}]}}