{"id":14673,"date":"2016-04-26T03:00:12","date_gmt":"2016-04-26T02:00:12","guid":{"rendered":"http:\/\/sven-ove.nu\/?p=14673"},"modified":"2016-04-26T05:11:34","modified_gmt":"2016-04-26T04:11:34","slug":"ak-ner-sjalv-om-du-tror-pat","status":"publish","type":"post","link":"https:\/\/sven-ove.nu\/?p=14673","title":{"rendered":"&#8221;\u00c5k ner sj\u00e4lv om du tror p\u00e5&#8217;t!&#8221;"},"content":{"rendered":"<p><a href=\"https:\/\/sven-ove.nu\/wp-content\/uploads\/2016\/04\/G\u00e5gatan.jpg\"><img loading=\"lazy\" decoding=\"async\" class=\"size-large wp-image-14677 alignnone\" src=\"https:\/\/sven-ove.nu\/wp-content\/uploads\/2016\/04\/G\u00e5gatan-1024x1024.jpg\" alt=\"G\u00e5gatan\" width=\"660\" height=\"660\" srcset=\"https:\/\/sven-ove.nu\/wp-content\/uploads\/2016\/04\/G\u00e5gatan-1024x1024.jpg 1024w, https:\/\/sven-ove.nu\/wp-content\/uploads\/2016\/04\/G\u00e5gatan-150x150.jpg 150w, https:\/\/sven-ove.nu\/wp-content\/uploads\/2016\/04\/G\u00e5gatan-300x300.jpg 300w, https:\/\/sven-ove.nu\/wp-content\/uploads\/2016\/04\/G\u00e5gatan.jpg 1280w\" sizes=\"auto, (max-width: 660px) 100vw, 660px\" \/><\/a><\/p>\n<blockquote><p>Allt h\u00e4nger ihop. Solen skiner, skinnet p\u00e5 vaderna svider och allt h\u00e4nger ihop.<\/p><\/blockquote>\n<p>L\u00e4ser Kjell Erikssons roman <span style=\"color: #3366ff;\"><a style=\"color: #3366ff;\" href=\"http:\/\/www.bokus.com\/bok\/9789170378362\/att-skjuta-hastar\/\">Att skjuta h\u00e4star<\/a><\/span>. Den handlar om spanska inb\u00f6rdeskriget och de frivilliga fr\u00e5n Sverige och andra l\u00e4nder. P\u00e5 1960-talet stod jag utanf\u00f6r gamla Hagasystemet, i korsningen Nygatan och \u00c5ttkantsgatan i Karlstad, och samlade pengar till Sydvietnams Nationella Befrielsefront, <span style=\"color: #3366ff;\"><a style=\"color: #3366ff;\" href=\"https:\/\/sv.wikipedia.org\/wiki\/FNL\">FNL<\/a><\/span>. D\u00e5 kom det ibland fram en gammal frivillig fr\u00e5n Spanien och sk\u00e4llde ut mig.<\/p>\n<p>&#8211; \u00c5k till Vietnam om du tror p\u00e5\u2019t!<\/p>\n<p>Han hade b\u00e5de r\u00e4tt och fel. Hans offer hade varit st\u00f6rre, han for faktiskt ner. Mitt hade varit on\u00f6digare, eftersom f\u00e5 nyedsbor klarar gerillakrig s\u00e4rskilt bra i sydostasiatiska djungler.<\/p>\n<p>Men pinsamma stunder var det. \u00c5k dit om du verkligen tro p\u00e5\u2019t. No pasaran.<\/p>\n<p><strong>Byter ut gatunamnen<br \/>\n<\/strong>\u00c5ker till Spanien, nu n\u00e4r det sedan l\u00e4nge \u00e4r lovligt f\u00f6r solidariskt folk. Lanzarote \u00e4r en p\u00e4rla d\u00e4r konstn\u00e4ren <span style=\"color: #3366ff;\"><a style=\"color: #3366ff;\" href=\"http:\/\/www.cesarmanrique.com\/biografia_i.htm\">C\u00e9sar Manrique<\/a><\/span> satt sin pr\u00e4gel. Inte m\u00e5nga byggnader \u00e4r h\u00f6gre \u00e4n tre v\u00e5ningar, det fick han\u00a0makthavarna att besluta om. Alla \u00e4ldre hus b\u00e4r gr\u00f6na, bruna eller bl\u00e5 d\u00f6rrar och f\u00f6nsterkarmar, precis som traditionen s\u00e4ger. Varje f\u00e4rg sin symbolik.<\/p>\n<p>\u00c5k dit\u2026 Dit, till Kanarie\u00f6arna, skickade den spanska republiken general Franco. Tyv\u00e4rr startade han sitt uppror p\u00e5 de kanariska \u00f6arna och vann slutligen inb\u00f6rdeskriget mot den folkvalda republiken. Nu \u00e4r det ett tag sedan vi fortfarande s\u00e5g gatuskyltar p\u00e5 Fuerteventura med hans namn. N\u00e5gonstans l\u00e4ser jag att spanjorerna h\u00e5ller p\u00e5 och <span style=\"color: #3366ff;\"><a style=\"color: #3366ff;\" href=\"http:\/\/www.dn.se\/nyheter\/varlden\/heta-kanslor-nar-gator-ska-byta-namn\/\">byter ut<\/a><\/span> de skyltarna. Demokratin segrar \u00f6ver fascismen.<\/p>\n<p>Vi solar, springer, vandrar och ser stundom stora omr\u00e5den d\u00e4r spanska konkurser gjort sitt. Hela kvarter med gator, gatskyltar och lyktor f\u00f6rberedda men inga hus byggda p\u00e5 \u00f6detomterna.<\/p>\n<p><strong>Pinsamma kvarter<br \/>\n<\/strong>Konstn\u00e4ren som m\u00e5lade La Guernica skulle sk\u00e4mts om han sett Calle Pueblo Picasso vid Playa Blanca. Ett sp\u00f6kkvarter. Ibland har spansk spekulationskapitalism misslyckats, den frivillige i Haga och jag fick r\u00e4tt. Det finns b\u00e4ttre s\u00e4tt.<\/p>\n<p><a href=\"https:\/\/sven-ove.nu\/wp-content\/uploads\/2016\/04\/Calle-Pablo-P.jpg\"><img loading=\"lazy\" decoding=\"async\" class=\"size-large wp-image-14679 alignnone\" src=\"https:\/\/sven-ove.nu\/wp-content\/uploads\/2016\/04\/Calle-Pablo-P-1024x768.jpg\" alt=\"Calle Pablo P\" width=\"660\" height=\"495\" srcset=\"https:\/\/sven-ove.nu\/wp-content\/uploads\/2016\/04\/Calle-Pablo-P-1024x768.jpg 1024w, https:\/\/sven-ove.nu\/wp-content\/uploads\/2016\/04\/Calle-Pablo-P-300x225.jpg 300w, https:\/\/sven-ove.nu\/wp-content\/uploads\/2016\/04\/Calle-Pablo-P.jpg 1632w\" sizes=\"auto, (max-width: 660px) 100vw, 660px\" \/><\/a><\/p>\n<p>Nu sitter jag p\u00e5 min balkong vid en pool och ser solen vandra v\u00e4sterut. Poolen \u00e4r \u00f6ppen 10.00 till 18.00 st\u00e5r det p\u00e5 anslagen. Men det har varit molnskugga och rej\u00e4l bl\u00e5st i flera dygn och v\u00e4nliga poolvakter l\u00e5ter barnen bada en hel timme efter det lovliga klockslaget.<\/p>\n<p>M\u00e4nniskan vill vara en solidarisk varelse. Allt h\u00e4nger ihop.<\/p>\n<p><strong>Historien gav oss r\u00e4tt<br \/>\n<\/strong>N\u00e4r vi kommer hem till v\u00e5rt l\u00e4n ska jag st\u00e4lla mig i korsningen Nygatan och \u00c5ttkantsgatan. Ing\u00e5ngen till gamla Hagasystemet ska vara igenmurad sedan l\u00e4nge. Den spanienfrivillige ska vara borta men jag ska leva och mina minnen med. Det var r\u00e4tt att g\u00f6ra uppror, ocks\u00e5 p\u00e5 v\u00e5rt s\u00e4tt. Historien gav \u00e4ven oss r\u00e4tt. Sanningen stavas fortfarande SOLIDARITET.<\/p>\n<p><a href=\"https:\/\/sven-ove.nu\/wp-content\/uploads\/2016\/04\/Mot-Montana-Roja.jpg\"><img loading=\"lazy\" decoding=\"async\" class=\"alignright size-medium wp-image-14681\" src=\"https:\/\/sven-ove.nu\/wp-content\/uploads\/2016\/04\/Mot-Montana-Roja-225x300.jpg\" alt=\"Mot Montana Roja\" width=\"225\" height=\"300\" srcset=\"https:\/\/sven-ove.nu\/wp-content\/uploads\/2016\/04\/Mot-Montana-Roja-225x300.jpg 225w, https:\/\/sven-ove.nu\/wp-content\/uploads\/2016\/04\/Mot-Montana-Roja-768x1024.jpg 768w, https:\/\/sven-ove.nu\/wp-content\/uploads\/2016\/04\/Mot-Montana-Roja.jpg 1224w\" sizes=\"auto, (max-width: 225px) 100vw, 225px\" \/><\/a>Jag \u00e4lskade hans offer. Det f\u00f6rstod han aldrig. L\u00e4s Kjell Erikssons bok, den f\u00f6rst\u00e5r.\u00a0L\u00e4s om de som v\u00e5gade och \u00e5kte.<\/p>\n<p><em>(Lanzarote 10 april)<\/em><\/p>\n","protected":false},"excerpt":{"rendered":"<p>Allt h\u00e4nger ihop. Solen skiner, skinnet p\u00e5 vaderna svider och allt h\u00e4nger ihop. L\u00e4ser Kjell Erikssons roman Att skjuta h\u00e4star. Den handlar om spanska inb\u00f6rdeskriget och de frivilliga fr\u00e5n Sverige och andra l\u00e4nder. P\u00e5 1960-talet stod jag utanf\u00f6r gamla Hagasystemet, i korsningen Nygatan och \u00c5ttkantsgatan i Karlstad, och samlade pengar till Sydvietnams Nationella Befrielsefront, FNL. &hellip; <a href=\"https:\/\/sven-ove.nu\/?p=14673\" class=\"more-link\">Forts\u00e4tt l\u00e4sa <span class=\"screen-reader-text\">&#8221;\u00c5k ner sj\u00e4lv om du tror p\u00e5&#8217;t!&#8221;<\/span><\/a><\/p>\n","protected":false},"author":1,"featured_media":0,"comment_status":"open","ping_status":"open","sticky":false,"template":"","format":"standard","meta":{"_crdt_document":"","_monsterinsights_skip_tracking":false,"_monsterinsights_sitenote_active":false,"_monsterinsights_sitenote_note":"","_monsterinsights_sitenote_category":0,"footnotes":""},"categories":[10,28,9],"tags":[8,18,14,17],"class_list":["post-14673","post","type-post","status-publish","format-standard","hentry","category-familjen","category-kreativt-folk","category-politik","tag-historia","tag-lardomar","tag-lasning","tag-solidaritet"],"_links":{"self":[{"href":"https:\/\/sven-ove.nu\/index.php?rest_route=\/wp\/v2\/posts\/14673","targetHints":{"allow":["GET"]}}],"collection":[{"href":"https:\/\/sven-ove.nu\/index.php?rest_route=\/wp\/v2\/posts"}],"about":[{"href":"https:\/\/sven-ove.nu\/index.php?rest_route=\/wp\/v2\/types\/post"}],"author":[{"embeddable":true,"href":"https:\/\/sven-ove.nu\/index.php?rest_route=\/wp\/v2\/users\/1"}],"replies":[{"embeddable":true,"href":"https:\/\/sven-ove.nu\/index.php?rest_route=%2Fwp%2Fv2%2Fcomments&post=14673"}],"version-history":[{"count":9,"href":"https:\/\/sven-ove.nu\/index.php?rest_route=\/wp\/v2\/posts\/14673\/revisions"}],"predecessor-version":[{"id":14686,"href":"https:\/\/sven-ove.nu\/index.php?rest_route=\/wp\/v2\/posts\/14673\/revisions\/14686"}],"wp:attachment":[{"href":"https:\/\/sven-ove.nu\/index.php?rest_route=%2Fwp%2Fv2%2Fmedia&parent=14673"}],"wp:term":[{"taxonomy":"category","embeddable":true,"href":"https:\/\/sven-ove.nu\/index.php?rest_route=%2Fwp%2Fv2%2Fcategories&post=14673"},{"taxonomy":"post_tag","embeddable":true,"href":"https:\/\/sven-ove.nu\/index.php?rest_route=%2Fwp%2Fv2%2Ftags&post=14673"}],"curies":[{"name":"wp","href":"https:\/\/api.w.org\/{rel}","templated":true}]}}