{"id":14687,"date":"2016-04-27T03:00:10","date_gmt":"2016-04-27T02:00:10","guid":{"rendered":"http:\/\/sven-ove.nu\/?p=14687"},"modified":"2016-04-27T04:59:19","modified_gmt":"2016-04-27T03:59:19","slug":"14687","status":"publish","type":"post","link":"https:\/\/sven-ove.nu\/?p=14687","title":{"rendered":"Stackars f\u00e5gel, vilket jobb"},"content":{"rendered":"<p><a href=\"https:\/\/sven-ove.nu\/wp-content\/uploads\/2016\/04\/Montana-Roja.jpg\"><img loading=\"lazy\" decoding=\"async\" class=\"size-large wp-image-14693 alignnone\" src=\"https:\/\/sven-ove.nu\/wp-content\/uploads\/2016\/04\/Montana-Roja-768x1024.jpg\" alt=\"Montana Roja\" width=\"660\" height=\"880\" srcset=\"https:\/\/sven-ove.nu\/wp-content\/uploads\/2016\/04\/Montana-Roja-768x1024.jpg 768w, https:\/\/sven-ove.nu\/wp-content\/uploads\/2016\/04\/Montana-Roja-225x300.jpg 225w\" sizes=\"auto, (max-width: 660px) 100vw, 660px\" \/><\/a><\/p>\n<blockquote><p>D\u00e4rhemma har jag en f\u00e5geldagbok som jag f\u00e5tt i present. Meningen \u00e4r att jag ska skriva upp olika f\u00e5gelobservationer jag g\u00f6r \u00e5r 2016.<\/p><\/blockquote>\n<p><a href=\"https:\/\/sven-ove.nu\/wp-content\/uploads\/2016\/04\/F\u00e5geldagbok.jpg\"><img loading=\"lazy\" decoding=\"async\" class=\"alignright size-thumbnail wp-image-14691\" src=\"https:\/\/sven-ove.nu\/wp-content\/uploads\/2016\/04\/F\u00e5geldagbok-150x150.jpg\" alt=\"F\u00e5geldagbok\" width=\"150\" height=\"150\" \/><\/a>\u2217\u00a0De \u00e4lskade stj\u00e4rtmesarna i sn\u00f6v\u00e4dret, 7 mars.<br \/>\n\u2217\u00a0Mindre korsn\u00e4bben i en grantopp n\u00e4r jag var ute och filmade v\u00e5rb\u00e4ckar, 16 mars.<br \/>\n\u2217\u00a0Morkullan som landade strax intill mig p\u00e5 ett hygge i skymningen, 28 mars.<\/p>\n<p><strong>F\u00f6reb\u00e5dar krig<br \/>\n<\/strong>P\u00e5 eftermiddagen den 10 april g\u00e5r vi fr\u00e5n hotell Caybeach Sun och ner mot havet. Efter ett tag n\u00e5r vi ett \u00f6ppet omr\u00e5de med lavagrus och enstaka gr\u00f6na v\u00e4xter. D\u00e5 kommer han flygande, han som vi bara sett p\u00e5 Gran Canaria tidigare. <span style=\"color: #000080;\"><a style=\"color: #000080;\" href=\"https:\/\/sv.wikipedia.org\/wiki\/H\u00e4rf\u00e5gel\" target=\"_blank\"><strong>H\u00e4rf\u00e5geln<\/strong><\/a><\/span>. F\u00f6rst i luften helt n\u00e4ra oss, sedan parkerad p\u00e5 hotellmuren en bit bort, d\u00e4refter helt n\u00e4ra oss igen. <em>Han f\u00f6reb\u00e5dar krig och ofred<\/em>, s\u00e4ger den k\u00e4ra v\u00e4nnen.<\/p>\n<p>Jag vet.<\/p>\n<p>N\u00e4r f\u00e5geln satt p\u00e5 muren sp\u00e4nde han upp fj\u00e4drar p\u00e5 huvudet, som en riddare. Mina v\u00e4nner fr\u00e5n Syrien skulle sucka tungt om de h\u00f6rde min stilla b\u00f6n att h\u00e4rf\u00e5geln\u00a0aldrig m\u00e5tte f\u00e5 r\u00e4tt om kriget.<\/p>\n<p>Det har han haft i m\u00e5nga \u00e5r i det vackra landet de kommer ifr\u00e5n. M\u00e5 han alltid f\u00e5 fel i forts\u00e4ttningen. M\u00e5 b\u00e5de f\u00e5glar och de som flytt vara v\u00e4lkomna i v\u00e5ra trakter. Alla folks frihet, hela v\u00e4rldens fred.<\/p>\n<p>Fin \u00e4r han. Fin i V\u00e4rmland med h\u00e4rom \u00e5ret.<\/p>\n<p><strong>Inte vill han vara sp\u00e5karl<br \/>\n<\/strong>L\u00e5t ingen f\u00e5gel med vackra fj\u00e4drar best\u00e4mma hur vi vill ha det. Freden \u00e4r vackrare \u00e4n alla f\u00e5gelsp\u00e5domar som m\u00e4nniskor hittat p\u00e5. Jag vill ha en s\u00e4des\u00e4rla, en s\u00e5ngl\u00e4rka och en g\u00f6k. Ge mig ett land som h\u00e5llit fred i 200 \u00e5r. Ge mig en v\u00e4rld som g\u00f6r det fram\u00f6ver.<\/p>\n<p>L\u00e5t h\u00e4rf\u00e5geln vara vacker bara f\u00f6r att han kan. Inte vill han vara sp\u00e5karl.<\/p>\n<p><a href=\"https:\/\/sven-ove.nu\/wp-content\/uploads\/2016\/04\/M\u00e5ne-\u00f6ver-playan.jpg\"><img loading=\"lazy\" decoding=\"async\" class=\"alignright size-thumbnail wp-image-14695\" src=\"https:\/\/sven-ove.nu\/wp-content\/uploads\/2016\/04\/M\u00e5ne-\u00f6ver-playan-150x150.jpg\" alt=\"M\u00e5ne \u00f6ver playan\" width=\"150\" height=\"150\" srcset=\"https:\/\/sven-ove.nu\/wp-content\/uploads\/2016\/04\/M\u00e5ne-\u00f6ver-playan-150x150.jpg 150w, https:\/\/sven-ove.nu\/wp-content\/uploads\/2016\/04\/M\u00e5ne-\u00f6ver-playan-300x300.jpg 300w, https:\/\/sven-ove.nu\/wp-content\/uploads\/2016\/04\/M\u00e5ne-\u00f6ver-playan-1024x1024.jpg 1024w, https:\/\/sven-ove.nu\/wp-content\/uploads\/2016\/04\/M\u00e5ne-\u00f6ver-playan.jpg 1280w\" sizes=\"auto, (max-width: 150px) 100vw, 150px\" \/><\/a>Ge oss alla fred, mat, lugn och fria rymder.<br \/>\nH\u00e5ll fred.<\/p>\n<p><em>(Lanzarote, april)<\/em><\/p>\n","protected":false},"excerpt":{"rendered":"<p>D\u00e4rhemma har jag en f\u00e5geldagbok som jag f\u00e5tt i present. Meningen \u00e4r att jag ska skriva upp olika f\u00e5gelobservationer jag g\u00f6r \u00e5r 2016. \u2217\u00a0De \u00e4lskade stj\u00e4rtmesarna i sn\u00f6v\u00e4dret, 7 mars. \u2217\u00a0Mindre korsn\u00e4bben i en grantopp n\u00e4r jag var ute och filmade v\u00e5rb\u00e4ckar, 16 mars. \u2217\u00a0Morkullan som landade strax intill mig p\u00e5 ett hygge i skymningen, &hellip; <a href=\"https:\/\/sven-ove.nu\/?p=14687\" class=\"more-link\">Forts\u00e4tt l\u00e4sa <span class=\"screen-reader-text\">Stackars f\u00e5gel, vilket jobb<\/span><\/a><\/p>\n","protected":false},"author":1,"featured_media":0,"comment_status":"open","ping_status":"open","sticky":false,"template":"","format":"standard","meta":{"_crdt_document":"","_monsterinsights_skip_tracking":false,"_monsterinsights_sitenote_active":false,"_monsterinsights_sitenote_note":"","_monsterinsights_sitenote_category":0,"footnotes":""},"categories":[10,6,9],"tags":[24,18,20],"class_list":["post-14687","post","type-post","status-publish","format-standard","hentry","category-familjen","category-natur","category-politik","tag-karlek","tag-lardomar","tag-rad"],"_links":{"self":[{"href":"https:\/\/sven-ove.nu\/index.php?rest_route=\/wp\/v2\/posts\/14687","targetHints":{"allow":["GET"]}}],"collection":[{"href":"https:\/\/sven-ove.nu\/index.php?rest_route=\/wp\/v2\/posts"}],"about":[{"href":"https:\/\/sven-ove.nu\/index.php?rest_route=\/wp\/v2\/types\/post"}],"author":[{"embeddable":true,"href":"https:\/\/sven-ove.nu\/index.php?rest_route=\/wp\/v2\/users\/1"}],"replies":[{"embeddable":true,"href":"https:\/\/sven-ove.nu\/index.php?rest_route=%2Fwp%2Fv2%2Fcomments&post=14687"}],"version-history":[{"count":19,"href":"https:\/\/sven-ove.nu\/index.php?rest_route=\/wp\/v2\/posts\/14687\/revisions"}],"predecessor-version":[{"id":14709,"href":"https:\/\/sven-ove.nu\/index.php?rest_route=\/wp\/v2\/posts\/14687\/revisions\/14709"}],"wp:attachment":[{"href":"https:\/\/sven-ove.nu\/index.php?rest_route=%2Fwp%2Fv2%2Fmedia&parent=14687"}],"wp:term":[{"taxonomy":"category","embeddable":true,"href":"https:\/\/sven-ove.nu\/index.php?rest_route=%2Fwp%2Fv2%2Fcategories&post=14687"},{"taxonomy":"post_tag","embeddable":true,"href":"https:\/\/sven-ove.nu\/index.php?rest_route=%2Fwp%2Fv2%2Ftags&post=14687"}],"curies":[{"name":"wp","href":"https:\/\/api.w.org\/{rel}","templated":true}]}}