{"id":14710,"date":"2016-04-29T03:00:53","date_gmt":"2016-04-29T02:00:53","guid":{"rendered":"http:\/\/sven-ove.nu\/?p=14710"},"modified":"2016-04-27T17:16:38","modified_gmt":"2016-04-27T16:16:38","slug":"om-tuppar-hav-och-hur-jag-blir-kar-pa-annat-hall","status":"publish","type":"post","link":"https:\/\/sven-ove.nu\/?p=14710","title":{"rendered":"Om tuppar, hav och hur jag blir k\u00e4r p\u00e5 annat h\u00e5ll"},"content":{"rendered":"<p><a href=\"https:\/\/sven-ove.nu\/wp-content\/uploads\/2016\/04\/B\u00e5ten.jpg\"><img loading=\"lazy\" decoding=\"async\" class=\"size-large wp-image-14714 alignnone\" src=\"https:\/\/sven-ove.nu\/wp-content\/uploads\/2016\/04\/B\u00e5ten-1024x1024.jpg\" alt=\"B\u00e5ten\" width=\"660\" height=\"660\" srcset=\"https:\/\/sven-ove.nu\/wp-content\/uploads\/2016\/04\/B\u00e5ten-1024x1024.jpg 1024w, https:\/\/sven-ove.nu\/wp-content\/uploads\/2016\/04\/B\u00e5ten-150x150.jpg 150w, https:\/\/sven-ove.nu\/wp-content\/uploads\/2016\/04\/B\u00e5ten-300x300.jpg 300w, https:\/\/sven-ove.nu\/wp-content\/uploads\/2016\/04\/B\u00e5ten.jpg 1280w\" sizes=\"auto, (max-width: 660px) 100vw, 660px\" \/><\/a><\/p>\n<p><strong>1.<br \/>\n<a href=\"https:\/\/sven-ove.nu\/wp-content\/uploads\/2016\/04\/Kv\u00e4llsljus.jpg\"><img loading=\"lazy\" decoding=\"async\" class=\"alignright size-thumbnail wp-image-14716\" src=\"https:\/\/sven-ove.nu\/wp-content\/uploads\/2016\/04\/Kv\u00e4llsljus-150x150.jpg\" alt=\"Kv\u00e4llsljus\" width=\"150\" height=\"150\" \/><\/a><\/strong><strong>MORGON. <\/strong>Vandrar p\u00e5 vulkan\u00f6n, mitt i bl\u00e5svarta m\u00f6rkret 62 minuter innan solen g\u00e5r upp. D\u00e5 h\u00f6r jag det p\u00e5 l\u00e5ngt h\u00e5ll, f\u00f6r f\u00f6rsta g\u00e5ngen sedan vi s\u00e5lde g\u00e5rden i Nyed 1968. N\u00e5gonstans i en spansk bergsby ber\u00e4ttar en tupp att det \u00e4r morgon.<\/p>\n<p>Mig f\u00e5r han att g\u00e5 en hel dag och viska <span style=\"color: #3366ff;\"><a style=\"color: #3366ff;\" href=\"https:\/\/www.youtube.com\/watch?v=1oKZsm0zLzM\">s\u00e5ngen<\/a><\/span> inom mig, den om Spanien som vi sj\u00f6ng p\u00e5 varje gymnasiefest.<\/p>\n<p style=\"padding-left: 30px;\"><em>Svarta tupp, n\u00e4r du h\u00f6rs gala,<br \/>\n<\/em><em>blir det m\u00f6rkt, natten \u00e4r inne.<br \/>\n<\/em><em>Svarta tupp, n\u00e4r du h\u00f6rs gala,<br \/>\n<\/em><em>blir det m\u00f6rkt, natten \u00e4r inne.<\/em><\/p>\n<p style=\"padding-left: 30px;\"><em>Men n\u00e4r den r\u00f6da tuppen gal,<br \/>\n<\/em><em>d\u00e5 gryr morgonens timme.<br \/>\n<\/em><em>Men n\u00e4r den r\u00f6da tuppen gal,<br \/>\n<\/em><em>d\u00e5 gryr morgonens timme.<\/em><\/p>\n<p>Nu \u00e4r jag framme vid stranden. En ivrig hund talar tydligt om att jag b\u00f6r g\u00e5 en annan v\u00e4g \u00e4n den han vaktar. Jag lyder dig nu, s\u00e4ger jag till hunden. Jag lyder dig nu.<\/p>\n<p style=\"padding-left: 30px;\"><em>Sporre av j\u00e4rn har den ena<br \/>\n<\/em><em>men sitt mod \u00e4ger den andra.<\/em><\/p>\n<p><strong>2.<br \/>\n<\/strong><strong>EFTERMIDDAG. <\/strong>Siesta i vissa av butikerna. Svartkl\u00e4dda expediter sl\u00e4ntrar in p\u00e5 tapasrestaurangen Good Times p\u00e5 g\u00e5gatan Calle Limones f\u00f6r en snabb hamsandwich och cocacola. Sedan n\u00f6dv\u00e4ndig vila.<\/p>\n<p>Den spanska kv\u00e4llen \u00e4r l\u00e5ng, tolv och en halv mil fr\u00e5n Afrika.<\/p>\n<p><strong>3.<br \/>\n<\/strong><strong>KV\u00c4LLNING.<\/strong> Springer efter havet. Jaha, d\u00e4r \u00e4r det. St\u00e4ndigt <span style=\"color: #3366ff;\"><a style=\"color: #3366ff;\" href=\"http:\/\/tidningenkulturen.se\/index.php\/litteratur-topp\/litteraturens-portraett\/21237-om-goran-palm-havet-och-louvren\">denna dikt<\/a><\/span> av G\u00f6ran Palm. Precis som i bokhyllan p\u00e5 Grossbolstorp.<\/p>\n<p style=\"padding-left: 30px;\"><strong><em>#<\/em><\/strong><em> Dagen efter att jag skrivit detta i min svarta anteckningsbok ser jag i mobilen att f\u00f6rfattaren G\u00f6ran Palm har d\u00f6tt, efter ett gott och viktigt livsverk.<br \/>\n<\/em><strong><em>#<\/em><\/strong><em> Tack f\u00f6r <\/em><span style=\"color: #3366ff;\"><a style=\"color: #3366ff;\" href=\"https:\/\/sv.wikipedia.org\/wiki\/Indoktrineringen_i_Sverige\"><em>Indoktrineringen i Sverige<\/em><\/a><\/span><em>. Den \u00f6ppnade mina \u00f6gon. Tack f\u00f6r Havet.<\/em><\/p>\n<p><strong>4.<br \/>\n<\/strong><strong>\u00c4NNU SENARE KV\u00c4LL. <\/strong>Det \u00e4r n\u00e5got magiskt med spr\u00e5k. Danska i k\u00f6n till receptionen n\u00e4r vi checkar in, karlskogam\u00e5l i bussen hit, spanska \u00f6verallt f\u00f6rst\u00e5s och malligast \u00e4r tv\u00e5 tyska damer i designkl\u00e4der som sl\u00e5r sig ner vid restaurangbordet bredvid v\u00e5rt.<br \/>\n&#8211; Clean it up from other people, please! St\u00e4da upp det fr\u00e5n andra m\u00e4nniskor, tack.<\/p>\n<p>Allt g\u00e5r att s\u00e4ga. \u00d6ppna munnen och du ber\u00e4ttar mer \u00e4n du tror.<\/p>\n<p>Hur kom n\u00e5gon p\u00e5 att stol heter stol, sol sol och skrynkliga kanariska pot\u00e4ter \u2013 pot\u00e4ter? Eller ja, papas arrugadas. Gesterna sedan, gesterna.<\/p>\n<p>N\u00e4r jag f\u00f6r m\u00e5nga \u00e5r sedan for i chartrad buss till Venedig charmade en gammal mormor varenda kypare i Italien genom att of\u00f6rf\u00e4rat best\u00e4lla mat p\u00e5 bred Sunnedialekt. De d\u00f6pte henne genast till La Mama och gav henne exakt det hon ville ha. In i minsta detalj.<\/p>\n<p>Spr\u00e5k vill inte separera m\u00e4nniskor. Spr\u00e5k vill bli f\u00f6rst\u00e5tt. Allt sitter i viljan.<br \/>\n&#8211; En k\u00f6ttbet \u00e5 kl\u00f6ftpotatis. \u00c5 peppers\u00e5s.<\/p>\n<p><strong>5.<br \/>\n<\/strong><strong>EFTERTANKENS TID.<\/strong> Det finns ocks\u00e5 den ordl\u00f6sa kommunikationen. Bilisterna i Playa Blanca k\u00f6r som i San Francisco 1992. Lugnt och medm\u00e4nskligt. Visst finns h\u00e4r ivriga 25-\u00e5riga m\u00e4n, vi \u00e4r dock i Spanien, men de flesta stannar v\u00e4nligt n\u00e4r jag kommer joggande och stoppar min gps-klocka.<\/p>\n<p>Sn\u00e4ll gest med handen. Spring du, jag v\u00e4ntar.<\/p>\n<p><a href=\"https:\/\/sven-ove.nu\/wp-content\/uploads\/2016\/04\/Gatubild.jpg\"><img loading=\"lazy\" decoding=\"async\" class=\"alignright size-thumbnail wp-image-14717\" src=\"https:\/\/sven-ove.nu\/wp-content\/uploads\/2016\/04\/Gatubild-150x150.jpg\" alt=\"Gatubild\" width=\"150\" height=\"150\" \/><\/a><\/p>\n<p>Vid rondellen intill busstationen tackar jag med handen h\u00f6jd och mimar ett tacksamt \u201dThank you!\u201d med munnen, innan handen finner sig och skickar tummen upp p\u00e5 det internationella facebookspr\u00e5ket. Hon svarar med samma tecken tillbaka och jag \u00e4r k\u00e4r.<\/p>\n<p>Just s\u00e5. Just s\u00e5 enkelt kan livet vara.<\/p>\n<p>N\u00e4r jag sprintat \u00f6ver gatan med magen indragen far hon vidare och jag blir k\u00e4r p\u00e5 annat h\u00e5ll igen.<\/p>\n<p><em>(Lanzarote, april)<\/em><\/p>\n","protected":false},"excerpt":{"rendered":"<p>1. MORGON. Vandrar p\u00e5 vulkan\u00f6n, mitt i bl\u00e5svarta m\u00f6rkret 62 minuter innan solen g\u00e5r upp. D\u00e5 h\u00f6r jag det p\u00e5 l\u00e5ngt h\u00e5ll, f\u00f6r f\u00f6rsta g\u00e5ngen sedan vi s\u00e5lde g\u00e5rden i Nyed 1968. N\u00e5gonstans i en spansk bergsby ber\u00e4ttar en tupp att det \u00e4r morgon. Mig f\u00e5r han att g\u00e5 en hel dag och viska s\u00e5ngen &hellip; <a href=\"https:\/\/sven-ove.nu\/?p=14710\" class=\"more-link\">Forts\u00e4tt l\u00e4sa <span class=\"screen-reader-text\">Om tuppar, hav och hur jag blir k\u00e4r p\u00e5 annat h\u00e5ll<\/span><\/a><\/p>\n","protected":false},"author":1,"featured_media":0,"comment_status":"open","ping_status":"open","sticky":false,"template":"","format":"standard","meta":{"_crdt_document":"","_monsterinsights_skip_tracking":false,"_monsterinsights_sitenote_active":false,"_monsterinsights_sitenote_note":"","_monsterinsights_sitenote_category":0,"footnotes":""},"categories":[10,9],"tags":[24,21,17],"class_list":["post-14710","post","type-post","status-publish","format-standard","hentry","category-familjen","category-politik","tag-karlek","tag-ord","tag-solidaritet"],"_links":{"self":[{"href":"https:\/\/sven-ove.nu\/index.php?rest_route=\/wp\/v2\/posts\/14710","targetHints":{"allow":["GET"]}}],"collection":[{"href":"https:\/\/sven-ove.nu\/index.php?rest_route=\/wp\/v2\/posts"}],"about":[{"href":"https:\/\/sven-ove.nu\/index.php?rest_route=\/wp\/v2\/types\/post"}],"author":[{"embeddable":true,"href":"https:\/\/sven-ove.nu\/index.php?rest_route=\/wp\/v2\/users\/1"}],"replies":[{"embeddable":true,"href":"https:\/\/sven-ove.nu\/index.php?rest_route=%2Fwp%2Fv2%2Fcomments&post=14710"}],"version-history":[{"count":5,"href":"https:\/\/sven-ove.nu\/index.php?rest_route=\/wp\/v2\/posts\/14710\/revisions"}],"predecessor-version":[{"id":14718,"href":"https:\/\/sven-ove.nu\/index.php?rest_route=\/wp\/v2\/posts\/14710\/revisions\/14718"}],"wp:attachment":[{"href":"https:\/\/sven-ove.nu\/index.php?rest_route=%2Fwp%2Fv2%2Fmedia&parent=14710"}],"wp:term":[{"taxonomy":"category","embeddable":true,"href":"https:\/\/sven-ove.nu\/index.php?rest_route=%2Fwp%2Fv2%2Fcategories&post=14710"},{"taxonomy":"post_tag","embeddable":true,"href":"https:\/\/sven-ove.nu\/index.php?rest_route=%2Fwp%2Fv2%2Ftags&post=14710"}],"curies":[{"name":"wp","href":"https:\/\/api.w.org\/{rel}","templated":true}]}}