{"id":14719,"date":"2016-04-28T03:00:44","date_gmt":"2016-04-28T02:00:44","guid":{"rendered":"http:\/\/sven-ove.nu\/?p=14719"},"modified":"2016-04-27T17:24:05","modified_gmt":"2016-04-27T16:24:05","slug":"14719","status":"publish","type":"post","link":"https:\/\/sven-ove.nu\/?p=14719","title":{"rendered":"V\u00e4nta, det namnet k\u00e4nner vi igen"},"content":{"rendered":"<p><a href=\"https:\/\/sven-ove.nu\/wp-content\/uploads\/2016\/04\/Palmes-aveny.jpg\"><img loading=\"lazy\" decoding=\"async\" class=\"size-large wp-image-14724 alignnone\" src=\"https:\/\/sven-ove.nu\/wp-content\/uploads\/2016\/04\/Palmes-aveny-1019x1024.jpg\" alt=\"Palmes aveny\" width=\"660\" height=\"663\" srcset=\"https:\/\/sven-ove.nu\/wp-content\/uploads\/2016\/04\/Palmes-aveny-1019x1024.jpg 1019w, https:\/\/sven-ove.nu\/wp-content\/uploads\/2016\/04\/Palmes-aveny-150x150.jpg 150w, https:\/\/sven-ove.nu\/wp-content\/uploads\/2016\/04\/Palmes-aveny-300x300.jpg 300w, https:\/\/sven-ove.nu\/wp-content\/uploads\/2016\/04\/Palmes-aveny.jpg 1224w\" sizes=\"auto, (max-width: 660px) 100vw, 660px\" \/><\/a><\/p>\n<p>N\u00e5gon nypolerad Reinfeldt-gata eller m\u00f6rk Bohman-gr\u00e4nd ser vi inte till. D\u00e4remot \u00e4r en annan statsman k\u00e4nd p\u00e5 kanarie\u00f6n Lanzarote. En av de st\u00f6rre avenyerna i huvudstaden Arrecife har f\u00e5tt sitt namn efter Olof Palme.<\/p>\n<p>Han som en g\u00e5ng sa s\u00e5h\u00e4r om sin socialism:<br \/>\n<span style=\"color: #ff0000;\"><strong><a style=\"color: #ff0000;\" href=\"https:\/\/www.youtube.com\/watch?v=7V7IqUjFcoQ\">Palme i SVT:s valdebatt 1982:<br \/>\nD\u00e4rf\u00f6r \u00e4r jag demokratisk socialist<\/a><\/strong><\/span><\/p>\n<p>Inte var jag alltid \u00f6verens med Palme, det \u00e4r jag fortfarande inte. Fast visst l\u00e4ngtar jag efter visionen, argumentationsf\u00f6rm\u00e5gan och regeringsdugligheten. Plus att han v\u00e5gade tala stolt i 3 minuter och 57 sekunder om <strong>socialism<\/strong> i en valdebatt.<\/p>\n<p>Han ser inte \u00e4ngslig ut en enda g\u00e5ng n\u00e4r han s\u00e4ger ordet.<\/p>\n<p><a href=\"https:\/\/sven-ove.nu\/wp-content\/uploads\/2016\/04\/Karta-Olof-Palme.jpg\"><img loading=\"lazy\" decoding=\"async\" class=\"alignright size-thumbnail wp-image-14723\" src=\"https:\/\/sven-ove.nu\/wp-content\/uploads\/2016\/04\/Karta-Olof-Palme-150x150.jpg\" alt=\"Karta Olof Palme\" width=\"150\" height=\"150\" \/><\/a>Klicka p\u00e5 l\u00e4nken och lyssna nu. Det \u00e4r inte Karl Marx, det \u00e4r inte Axel Danielsson ens, men det \u00e4r f\u00f6rbaske mig vackert.<\/p>\n<p><em>(Lanzarote, april)<\/em><\/p>\n","protected":false},"excerpt":{"rendered":"<p>N\u00e5gon nypolerad Reinfeldt-gata eller m\u00f6rk Bohman-gr\u00e4nd ser vi inte till. D\u00e4remot \u00e4r en annan statsman k\u00e4nd p\u00e5 kanarie\u00f6n Lanzarote. En av de st\u00f6rre avenyerna i huvudstaden Arrecife har f\u00e5tt sitt namn efter Olof Palme. Han som en g\u00e5ng sa s\u00e5h\u00e4r om sin socialism: Palme i SVT:s valdebatt 1982: D\u00e4rf\u00f6r \u00e4r jag demokratisk socialist Inte var &hellip; <a href=\"https:\/\/sven-ove.nu\/?p=14719\" class=\"more-link\">Forts\u00e4tt l\u00e4sa <span class=\"screen-reader-text\">V\u00e4nta, det namnet k\u00e4nner vi igen<\/span><\/a><\/p>\n","protected":false},"author":1,"featured_media":0,"comment_status":"open","ping_status":"open","sticky":false,"template":"","format":"standard","meta":{"_crdt_document":"","_monsterinsights_skip_tracking":false,"_monsterinsights_sitenote_active":false,"_monsterinsights_sitenote_note":"","_monsterinsights_sitenote_category":0,"footnotes":""},"categories":[9],"tags":[8,21,17],"class_list":["post-14719","post","type-post","status-publish","format-standard","hentry","category-politik","tag-historia","tag-ord","tag-solidaritet"],"_links":{"self":[{"href":"https:\/\/sven-ove.nu\/index.php?rest_route=\/wp\/v2\/posts\/14719","targetHints":{"allow":["GET"]}}],"collection":[{"href":"https:\/\/sven-ove.nu\/index.php?rest_route=\/wp\/v2\/posts"}],"about":[{"href":"https:\/\/sven-ove.nu\/index.php?rest_route=\/wp\/v2\/types\/post"}],"author":[{"embeddable":true,"href":"https:\/\/sven-ove.nu\/index.php?rest_route=\/wp\/v2\/users\/1"}],"replies":[{"embeddable":true,"href":"https:\/\/sven-ove.nu\/index.php?rest_route=%2Fwp%2Fv2%2Fcomments&post=14719"}],"version-history":[{"count":6,"href":"https:\/\/sven-ove.nu\/index.php?rest_route=\/wp\/v2\/posts\/14719\/revisions"}],"predecessor-version":[{"id":14727,"href":"https:\/\/sven-ove.nu\/index.php?rest_route=\/wp\/v2\/posts\/14719\/revisions\/14727"}],"wp:attachment":[{"href":"https:\/\/sven-ove.nu\/index.php?rest_route=%2Fwp%2Fv2%2Fmedia&parent=14719"}],"wp:term":[{"taxonomy":"category","embeddable":true,"href":"https:\/\/sven-ove.nu\/index.php?rest_route=%2Fwp%2Fv2%2Fcategories&post=14719"},{"taxonomy":"post_tag","embeddable":true,"href":"https:\/\/sven-ove.nu\/index.php?rest_route=%2Fwp%2Fv2%2Ftags&post=14719"}],"curies":[{"name":"wp","href":"https:\/\/api.w.org\/{rel}","templated":true}]}}