{"id":14759,"date":"2016-05-03T03:00:32","date_gmt":"2016-05-03T02:00:32","guid":{"rendered":"http:\/\/sven-ove.nu\/?p=14759"},"modified":"2016-05-02T12:37:47","modified_gmt":"2016-05-02T11:37:47","slug":"14759","status":"publish","type":"post","link":"https:\/\/sven-ove.nu\/?p=14759","title":{"rendered":"\u00c4ntligen dags att g\u00e5 vidare?"},"content":{"rendered":"<p><a href=\"https:\/\/sven-ove.nu\/wp-content\/uploads\/2016\/05\/Tant-Gr\u00f6n.jpg\"><img loading=\"lazy\" decoding=\"async\" class=\"size-large wp-image-14763 alignnone\" src=\"https:\/\/sven-ove.nu\/wp-content\/uploads\/2016\/05\/Tant-Gr\u00f6n-768x1024.jpg\" alt=\"Tant Gr\u00f6n\" width=\"660\" height=\"880\" srcset=\"https:\/\/sven-ove.nu\/wp-content\/uploads\/2016\/05\/Tant-Gr\u00f6n-768x1024.jpg 768w, https:\/\/sven-ove.nu\/wp-content\/uploads\/2016\/05\/Tant-Gr\u00f6n-225x300.jpg 225w\" sizes=\"auto, (max-width: 660px) 100vw, 660px\" \/><\/a><\/p>\n<blockquote><p>Det b\u00f6rjar bli dags att g\u00e5 vidare, det \u00e4r \u00e4nd\u00e5 47 \u00e5r sedan.<br \/>\nBrukar jag inte p\u00e5st\u00e5 att jag tror p\u00e5 f\u00f6rl\u00e5telse?<\/p><\/blockquote>\n<p>S\u00e5h\u00e4r \u00e4r det. I juli m\u00e5nad \u00e5r 1969 gjorde jag min Grand Tour genom Europa, med liftartummens och min v\u00e4n Q:s hj\u00e4lp. Vi kom till Paris, London och Amsterdam och sedan kom vi hem.<\/p>\n<p>Det vill s\u00e4ga, inte riktigt. Jag liftade ensam fr\u00e5n Amsterdam och allt gick bra. S\u00e5g holl\u00e4ndarnas stora damm ytterst mot havet, den med bilv\u00e4g p\u00e5, s\u00e5g Bryssel som hastigast, drack outsp\u00e4dd apelsinsaft i Odense och fick lift ut ur Malm\u00f6 mitt i natten.<\/p>\n<p>Det stod alltid ett g\u00e4ng liftare vid utfarten fr\u00e5n varje st\u00f6rre stad den g\u00e5ngen. Jag fick s\u00e4llskap med en stockholmare, vi skildes \u00e5t i N\u00e4rke n\u00e4r han skulle \u00f6sterut. N\u00e4sta v\u00e4nliga sj\u00e4l st\u00e4llde av mig en bit utanf\u00f6r \u00d6rebro, p\u00e5 en rakstr\u00e4cka d\u00e4r. Klockan var halv nio p\u00e5 morgonen, solen sken.<\/p>\n<p><strong>Arga bokst\u00e4ver<br \/>\n<\/strong>Vintrosa. Det namnet \u00e4r f\u00f6r alltid inskrivet med arga r\u00f6da bokst\u00e4ver i mitt minne. D\u00e4r, vid infarten till samh\u00e4llet, stod jag en hel dag och f\u00f6rs\u00f6kte att inte se orakad och livsfarlig ut. Det gick inget bra. Vid femtiden p\u00e5 eftermiddagen fick jag ta bussen till Karlskoga, d\u00e4rifr\u00e5n fick jag \u00e4ntligen lift i tv\u00e5 steg, \u00e4nda hem till v\u00e5r by.<\/p>\n<p>Vintrosa har jag aldrig f\u00f6rl\u00e5tit. De tar inte upp liftare d\u00e4r. N\u00e4r vi passerat orten genom \u00e5ren har jag tittat bort i protest och n\u00e4r E18 byggdes om, och lades s\u00e5 l\u00e5ngt bort fr\u00e5n samh\u00e4llet att det inte syns, blev jag riktigt lycklig.<\/p>\n<p><strong>Tant Gr\u00f6n? G\u00e4rna<br \/>\n<\/strong>&#8211; Ska vi inte \u00e5ka till Tant Gr\u00f6n och fika? sa den k\u00e4ra v\u00e4nnen i helgen. Det ska vara s\u00e5 trevligt har jag h\u00f6rt.<\/p>\n<p>N\u00e4r vi tittat f\u00e4rdigt p\u00e5 skivm\u00e4ssan i Bj\u00f6rneborg och satt oss i bilen igen ber\u00e4ttar hon i f\u00f6rbig\u00e5ende var den gr\u00f6na butiken och <span style=\"color: #008000;\"><strong><a style=\"color: #008000;\" href=\"http:\/\/www.tant-gron.nu\/#\/\">tr\u00e4dg\u00e5rdskaf\u00e9t<\/a><\/strong><\/span> ligger. I Vintrosa.<\/p>\n<p>&#8211; Vad sa du, sa du?!!<\/p>\n<p><strong>Till beslut<br \/>\n<\/strong>S\u00e5 kommer det sig att jag den 1 maj 2016 slutligen best\u00e4mmer mig f\u00f6r att f\u00f6rl\u00e5ta vintrosaborna f\u00f6r vad som inte h\u00e4nde den 31 juli 1969. R\u00e4ksm\u00f6rg\u00e5sen \u00e4r underbar, Budapest-bakelsen frisk och p\u00e5 andra sidan staketet studsar nyutsl\u00e4ppta lamm omkring och leker f\u00e5rsl\u00e4pp.<\/p>\n<p>Jag \u00e4r ju inte l\u00e5ngsint.<\/p>\n","protected":false},"excerpt":{"rendered":"<p>Det b\u00f6rjar bli dags att g\u00e5 vidare, det \u00e4r \u00e4nd\u00e5 47 \u00e5r sedan. Brukar jag inte p\u00e5st\u00e5 att jag tror p\u00e5 f\u00f6rl\u00e5telse? S\u00e5h\u00e4r \u00e4r det. I juli m\u00e5nad \u00e5r 1969 gjorde jag min Grand Tour genom Europa, med liftartummens och min v\u00e4n Q:s hj\u00e4lp. Vi kom till Paris, London och Amsterdam och sedan kom vi &hellip; <a href=\"https:\/\/sven-ove.nu\/?p=14759\" class=\"more-link\">Forts\u00e4tt l\u00e4sa <span class=\"screen-reader-text\">\u00c4ntligen dags att g\u00e5 vidare?<\/span><\/a><\/p>\n","protected":false},"author":1,"featured_media":0,"comment_status":"open","ping_status":"open","sticky":false,"template":"","format":"standard","meta":{"_crdt_document":"","_monsterinsights_skip_tracking":false,"_monsterinsights_sitenote_active":false,"_monsterinsights_sitenote_note":"","_monsterinsights_sitenote_category":0,"footnotes":""},"categories":[10],"tags":[16,8],"class_list":["post-14759","post","type-post","status-publish","format-standard","hentry","category-familjen","tag-dumheter","tag-historia"],"_links":{"self":[{"href":"https:\/\/sven-ove.nu\/index.php?rest_route=\/wp\/v2\/posts\/14759","targetHints":{"allow":["GET"]}}],"collection":[{"href":"https:\/\/sven-ove.nu\/index.php?rest_route=\/wp\/v2\/posts"}],"about":[{"href":"https:\/\/sven-ove.nu\/index.php?rest_route=\/wp\/v2\/types\/post"}],"author":[{"embeddable":true,"href":"https:\/\/sven-ove.nu\/index.php?rest_route=\/wp\/v2\/users\/1"}],"replies":[{"embeddable":true,"href":"https:\/\/sven-ove.nu\/index.php?rest_route=%2Fwp%2Fv2%2Fcomments&post=14759"}],"version-history":[{"count":6,"href":"https:\/\/sven-ove.nu\/index.php?rest_route=\/wp\/v2\/posts\/14759\/revisions"}],"predecessor-version":[{"id":14766,"href":"https:\/\/sven-ove.nu\/index.php?rest_route=\/wp\/v2\/posts\/14759\/revisions\/14766"}],"wp:attachment":[{"href":"https:\/\/sven-ove.nu\/index.php?rest_route=%2Fwp%2Fv2%2Fmedia&parent=14759"}],"wp:term":[{"taxonomy":"category","embeddable":true,"href":"https:\/\/sven-ove.nu\/index.php?rest_route=%2Fwp%2Fv2%2Fcategories&post=14759"},{"taxonomy":"post_tag","embeddable":true,"href":"https:\/\/sven-ove.nu\/index.php?rest_route=%2Fwp%2Fv2%2Ftags&post=14759"}],"curies":[{"name":"wp","href":"https:\/\/api.w.org\/{rel}","templated":true}]}}