{"id":14768,"date":"2016-05-05T03:00:28","date_gmt":"2016-05-05T02:00:28","guid":{"rendered":"http:\/\/sven-ove.nu\/?p=14768"},"modified":"2016-05-04T10:24:08","modified_gmt":"2016-05-04T09:24:08","slug":"14768","status":"publish","type":"post","link":"https:\/\/sven-ove.nu\/?p=14768","title":{"rendered":"Ni borde sk\u00e4mmas"},"content":{"rendered":"<p><a href=\"https:\/\/sven-ove.nu\/wp-content\/uploads\/2016\/05\/Opersonliga.001.jpg\"><img loading=\"lazy\" decoding=\"async\" class=\"size-full wp-image-14772 alignnone\" src=\"https:\/\/sven-ove.nu\/wp-content\/uploads\/2016\/05\/Opersonliga.001.jpg\" alt=\"Opersonliga.001\" width=\"752\" height=\"526\" srcset=\"https:\/\/sven-ove.nu\/wp-content\/uploads\/2016\/05\/Opersonliga.001.jpg 752w, https:\/\/sven-ove.nu\/wp-content\/uploads\/2016\/05\/Opersonliga.001-300x210.jpg 300w\" sizes=\"auto, (max-width: 752px) 100vw, 752px\" \/><\/a><\/p>\n<p style=\"padding-left: 30px;\"><em>Enk\u00e4t i VF om\u00a0f\u00f6rskolepersonalens arbetskl\u00e4der.<\/em><\/p>\n<blockquote><p>Du vet hur det \u00e4r med kommunenk\u00e4ter till tidningarna. Eller, det kanske du inte vet nej. Det \u00e4r ett skitjobb f\u00f6r den journalist som ska g\u00f6ra enk\u00e4ten. Alltid \u00e4r det n\u00e5gra som kr\u00e5nglar och l\u00e5ter bli att svara, eller s\u00e5 svarar de p\u00e5 en annan fr\u00e5ga som \u00e4r l\u00e4ttare att motivera.<\/p><\/blockquote>\n<p>Journalistiskt skitjobb men bra l\u00e4sning n\u00e4r sammanst\u00e4llningen v\u00e4l \u00e4r tryckt.\u00a0Sedan kommer korrigeringarna.<\/p>\n<p>H\u00e4r f\u00f6ljer en s\u00e5dan korrigering fr\u00e5n signaturen Arg skattebetalare. Vad \u00e4r det f\u00f6r en djuping som har svarat f\u00f6r Forshaga kommuns r\u00e4kning i V\u00e4rmlands Folkblad den 2 maj, p\u00e5 fr\u00e5gan om huruvida f\u00f6rskolepersonalen f\u00e5r arbetskl\u00e4der? \u201dOpersonliga ytterkl\u00e4der att l\u00e5na\u201d st\u00e5r det. Vad innerst inne i gl\u00f6dheta \u00e4r det f\u00f6r sorts kl\u00e4der? B\u00e4r min kommuns politiker personliga kl\u00e4der de, kanske tj\u00e4nstem\u00e4nnen med, men f\u00f6rskoll\u00e4rarna i barnkommunen f\u00e5r dra p\u00e5 sig ett opersonligt plagg? Hur \u00e4r det plagget kn\u00e4ppt?<\/p>\n<p>Hela svaret \u00e4r kn\u00e4ppt, m\u00e4rker ni inte det?<\/p>\n<p><strong>Lilla och stora surheten<br \/>\n<\/strong>F\u00f6rl\u00e5t, men ibland blir en sur. Det f\u00f6rsta jag som m\u00e5ng\u00e5rig make till en f\u00f6rskoll\u00e4rare blir sur p\u00e5 \u00e4r att ingen enda i f\u00f6rskolepersonalen tycks k\u00e4nna till dessa opersonliga plagg som de har r\u00e4tt till. Det \u00e4r den lilla surheten. Den stora surheten \u00e4r denna eviga genusfr\u00e5ga.<\/p>\n<p>Kan n\u00e5gon politiker i barnkommunen Forshaga eller andra ber\u00f6rda kommuner \u00e4rligen f\u00f6rklara f\u00f6r mig och sin personal vad det \u00e4r som g\u00f6r att gatukontorets folk f\u00e5r arbetskl\u00e4der men inte f\u00f6rskolornas personal?<\/p>\n<p>Om ni inte vill erk\u00e4nna det ens f\u00f6r er sj\u00e4lva, s\u00e5 kan jag avsl\u00f6ja hur ni t\u00e4nkte. Det beror p\u00e5 att de som sk\u00f6ter gatorna har snopp, t\u00e4nkte ni. Och d\u00e5 \u00e4r det ju skillnad.<\/p>\n<p>Ni borde sk\u00e4mmas.<\/p>\n","protected":false},"excerpt":{"rendered":"<p>Enk\u00e4t i VF om\u00a0f\u00f6rskolepersonalens arbetskl\u00e4der. Du vet hur det \u00e4r med kommunenk\u00e4ter till tidningarna. Eller, det kanske du inte vet nej. Det \u00e4r ett skitjobb f\u00f6r den journalist som ska g\u00f6ra enk\u00e4ten. Alltid \u00e4r det n\u00e5gra som kr\u00e5nglar och l\u00e5ter bli att svara, eller s\u00e5 svarar de p\u00e5 en annan fr\u00e5ga som \u00e4r l\u00e4ttare att &hellip; <a href=\"https:\/\/sven-ove.nu\/?p=14768\" class=\"more-link\">Forts\u00e4tt l\u00e4sa <span class=\"screen-reader-text\">Ni borde sk\u00e4mmas<\/span><\/a><\/p>\n","protected":false},"author":1,"featured_media":0,"comment_status":"open","ping_status":"open","sticky":false,"template":"","format":"standard","meta":{"_crdt_document":"","_monsterinsights_skip_tracking":false,"_monsterinsights_sitenote_active":false,"_monsterinsights_sitenote_note":"","_monsterinsights_sitenote_category":0,"footnotes":""},"categories":[9],"tags":[16,14,15,13],"class_list":["post-14768","post","type-post","status-publish","format-standard","hentry","category-politik","tag-dumheter","tag-lasning","tag-mediedjungeln","tag-utrustning"],"_links":{"self":[{"href":"https:\/\/sven-ove.nu\/index.php?rest_route=\/wp\/v2\/posts\/14768","targetHints":{"allow":["GET"]}}],"collection":[{"href":"https:\/\/sven-ove.nu\/index.php?rest_route=\/wp\/v2\/posts"}],"about":[{"href":"https:\/\/sven-ove.nu\/index.php?rest_route=\/wp\/v2\/types\/post"}],"author":[{"embeddable":true,"href":"https:\/\/sven-ove.nu\/index.php?rest_route=\/wp\/v2\/users\/1"}],"replies":[{"embeddable":true,"href":"https:\/\/sven-ove.nu\/index.php?rest_route=%2Fwp%2Fv2%2Fcomments&post=14768"}],"version-history":[{"count":5,"href":"https:\/\/sven-ove.nu\/index.php?rest_route=\/wp\/v2\/posts\/14768\/revisions"}],"predecessor-version":[{"id":14774,"href":"https:\/\/sven-ove.nu\/index.php?rest_route=\/wp\/v2\/posts\/14768\/revisions\/14774"}],"wp:attachment":[{"href":"https:\/\/sven-ove.nu\/index.php?rest_route=%2Fwp%2Fv2%2Fmedia&parent=14768"}],"wp:term":[{"taxonomy":"category","embeddable":true,"href":"https:\/\/sven-ove.nu\/index.php?rest_route=%2Fwp%2Fv2%2Fcategories&post=14768"},{"taxonomy":"post_tag","embeddable":true,"href":"https:\/\/sven-ove.nu\/index.php?rest_route=%2Fwp%2Fv2%2Ftags&post=14768"}],"curies":[{"name":"wp","href":"https:\/\/api.w.org\/{rel}","templated":true}]}}