{"id":14830,"date":"2016-05-18T08:34:09","date_gmt":"2016-05-18T07:34:09","guid":{"rendered":"http:\/\/sven-ove.nu\/?p=14830"},"modified":"2016-05-18T08:41:39","modified_gmt":"2016-05-18T07:41:39","slug":"lokala-sopor-och-knarrare","status":"publish","type":"post","link":"https:\/\/sven-ove.nu\/?p=14830","title":{"rendered":"Lokala sopor och knarrare"},"content":{"rendered":"<p><a href=\"https:\/\/sven-ove.nu\/wp-content\/uploads\/2016\/05\/Bonaden.jpg\"><img loading=\"lazy\" decoding=\"async\" class=\"size-large wp-image-14833 alignnone\" src=\"https:\/\/sven-ove.nu\/wp-content\/uploads\/2016\/05\/Bonaden-1024x768.jpg\" alt=\"Bonaden\" width=\"660\" height=\"495\" srcset=\"https:\/\/sven-ove.nu\/wp-content\/uploads\/2016\/05\/Bonaden-1024x768.jpg 1024w, https:\/\/sven-ove.nu\/wp-content\/uploads\/2016\/05\/Bonaden-300x225.jpg 300w\" sizes=\"auto, (max-width: 660px) 100vw, 660px\" \/><\/a><\/p>\n<p>Livet g\u00e5r sin gilla g\u00e5ng. Nyss var vi till soptippen i Deje f\u00f6r allra sista g\u00e5ngen med h\u00f6stens och v\u00e5rens hopsamlade \u00f6verfl\u00f6d fr\u00e5n tr\u00e4dg\u00e5rdskompost och garage. Nu l\u00e4ser jag i lokala annonsbladet att nya \u00e5tervinningscentralen \u00f6ppnar den 1 juni.<\/p>\n<p>En i familjen hoppas innerligt att en slipper backa med k\u00e4rra d\u00e4r.<\/p>\n<p>Hon som kan.<\/p>\n<p><em><span style=\"color: #339966;\"><strong>###<\/strong><\/span> F\u00f6r tre \u00e5r sedan uppt\u00e4ckte jag att vi bodde n\u00e4stan granne med kornknarren. (L\u00e4s mer <span style=\"color: #3366ff;\"><a style=\"color: #3366ff;\" href=\"https:\/\/sven-ove.nu\/?p=5915\">h\u00e4r<\/a><\/span>).<br \/>\n<\/em><em><span style=\"color: #339966;\"><strong>###<\/strong><\/span> F\u00f6rmodligen hade vi gjort det sedan 1983 n\u00e4r vi flyttade hit.<br \/>\n<\/em><em><span style=\"color: #339966;\"><strong>###<\/strong> <\/span>Hoppas, hoppas, hoppas att han stannar kvar i omr\u00e5det, fast det blivit sopcentral d\u00e4r vi h\u00f6rde honom i fjol.<\/em><\/p>\n","protected":false},"excerpt":{"rendered":"<p>Livet g\u00e5r sin gilla g\u00e5ng. Nyss var vi till soptippen i Deje f\u00f6r allra sista g\u00e5ngen med h\u00f6stens och v\u00e5rens hopsamlade \u00f6verfl\u00f6d fr\u00e5n tr\u00e4dg\u00e5rdskompost och garage. Nu l\u00e4ser jag i lokala annonsbladet att nya \u00e5tervinningscentralen \u00f6ppnar den 1 juni. En i familjen hoppas innerligt att en slipper backa med k\u00e4rra d\u00e4r. Hon som kan. ### &hellip; <a href=\"https:\/\/sven-ove.nu\/?p=14830\" class=\"more-link\">Forts\u00e4tt l\u00e4sa <span class=\"screen-reader-text\">Lokala sopor och knarrare<\/span><\/a><\/p>\n","protected":false},"author":1,"featured_media":0,"comment_status":"open","ping_status":"open","sticky":false,"template":"","format":"standard","meta":{"_crdt_document":"","_monsterinsights_skip_tracking":false,"_monsterinsights_sitenote_active":false,"_monsterinsights_sitenote_note":"","_monsterinsights_sitenote_category":0,"footnotes":""},"categories":[10,6],"tags":[24,7],"class_list":["post-14830","post","type-post","status-publish","format-standard","hentry","category-familjen","category-natur","tag-karlek","tag-miljo"],"_links":{"self":[{"href":"https:\/\/sven-ove.nu\/index.php?rest_route=\/wp\/v2\/posts\/14830","targetHints":{"allow":["GET"]}}],"collection":[{"href":"https:\/\/sven-ove.nu\/index.php?rest_route=\/wp\/v2\/posts"}],"about":[{"href":"https:\/\/sven-ove.nu\/index.php?rest_route=\/wp\/v2\/types\/post"}],"author":[{"embeddable":true,"href":"https:\/\/sven-ove.nu\/index.php?rest_route=\/wp\/v2\/users\/1"}],"replies":[{"embeddable":true,"href":"https:\/\/sven-ove.nu\/index.php?rest_route=%2Fwp%2Fv2%2Fcomments&post=14830"}],"version-history":[{"count":7,"href":"https:\/\/sven-ove.nu\/index.php?rest_route=\/wp\/v2\/posts\/14830\/revisions"}],"predecessor-version":[{"id":14838,"href":"https:\/\/sven-ove.nu\/index.php?rest_route=\/wp\/v2\/posts\/14830\/revisions\/14838"}],"wp:attachment":[{"href":"https:\/\/sven-ove.nu\/index.php?rest_route=%2Fwp%2Fv2%2Fmedia&parent=14830"}],"wp:term":[{"taxonomy":"category","embeddable":true,"href":"https:\/\/sven-ove.nu\/index.php?rest_route=%2Fwp%2Fv2%2Fcategories&post=14830"},{"taxonomy":"post_tag","embeddable":true,"href":"https:\/\/sven-ove.nu\/index.php?rest_route=%2Fwp%2Fv2%2Ftags&post=14830"}],"curies":[{"name":"wp","href":"https:\/\/api.w.org\/{rel}","templated":true}]}}