{"id":14839,"date":"2016-05-20T03:00:42","date_gmt":"2016-05-20T02:00:42","guid":{"rendered":"http:\/\/sven-ove.nu\/?p=14839"},"modified":"2016-05-19T20:39:51","modified_gmt":"2016-05-19T19:39:51","slug":"nar-minsta-cykelpump-ska-vara-inkluderande","status":"publish","type":"post","link":"https:\/\/sven-ove.nu\/?p=14839","title":{"rendered":"N\u00e4r minsta cykelpump ska vara &#8221;inkluderande&#8221;"},"content":{"rendered":"<p><a href=\"https:\/\/sven-ove.nu\/wp-content\/uploads\/2016\/05\/K\u00e4rrar.jpg\"><img loading=\"lazy\" decoding=\"async\" class=\"size-large wp-image-14842 alignnone\" src=\"https:\/\/sven-ove.nu\/wp-content\/uploads\/2016\/05\/K\u00e4rrar-995x1024.jpg\" alt=\"K\u00e4rrar\" width=\"660\" height=\"679\" srcset=\"https:\/\/sven-ove.nu\/wp-content\/uploads\/2016\/05\/K\u00e4rrar-995x1024.jpg 995w, https:\/\/sven-ove.nu\/wp-content\/uploads\/2016\/05\/K\u00e4rrar-291x300.jpg 291w\" sizes=\"auto, (max-width: 660px) 100vw, 660px\" \/><\/a><\/p>\n<blockquote><p>Alla dessa modeord. Nyss skulle allt vara transparent, nu ska minsta cykelpump vara inkluderande.<\/p><\/blockquote>\n<p>Jag har inget emot vare sig \u00f6ppenhet eller m\u00e4nsklig medr\u00e4kning. Det \u00e4r den ensidiga spr\u00e5kkosten som tr\u00f6ttar.<\/p>\n<p>&#8221;Ett modernt och inkluderande ledarskap&#8221; ser jag att en samh\u00e4llstidning efterlyser i en f\u00e4rsk chefsannons. Alla som f\u00f6ljer det bladet noterar att formuleringen \u00e4r b\u00e5de &#8221;transparent&#8221; och &#8221;inkluderande&#8221;. Den \u00e4r rena sj\u00e4lvironin, som kommentar till f\u00f6rre chefens ledarstil, om vi f\u00e5r tro rapporterna. S\u00e5dant l\u00e4ser jag mellan raderna.<\/p>\n<p>Hen ska vara f\u00f6rnyare ocks\u00e5.<br \/>\nSa jag entrepren\u00f6r?<\/p>\n<p style=\"padding-left: 30px;\">Saker som jag f\u00e5tt l\u00e4ra mig genom \u00e5ren:<br \/>\n<em><span style=\"color: #3366ff;\">#<\/span> Sitter du f\u00f6r l\u00e4nge i en myrstack g\u00f6r det ont. (2 \u00e5r gammal).<br \/>\n<\/em><em><span style=\"color: #3366ff;\">#<\/span> V\u00e4xlar du mopeden ofta sliter det ut dina vinr\u00f6da mockaboots ovantill. (16 \u00e5r).<br \/>\n<\/em><em><span style=\"color: #3366ff;\">#<\/span> Dubbelklicka. (43 \u00e5r).<br \/>\n<\/em><em><span style=\"color: #3366ff;\">#<\/span> Dubbelklicka inte s\u00e5 bedr\u00f6vligt. (56 \u00e5r).<br \/>\n<\/em><em><span style=\"color: #3366ff;\">#<\/span> Sitter du f\u00f6r l\u00e4nge i ett kontorslandskap g\u00f6r det ont.\u00a0<\/em><\/p>\n","protected":false},"excerpt":{"rendered":"<p>Alla dessa modeord. Nyss skulle allt vara transparent, nu ska minsta cykelpump vara inkluderande. Jag har inget emot vare sig \u00f6ppenhet eller m\u00e4nsklig medr\u00e4kning. Det \u00e4r den ensidiga spr\u00e5kkosten som tr\u00f6ttar. &#8221;Ett modernt och inkluderande ledarskap&#8221; ser jag att en samh\u00e4llstidning efterlyser i en f\u00e4rsk chefsannons. Alla som f\u00f6ljer det bladet noterar att formuleringen \u00e4r &hellip; <a href=\"https:\/\/sven-ove.nu\/?p=14839\" class=\"more-link\">Forts\u00e4tt l\u00e4sa <span class=\"screen-reader-text\">N\u00e4r minsta cykelpump ska vara &#8221;inkluderande&#8221;<\/span><\/a><\/p>\n","protected":false},"author":1,"featured_media":0,"comment_status":"open","ping_status":"open","sticky":false,"template":"","format":"standard","meta":{"_crdt_document":"","_monsterinsights_skip_tracking":false,"_monsterinsights_sitenote_active":false,"_monsterinsights_sitenote_note":"","_monsterinsights_sitenote_category":0,"footnotes":""},"categories":[10,4],"tags":[3,18,14,21],"class_list":["post-14839","post","type-post","status-publish","format-standard","hentry","category-familjen","category-skrivande","tag-arbete","tag-lardomar","tag-lasning","tag-ord"],"_links":{"self":[{"href":"https:\/\/sven-ove.nu\/index.php?rest_route=\/wp\/v2\/posts\/14839","targetHints":{"allow":["GET"]}}],"collection":[{"href":"https:\/\/sven-ove.nu\/index.php?rest_route=\/wp\/v2\/posts"}],"about":[{"href":"https:\/\/sven-ove.nu\/index.php?rest_route=\/wp\/v2\/types\/post"}],"author":[{"embeddable":true,"href":"https:\/\/sven-ove.nu\/index.php?rest_route=\/wp\/v2\/users\/1"}],"replies":[{"embeddable":true,"href":"https:\/\/sven-ove.nu\/index.php?rest_route=%2Fwp%2Fv2%2Fcomments&post=14839"}],"version-history":[{"count":11,"href":"https:\/\/sven-ove.nu\/index.php?rest_route=\/wp\/v2\/posts\/14839\/revisions"}],"predecessor-version":[{"id":14851,"href":"https:\/\/sven-ove.nu\/index.php?rest_route=\/wp\/v2\/posts\/14839\/revisions\/14851"}],"wp:attachment":[{"href":"https:\/\/sven-ove.nu\/index.php?rest_route=%2Fwp%2Fv2%2Fmedia&parent=14839"}],"wp:term":[{"taxonomy":"category","embeddable":true,"href":"https:\/\/sven-ove.nu\/index.php?rest_route=%2Fwp%2Fv2%2Fcategories&post=14839"},{"taxonomy":"post_tag","embeddable":true,"href":"https:\/\/sven-ove.nu\/index.php?rest_route=%2Fwp%2Fv2%2Ftags&post=14839"}],"curies":[{"name":"wp","href":"https:\/\/api.w.org\/{rel}","templated":true}]}}