{"id":14871,"date":"2016-05-23T03:00:06","date_gmt":"2016-05-23T02:00:06","guid":{"rendered":"http:\/\/sven-ove.nu\/?p=14871"},"modified":"2016-05-22T17:33:37","modified_gmt":"2016-05-22T16:33:37","slug":"14871","status":"publish","type":"post","link":"https:\/\/sven-ove.nu\/?p=14871","title":{"rendered":"Falsk nostalgi f\u00f6r idyllsynta?"},"content":{"rendered":"<p><a href=\"https:\/\/sven-ove.nu\/wp-content\/uploads\/2016\/05\/Bonad.jpg\"><img loading=\"lazy\" decoding=\"async\" class=\"size-large wp-image-14876 alignnone\" src=\"https:\/\/sven-ove.nu\/wp-content\/uploads\/2016\/05\/Bonad-1024x558.jpg\" alt=\"Bonad\" width=\"660\" height=\"360\" srcset=\"https:\/\/sven-ove.nu\/wp-content\/uploads\/2016\/05\/Bonad-1024x558.jpg 1024w, https:\/\/sven-ove.nu\/wp-content\/uploads\/2016\/05\/Bonad-300x164.jpg 300w\" sizes=\"auto, (max-width: 660px) 100vw, 660px\" \/><\/a><\/p>\n<blockquote><p>D\u00e5 sl\u00e5r det mig vad det \u00e4r jag sysslar med. Svensk idyllrealism.<\/p><\/blockquote>\n<p>Bilden visar en pappersbonad jag fotograferade p\u00e5 toaletten p\u00e5 en av favoritkaffestugorna, den i Hamrane i Dalsland. Ser du gossen med skottk\u00e4rran? Ser du ladug\u00e5rden i bakgrunden, det gulgr\u00f6na gr\u00e4set, den bl\u00e5 himlen, troskyldigheten?<\/p>\n<p>Sovjetisk socialrealism f\u00f6rvr\u00e4ngde min kultursyn n\u00e5gra \u00e5r i ungdomen, innan jag f\u00f6rstod att m\u00e4nniskor var individer, inte statyer. Har jag p\u00e5 liknande s\u00e4tt en \u00f6verdriven syn p\u00e5 min egen barndom bland skrockande h\u00f6nor, v\u00e5rystra kor, kloka och renliga grisar och en och annan vemodig storspov p\u00e5 inflygning \u00f6ver \u00e4gorna \u00f6stp\u00e5?<\/p>\n<p><a href=\"https:\/\/sven-ove.nu\/wp-content\/uploads\/2016\/05\/K\u00e4rrar.jpg\"><img loading=\"lazy\" decoding=\"async\" class=\"size-medium wp-image-14842 alignnone\" src=\"https:\/\/sven-ove.nu\/wp-content\/uploads\/2016\/05\/K\u00e4rrar-291x300.jpg\" alt=\"K\u00e4rrar\" width=\"291\" height=\"300\" srcset=\"https:\/\/sven-ove.nu\/wp-content\/uploads\/2016\/05\/K\u00e4rrar-291x300.jpg 291w, https:\/\/sven-ove.nu\/wp-content\/uploads\/2016\/05\/K\u00e4rrar-995x1024.jpg 995w\" sizes=\"auto, (max-width: 291px) 100vw, 291px\" \/><\/a><\/p>\n<p><strong>Sann bild men\u00a0inte \u00e4nd\u00e5<\/strong><br \/>\nF\u00f6rst blir jag f\u00f6r\u00e4lskad i bonaden. Sedan g\u00f6r jag detaljf\u00f6rstoringen p\u00e5 pojken och blir \u00e4nnu mer f\u00f6rtjust. S\u00e5d\u00e4r var det, s\u00e5 vill jag minnas mig. Bilden \u00e4r alldeles sann. Samtidigt ljuger den, f\u00f6r det finns skuggor. Det finns alltid skuggor.<\/p>\n<p>Att vi inte hade bil.<br \/>\nAtt vi inte hade tv.<br \/>\nPengarna vi hade ont om.<br \/>\nInga spr\u00e5kresor, inga restaurangbes\u00f6k, inte veta hur du spelar en grammofonskiva.<br \/>\nLantbruksn\u00e4mnden, rationaliseringspolitiken, auktionen.<br \/>\nDen auktionen gl\u00f6mmer jag aldrig.<\/p>\n<p>Fin bild. Sann bild.<br \/>\nBara inte hela sanningen.<\/p>\n","protected":false},"excerpt":{"rendered":"<p>D\u00e5 sl\u00e5r det mig vad det \u00e4r jag sysslar med. Svensk idyllrealism. Bilden visar en pappersbonad jag fotograferade p\u00e5 toaletten p\u00e5 en av favoritkaffestugorna, den i Hamrane i Dalsland. Ser du gossen med skottk\u00e4rran? Ser du ladug\u00e5rden i bakgrunden, det gulgr\u00f6na gr\u00e4set, den bl\u00e5 himlen, troskyldigheten? Sovjetisk socialrealism f\u00f6rvr\u00e4ngde min kultursyn n\u00e5gra \u00e5r i ungdomen, &hellip; <a href=\"https:\/\/sven-ove.nu\/?p=14871\" class=\"more-link\">Forts\u00e4tt l\u00e4sa <span class=\"screen-reader-text\">Falsk nostalgi f\u00f6r idyllsynta?<\/span><\/a><\/p>\n","protected":false},"author":1,"featured_media":0,"comment_status":"open","ping_status":"open","sticky":false,"template":"","format":"standard","meta":{"_crdt_document":"","_monsterinsights_skip_tracking":false,"_monsterinsights_sitenote_active":false,"_monsterinsights_sitenote_note":"","_monsterinsights_sitenote_category":0,"footnotes":""},"categories":[10,9],"tags":[3,8],"class_list":["post-14871","post","type-post","status-publish","format-standard","hentry","category-familjen","category-politik","tag-arbete","tag-historia"],"_links":{"self":[{"href":"https:\/\/sven-ove.nu\/index.php?rest_route=\/wp\/v2\/posts\/14871","targetHints":{"allow":["GET"]}}],"collection":[{"href":"https:\/\/sven-ove.nu\/index.php?rest_route=\/wp\/v2\/posts"}],"about":[{"href":"https:\/\/sven-ove.nu\/index.php?rest_route=\/wp\/v2\/types\/post"}],"author":[{"embeddable":true,"href":"https:\/\/sven-ove.nu\/index.php?rest_route=\/wp\/v2\/users\/1"}],"replies":[{"embeddable":true,"href":"https:\/\/sven-ove.nu\/index.php?rest_route=%2Fwp%2Fv2%2Fcomments&post=14871"}],"version-history":[{"count":6,"href":"https:\/\/sven-ove.nu\/index.php?rest_route=\/wp\/v2\/posts\/14871\/revisions"}],"predecessor-version":[{"id":14878,"href":"https:\/\/sven-ove.nu\/index.php?rest_route=\/wp\/v2\/posts\/14871\/revisions\/14878"}],"wp:attachment":[{"href":"https:\/\/sven-ove.nu\/index.php?rest_route=%2Fwp%2Fv2%2Fmedia&parent=14871"}],"wp:term":[{"taxonomy":"category","embeddable":true,"href":"https:\/\/sven-ove.nu\/index.php?rest_route=%2Fwp%2Fv2%2Fcategories&post=14871"},{"taxonomy":"post_tag","embeddable":true,"href":"https:\/\/sven-ove.nu\/index.php?rest_route=%2Fwp%2Fv2%2Ftags&post=14871"}],"curies":[{"name":"wp","href":"https:\/\/api.w.org\/{rel}","templated":true}]}}