{"id":14898,"date":"2016-05-28T14:17:08","date_gmt":"2016-05-28T13:17:08","guid":{"rendered":"http:\/\/sven-ove.nu\/?p=14898"},"modified":"2016-05-29T13:37:30","modified_gmt":"2016-05-29T12:37:30","slug":"14898","status":"publish","type":"post","link":"https:\/\/sven-ove.nu\/?p=14898","title":{"rendered":"Fyra \u00f6dlor under maskerna?"},"content":{"rendered":"<p><a href=\"http:\/\/www.alliansen.se\/wp-content\/uploads\/2013\/02\/160510_Alliansen_44A7870-21.jpg\" target=\"_blank\"><img loading=\"lazy\" decoding=\"async\" class=\"size-large wp-image-14902 alignnone\" src=\"https:\/\/sven-ove.nu\/wp-content\/uploads\/2016\/05\/Orange-1024x897.jpg\" alt=\"Orange\" width=\"660\" height=\"578\" srcset=\"https:\/\/sven-ove.nu\/wp-content\/uploads\/2016\/05\/Orange-1024x897.jpg 1024w, https:\/\/sven-ove.nu\/wp-content\/uploads\/2016\/05\/Orange-300x263.jpg 300w\" sizes=\"auto, (max-width: 660px) 100vw, 660px\" \/><\/a><\/p>\n<blockquote><p>Jag skriver inte ofta om dessa fyra. Det bubblar upp s\u00e5 mycket vrede, s\u00e5 mycken tr\u00f6tthet, s\u00e5 mycket f\u00f6rv\u00e5ning \u00f6ver Sverige inom mig, om jag g\u00f6r det.<\/p><\/blockquote>\n<p>D\u00e5 &#8211; dyker gruppbilden upp i mitt fl\u00f6de. N\u00e5gon har skrivit en lysande text om alliansledarnas safari till Husby och l\u00e5nat just det fotot.<\/p>\n<p>Titta p\u00e5 bilden. <span style=\"color: #ff6600;\"><a style=\"color: #ff6600;\" href=\"http:\/\/www.alliansen.se\/wp-content\/uploads\/2013\/02\/160510_Alliansen_44A7870-21.jpg\" target=\"_blank\">Klicka<\/a><\/span> p\u00e5 min konturteckning s\u00e5 f\u00f6rst\u00e5r du vad jag menar, l\u00e4nken g\u00e5r till originalfotot.<br \/>\nSe p\u00e5 deras \u00f6gon.<\/p>\n<p>Varf\u00f6r kommer jag att t\u00e4nka p\u00e5 det ansiktsuttryck som medlemmar i en sekt f\u00e5r, innan de avprogrammeras?<br \/>\nVarf\u00f6r kommer jag att t\u00e4nka p\u00e5 den gamla tv-serien V, d\u00e4r det f\u00f6rekom utomjordingar som var \u00f6dlor under m\u00e4nniskomaskerna? M\u00e4nnisko\u00e4tande \u00f6dlor.<br \/>\nVarf\u00f6r kommer jag att t\u00e4nka p\u00e5 nedsk\u00e4rningar, pengar till redan rika, folkf\u00f6rakt?<\/p>\n<p>Varf\u00f6r l\u00e4gger n\u00e5gon ut en s\u00e5 f\u00f6rf\u00e4rlig bild p\u00e5 sin officiella webbplats?<br \/>\nVad s\u00e4ger det om Sverige \u00e5r 2016?<br \/>\nVad vill den ber\u00e4tta?<\/p>\n<p>Klicka nu. <span style=\"color: #ff6600;\"><a style=\"color: #ff6600;\" href=\"http:\/\/www.alliansen.se\/wp-content\/uploads\/2013\/02\/160510_Alliansen_44A7870-21.jpg\" target=\"_blank\">H\u00e4r<\/a><\/span>.<br \/>\nSe upp s\u00e5 de inte tar av sig maskerna.<\/p>\n<p><em><strong><span style=\"color: #3366ff;\">###<\/span><\/strong> Det \u00e4r inte de fyra personernas utseende jag skriver om. Det \u00e4r utseendet p\u00e5 BILDEN. Blickarna, ansiktsuttrycken, kroppsspr\u00e5ket.<br \/>\n<\/em><em><span style=\"color: #3366ff;\"><strong>###<\/strong><\/span>\u00a0Jag f\u00f6rst\u00e5r inte de kommunikat\u00f6rer som sl\u00e4ppt igenom bilden, inte dem sj\u00e4lva heller om de sett den.<br \/>\n<\/em><em><span style=\"color: #3366ff;\"><strong>###<\/strong><\/span> Politiken beh\u00f6ver fler kvinnor. Det \u00e4r bra att tre av alliansens partier har kvinnliga partiledare. Men fundera \u00f6ver vilken bild av politiker det\u00a0h\u00e4r\u00a0fotot ger. Sj\u00e4lv tycker jag det \u00e4r fint om vi alla f\u00e5r vara m\u00e4nniskor, inte opersonliga isskulpturer. Det m\u00e5r b\u00e5de politik och m\u00e4nsklighet b\u00e4st av.<\/em><\/p>\n","protected":false},"excerpt":{"rendered":"<p>Jag skriver inte ofta om dessa fyra. Det bubblar upp s\u00e5 mycket vrede, s\u00e5 mycken tr\u00f6tthet, s\u00e5 mycket f\u00f6rv\u00e5ning \u00f6ver Sverige inom mig, om jag g\u00f6r det. D\u00e5 &#8211; dyker gruppbilden upp i mitt fl\u00f6de. N\u00e5gon har skrivit en lysande text om alliansledarnas safari till Husby och l\u00e5nat just det fotot. Titta p\u00e5 bilden. Klicka &hellip; <a href=\"https:\/\/sven-ove.nu\/?p=14898\" class=\"more-link\">Forts\u00e4tt l\u00e4sa <span class=\"screen-reader-text\">Fyra \u00f6dlor under maskerna?<\/span><\/a><\/p>\n","protected":false},"author":1,"featured_media":0,"comment_status":"open","ping_status":"open","sticky":false,"template":"","format":"standard","meta":{"_crdt_document":"","_monsterinsights_skip_tracking":false,"_monsterinsights_sitenote_active":false,"_monsterinsights_sitenote_note":"","_monsterinsights_sitenote_category":0,"footnotes":""},"categories":[9],"tags":[16,15],"class_list":["post-14898","post","type-post","status-publish","format-standard","hentry","category-politik","tag-dumheter","tag-mediedjungeln"],"_links":{"self":[{"href":"https:\/\/sven-ove.nu\/index.php?rest_route=\/wp\/v2\/posts\/14898","targetHints":{"allow":["GET"]}}],"collection":[{"href":"https:\/\/sven-ove.nu\/index.php?rest_route=\/wp\/v2\/posts"}],"about":[{"href":"https:\/\/sven-ove.nu\/index.php?rest_route=\/wp\/v2\/types\/post"}],"author":[{"embeddable":true,"href":"https:\/\/sven-ove.nu\/index.php?rest_route=\/wp\/v2\/users\/1"}],"replies":[{"embeddable":true,"href":"https:\/\/sven-ove.nu\/index.php?rest_route=%2Fwp%2Fv2%2Fcomments&post=14898"}],"version-history":[{"count":13,"href":"https:\/\/sven-ove.nu\/index.php?rest_route=\/wp\/v2\/posts\/14898\/revisions"}],"predecessor-version":[{"id":14948,"href":"https:\/\/sven-ove.nu\/index.php?rest_route=\/wp\/v2\/posts\/14898\/revisions\/14948"}],"wp:attachment":[{"href":"https:\/\/sven-ove.nu\/index.php?rest_route=%2Fwp%2Fv2%2Fmedia&parent=14898"}],"wp:term":[{"taxonomy":"category","embeddable":true,"href":"https:\/\/sven-ove.nu\/index.php?rest_route=%2Fwp%2Fv2%2Fcategories&post=14898"},{"taxonomy":"post_tag","embeddable":true,"href":"https:\/\/sven-ove.nu\/index.php?rest_route=%2Fwp%2Fv2%2Ftags&post=14898"}],"curies":[{"name":"wp","href":"https:\/\/api.w.org\/{rel}","templated":true}]}}