{"id":14912,"date":"2016-05-30T03:00:26","date_gmt":"2016-05-30T02:00:26","guid":{"rendered":"http:\/\/sven-ove.nu\/?p=14912"},"modified":"2016-05-29T14:51:48","modified_gmt":"2016-05-29T13:51:48","slug":"14912","status":"publish","type":"post","link":"https:\/\/sven-ove.nu\/?p=14912","title":{"rendered":"Den estetiken har vi sett f\u00f6rr"},"content":{"rendered":"<p>I g\u00e5r hamnade jag i en minidiskussion om estetiken bakom alliansledarnas gruppfoto, det som ligger ute p\u00e5 deras gemensamma webbplats. (<span style=\"color: #ff6600;\"><a style=\"color: #ff6600;\" href=\"https:\/\/sven-ove.nu\/?p=14898\">H\u00e4r<\/a><\/span> kan du l\u00e4sa mitt inl\u00e4gg\u00a0om fotot).<\/p>\n<p>Varf\u00f6r \u00e4r det n\u00e4r jag \u00e4r som elakast bes\u00f6karna str\u00f6mmar in?<br \/>\nDet f\u00e5r\u00a0jag fundera p\u00e5 under veckan.<\/p>\n<p>Det mesta jag vill ha sagt om det kalla fotot st\u00e5r i l\u00f6rdagens inl\u00e4gg. Inklusive till\u00e4gget, som \u00e4r h\u00e4mtat fr\u00e5n en facebookkommentar jag gjorde till ett par v\u00e4nner jag gillar. H\u00e4r nedan \u00e4r en bild fr\u00e5n en annan tid, f\u00f6r att visa vilken bildsyn och m\u00e4nniskosyn\u00a0alliansfotot p\u00e5minner mig om.<\/p>\n<p style=\"padding-left: 30px;\"><strong>FOTOT\u00a0p\u00e5minner mig om n\u00e5&#8217;t, sa jag. Inte deras politik, inte deras utseende. Fotot som visar vilken bild\u00a0Alliansen vill ge av sina ledare.<\/strong><\/p>\n<p>Bilden fr\u00e5n f\u00f6rr som jag kom att t\u00e4nka p\u00e5 \u00e4r en detalj av\u00a0en st\u00f6rre propagandaaffisch. Klicka om du vill se hela affischen. Varje tid har sin bildsyn och propagandaestetik. Varje ytterlighet med. Ibland sammanfaller de. F\u00f6rst\u00e5r inte alliansens kommunikat\u00f6rer vad gruppfotot\u00a0de format\u00a0liknar?<\/p>\n<p>Ibland \u00e4r\u00a0det b\u00e4st\u00a0om vissa tiders\u00a0bildspr\u00e5k inte \u00e5terkommer.<\/p>\n<p><a href=\"https:\/\/sven-ove.nu\/?page_id=14928\"><img loading=\"lazy\" decoding=\"async\" class=\"size-full wp-image-14917 alignnone\" src=\"https:\/\/sven-ove.nu\/wp-content\/uploads\/2016\/05\/Sk\u00e4rmavbild-2016-05-29-kl.-10.57.02.png\" alt=\"Sk\u00e4rmavbild 2016-05-29 kl. 10.57.02\" width=\"814\" height=\"455\" srcset=\"https:\/\/sven-ove.nu\/wp-content\/uploads\/2016\/05\/Sk\u00e4rmavbild-2016-05-29-kl.-10.57.02.png 814w, https:\/\/sven-ove.nu\/wp-content\/uploads\/2016\/05\/Sk\u00e4rmavbild-2016-05-29-kl.-10.57.02-300x168.png 300w\" sizes=\"auto, (max-width: 814px) 100vw, 814px\" \/><\/a><\/p>\n<p style=\"padding-left: 30px;\"><em><span style=\"color: #3366ff;\"><a style=\"color: #3366ff;\" href=\"https:\/\/sven-ove.nu\/?page_id=14928\">Klicka<\/a><\/span> om du vill se hela bilden.<\/em><\/p>\n","protected":false},"excerpt":{"rendered":"<p>I g\u00e5r hamnade jag i en minidiskussion om estetiken bakom alliansledarnas gruppfoto, det som ligger ute p\u00e5 deras gemensamma webbplats. (H\u00e4r kan du l\u00e4sa mitt inl\u00e4gg\u00a0om fotot). Varf\u00f6r \u00e4r det n\u00e4r jag \u00e4r som elakast bes\u00f6karna str\u00f6mmar in? Det f\u00e5r\u00a0jag fundera p\u00e5 under veckan. Det mesta jag vill ha sagt om det kalla fotot st\u00e5r &hellip; <a href=\"https:\/\/sven-ove.nu\/?p=14912\" class=\"more-link\">Forts\u00e4tt l\u00e4sa <span class=\"screen-reader-text\">Den estetiken har vi sett f\u00f6rr<\/span><\/a><\/p>\n","protected":false},"author":1,"featured_media":0,"comment_status":"open","ping_status":"open","sticky":false,"template":"","format":"standard","meta":{"_crdt_document":"","_monsterinsights_skip_tracking":false,"_monsterinsights_sitenote_active":false,"_monsterinsights_sitenote_note":"","_monsterinsights_sitenote_category":0,"footnotes":""},"categories":[9],"tags":[8,15],"class_list":["post-14912","post","type-post","status-publish","format-standard","hentry","category-politik","tag-historia","tag-mediedjungeln"],"_links":{"self":[{"href":"https:\/\/sven-ove.nu\/index.php?rest_route=\/wp\/v2\/posts\/14912","targetHints":{"allow":["GET"]}}],"collection":[{"href":"https:\/\/sven-ove.nu\/index.php?rest_route=\/wp\/v2\/posts"}],"about":[{"href":"https:\/\/sven-ove.nu\/index.php?rest_route=\/wp\/v2\/types\/post"}],"author":[{"embeddable":true,"href":"https:\/\/sven-ove.nu\/index.php?rest_route=\/wp\/v2\/users\/1"}],"replies":[{"embeddable":true,"href":"https:\/\/sven-ove.nu\/index.php?rest_route=%2Fwp%2Fv2%2Fcomments&post=14912"}],"version-history":[{"count":38,"href":"https:\/\/sven-ove.nu\/index.php?rest_route=\/wp\/v2\/posts\/14912\/revisions"}],"predecessor-version":[{"id":14959,"href":"https:\/\/sven-ove.nu\/index.php?rest_route=\/wp\/v2\/posts\/14912\/revisions\/14959"}],"wp:attachment":[{"href":"https:\/\/sven-ove.nu\/index.php?rest_route=%2Fwp%2Fv2%2Fmedia&parent=14912"}],"wp:term":[{"taxonomy":"category","embeddable":true,"href":"https:\/\/sven-ove.nu\/index.php?rest_route=%2Fwp%2Fv2%2Fcategories&post=14912"},{"taxonomy":"post_tag","embeddable":true,"href":"https:\/\/sven-ove.nu\/index.php?rest_route=%2Fwp%2Fv2%2Ftags&post=14912"}],"curies":[{"name":"wp","href":"https:\/\/api.w.org\/{rel}","templated":true}]}}