{"id":14988,"date":"2016-06-04T03:00:19","date_gmt":"2016-06-04T02:00:19","guid":{"rendered":"http:\/\/sven-ove.nu\/?p=14988"},"modified":"2016-06-03T22:59:20","modified_gmt":"2016-06-03T21:59:20","slug":"majken-johansson-och-smorblomman","status":"publish","type":"post","link":"https:\/\/sven-ove.nu\/?p=14988","title":{"rendered":"Majken Johansson och sm\u00f6rblomman"},"content":{"rendered":"<p><a href=\"https:\/\/sven-ove.nu\/wp-content\/uploads\/2016\/06\/Majken-J.jpg\"><img loading=\"lazy\" decoding=\"async\" class=\"size-large wp-image-14990 alignnone\" src=\"https:\/\/sven-ove.nu\/wp-content\/uploads\/2016\/06\/Majken-J-1024x768.jpg\" alt=\"Majken J\" width=\"660\" height=\"495\" srcset=\"https:\/\/sven-ove.nu\/wp-content\/uploads\/2016\/06\/Majken-J-1024x768.jpg 1024w, https:\/\/sven-ove.nu\/wp-content\/uploads\/2016\/06\/Majken-J-300x225.jpg 300w, https:\/\/sven-ove.nu\/wp-content\/uploads\/2016\/06\/Majken-J.jpg 1632w\" sizes=\"auto, (max-width: 660px) 100vw, 660px\" \/><\/a><\/p>\n<blockquote><p>Jag har m\u00e5nga luckor. En m\u00e4nniska kan inte l\u00e4sa allt och jag har tvingat mig igenom s\u00e5 m\u00e5nga tillf\u00e4llighetstexter genom \u00e5ren, f\u00f6r filmj\u00f6lkens skull och f\u00f6r att jag ville.<\/p>\n<p>I st\u00e4llet.<\/p><\/blockquote>\n<p>N\u00e5, planen rullar p\u00e5. Nu tar jag itu med Majken Johansson. L\u00e4ser p\u00e5 allvar poeten &#8221;Ma-haha-jken Joha-honsson&#8221;.<\/p>\n<p>Solen skiner, \u00e5skan mullrar i v\u00e4ster, skatorna matar nyskalingar och hade jag suttit i skugga hade det varit 28 grader varmt.<\/p>\n<p>Diktsamlingarna i b\u00f6rjan tycker jag om.<\/p>\n<p style=\"padding-left: 30px;\"><em>&#8221;En g\u00e5ng av slump en g\u00e5ng i m\u00e5naden \/<br \/>\n<\/em><em>\u00f6ppnar sig skrivbordsl\u00e5dan \/<br \/>\n<\/em><em>och en halvskriven dikt flyger ut i rummet \/<br \/>\n<\/em><em>flaxar omkring och landar p\u00e5 skrivmaskinen&#8221;<\/em><\/p>\n<p>Det hon publicerar efter omv\u00e4ndelsen s\u00e4ger mig mindre. Fast 1989 skriver hon bland annat Liten endorfintrilogi. S\u00e5dant triggar alltid ig\u00e5ng den h\u00e4r kroppen, s\u00e4rskilt n\u00e4r jag har nyk\u00f6pt gps-klocka men inte f\u00e5r springa.<\/p>\n<p>Dikten Ambition \u00e4r tryckt samma \u00e5r:<\/p>\n<p style=\"padding-left: 30px;\"><em>&#8221;Jag vet s\u00e5 mycket om att l\u00e4ngta \/<br \/>\n<\/em><em>att jag t\u00e4nkt \/<br \/>\n<\/em><em>b\u00f6rja l\u00e4ngta \/<br \/>\n<\/em><em>ocks\u00e5 \u00e5t alla dem som ingen l\u00e4ngtan har kvar&#8221;.<\/em><\/p>\n<p>N\u00e4r boken med hennes diktsamlingar \u00e4r l\u00e4st fotograferar jag den i gr\u00e4set. Efter\u00e5t, d\u00e5 bilden ska publiceras, uppt\u00e4cker jag att fr\u00e4lsningssoldaten Johansson tycks h\u00e5lla i en sm\u00f6rblomma p\u00e5 v\u00e5r tomt. Det ser s\u00e5 ut.<\/p>\n<p>Nu har \u00e5skan slutat mullra runt omkring oss och det \u00e4r bara 25 grader varmt. Jag g\u00e5r f\u00f6r att l\u00e4sa mer om Majken Johansson och Lundagruppen.<\/p>\n<p>Sm\u00f6rblomman har fullt upp med sitt.<\/p>\n","protected":false},"excerpt":{"rendered":"<p>Jag har m\u00e5nga luckor. En m\u00e4nniska kan inte l\u00e4sa allt och jag har tvingat mig igenom s\u00e5 m\u00e5nga tillf\u00e4llighetstexter genom \u00e5ren, f\u00f6r filmj\u00f6lkens skull och f\u00f6r att jag ville. I st\u00e4llet. N\u00e5, planen rullar p\u00e5. Nu tar jag itu med Majken Johansson. L\u00e4ser p\u00e5 allvar poeten &#8221;Ma-haha-jken Joha-honsson&#8221;. Solen skiner, \u00e5skan mullrar i v\u00e4ster, skatorna &hellip; <a href=\"https:\/\/sven-ove.nu\/?p=14988\" class=\"more-link\">Forts\u00e4tt l\u00e4sa <span class=\"screen-reader-text\">Majken Johansson och sm\u00f6rblomman<\/span><\/a><\/p>\n","protected":false},"author":1,"featured_media":0,"comment_status":"open","ping_status":"open","sticky":false,"template":"","format":"standard","meta":{"_crdt_document":"","_monsterinsights_skip_tracking":false,"_monsterinsights_sitenote_active":false,"_monsterinsights_sitenote_note":"","_monsterinsights_sitenote_category":0,"footnotes":""},"categories":[28,4],"tags":[8,14,21],"class_list":["post-14988","post","type-post","status-publish","format-standard","hentry","category-kreativt-folk","category-skrivande","tag-historia","tag-lasning","tag-ord"],"_links":{"self":[{"href":"https:\/\/sven-ove.nu\/index.php?rest_route=\/wp\/v2\/posts\/14988","targetHints":{"allow":["GET"]}}],"collection":[{"href":"https:\/\/sven-ove.nu\/index.php?rest_route=\/wp\/v2\/posts"}],"about":[{"href":"https:\/\/sven-ove.nu\/index.php?rest_route=\/wp\/v2\/types\/post"}],"author":[{"embeddable":true,"href":"https:\/\/sven-ove.nu\/index.php?rest_route=\/wp\/v2\/users\/1"}],"replies":[{"embeddable":true,"href":"https:\/\/sven-ove.nu\/index.php?rest_route=%2Fwp%2Fv2%2Fcomments&post=14988"}],"version-history":[{"count":4,"href":"https:\/\/sven-ove.nu\/index.php?rest_route=\/wp\/v2\/posts\/14988\/revisions"}],"predecessor-version":[{"id":14993,"href":"https:\/\/sven-ove.nu\/index.php?rest_route=\/wp\/v2\/posts\/14988\/revisions\/14993"}],"wp:attachment":[{"href":"https:\/\/sven-ove.nu\/index.php?rest_route=%2Fwp%2Fv2%2Fmedia&parent=14988"}],"wp:term":[{"taxonomy":"category","embeddable":true,"href":"https:\/\/sven-ove.nu\/index.php?rest_route=%2Fwp%2Fv2%2Fcategories&post=14988"},{"taxonomy":"post_tag","embeddable":true,"href":"https:\/\/sven-ove.nu\/index.php?rest_route=%2Fwp%2Fv2%2Ftags&post=14988"}],"curies":[{"name":"wp","href":"https:\/\/api.w.org\/{rel}","templated":true}]}}