{"id":15014,"date":"2016-06-10T03:00:20","date_gmt":"2016-06-10T02:00:20","guid":{"rendered":"http:\/\/sven-ove.nu\/?p=15014"},"modified":"2016-06-08T14:51:14","modified_gmt":"2016-06-08T13:51:14","slug":"ett-ord-soker-sin-agare","status":"publish","type":"post","link":"https:\/\/sven-ove.nu\/?p=15014","title":{"rendered":"Ett ord s\u00f6ker sin \u00e4gare"},"content":{"rendered":"<p><a href=\"https:\/\/sven-ove.nu\/wp-content\/uploads\/2016\/06\/Solhus1.jpg\"><img loading=\"lazy\" decoding=\"async\" class=\"size-large wp-image-15019 alignnone\" src=\"https:\/\/sven-ove.nu\/wp-content\/uploads\/2016\/06\/Solhus1-1024x688.jpg\" alt=\"Solhus\" width=\"660\" height=\"443\" srcset=\"https:\/\/sven-ove.nu\/wp-content\/uploads\/2016\/06\/Solhus1-1024x688.jpg 1024w, https:\/\/sven-ove.nu\/wp-content\/uploads\/2016\/06\/Solhus1-300x202.jpg 300w\" sizes=\"auto, (max-width: 660px) 100vw, 660px\" \/><\/a><\/p>\n<p>Det \u00e4r klart jag \u00e4r intresserad, orden har ju f\u00f6rs\u00f6rjt mig i 43 \u00e5r. S\u00e5 visst lyssnar jag med intresse p\u00e5 fem\u00e5ringarna runt omkring mig.<\/p>\n<p>&#8211; Det \u00e4r uts\u00f6kt! s\u00e4ger en av dem. Uts\u00f6kt.<\/p>\n<p>Han har inte f\u00e5tt det fr\u00e5n sina f\u00f6r\u00e4ldrar. Inte fr\u00e5n morf\u00f6r\u00e4ldrarna heller, det vet jag s\u00e4kert.\u00a0Uts\u00f6kt, s\u00e4ger han. Om ett hus.<\/p>\n<p>Vi f\u00f6rst\u00e5r precis hur han menar.<\/p>\n<p style=\"text-align: right;\"><em>Det \u00e4r inte huset p\u00e5 bilden<\/em><br \/>\n<em> som \u00e4r med i ber\u00e4ttelsen.<\/em><\/p>\n","protected":false},"excerpt":{"rendered":"<p>Det \u00e4r klart jag \u00e4r intresserad, orden har ju f\u00f6rs\u00f6rjt mig i 43 \u00e5r. S\u00e5 visst lyssnar jag med intresse p\u00e5 fem\u00e5ringarna runt omkring mig. &#8211; Det \u00e4r uts\u00f6kt! s\u00e4ger en av dem. Uts\u00f6kt. Han har inte f\u00e5tt det fr\u00e5n sina f\u00f6r\u00e4ldrar. Inte fr\u00e5n morf\u00f6r\u00e4ldrarna heller, det vet jag s\u00e4kert.\u00a0Uts\u00f6kt, s\u00e4ger han. Om ett hus. &hellip; <a href=\"https:\/\/sven-ove.nu\/?p=15014\" class=\"more-link\">Forts\u00e4tt l\u00e4sa <span class=\"screen-reader-text\">Ett ord s\u00f6ker sin \u00e4gare<\/span><\/a><\/p>\n","protected":false},"author":1,"featured_media":0,"comment_status":"open","ping_status":"open","sticky":false,"template":"","format":"standard","meta":{"_crdt_document":"","_monsterinsights_skip_tracking":false,"_monsterinsights_sitenote_active":false,"_monsterinsights_sitenote_note":"","_monsterinsights_sitenote_category":0,"footnotes":""},"categories":[28],"tags":[24,21],"class_list":["post-15014","post","type-post","status-publish","format-standard","hentry","category-kreativt-folk","tag-karlek","tag-ord"],"_links":{"self":[{"href":"https:\/\/sven-ove.nu\/index.php?rest_route=\/wp\/v2\/posts\/15014","targetHints":{"allow":["GET"]}}],"collection":[{"href":"https:\/\/sven-ove.nu\/index.php?rest_route=\/wp\/v2\/posts"}],"about":[{"href":"https:\/\/sven-ove.nu\/index.php?rest_route=\/wp\/v2\/types\/post"}],"author":[{"embeddable":true,"href":"https:\/\/sven-ove.nu\/index.php?rest_route=\/wp\/v2\/users\/1"}],"replies":[{"embeddable":true,"href":"https:\/\/sven-ove.nu\/index.php?rest_route=%2Fwp%2Fv2%2Fcomments&post=15014"}],"version-history":[{"count":6,"href":"https:\/\/sven-ove.nu\/index.php?rest_route=\/wp\/v2\/posts\/15014\/revisions"}],"predecessor-version":[{"id":15022,"href":"https:\/\/sven-ove.nu\/index.php?rest_route=\/wp\/v2\/posts\/15014\/revisions\/15022"}],"wp:attachment":[{"href":"https:\/\/sven-ove.nu\/index.php?rest_route=%2Fwp%2Fv2%2Fmedia&parent=15014"}],"wp:term":[{"taxonomy":"category","embeddable":true,"href":"https:\/\/sven-ove.nu\/index.php?rest_route=%2Fwp%2Fv2%2Fcategories&post=15014"},{"taxonomy":"post_tag","embeddable":true,"href":"https:\/\/sven-ove.nu\/index.php?rest_route=%2Fwp%2Fv2%2Ftags&post=15014"}],"curies":[{"name":"wp","href":"https:\/\/api.w.org\/{rel}","templated":true}]}}