{"id":15023,"date":"2016-06-09T11:00:33","date_gmt":"2016-06-09T10:00:33","guid":{"rendered":"http:\/\/sven-ove.nu\/?p=15023"},"modified":"2016-06-09T11:20:50","modified_gmt":"2016-06-09T10:20:50","slug":"arbetsklader-pa-gang","status":"publish","type":"post","link":"https:\/\/sven-ove.nu\/?p=15023","title":{"rendered":"Arbetskl\u00e4der p\u00e5 g\u00e5ng?"},"content":{"rendered":"<p><a href=\"https:\/\/sven-ove.nu\/wp-content\/uploads\/2016\/06\/Arbetskl\u00e4der.001.jpg\"><img loading=\"lazy\" decoding=\"async\" class=\"size-full wp-image-15030 alignnone\" src=\"https:\/\/sven-ove.nu\/wp-content\/uploads\/2016\/06\/Arbetskl\u00e4der.001.jpg\" alt=\"Arbetskl\u00e4der.001\" width=\"719\" height=\"595\" srcset=\"https:\/\/sven-ove.nu\/wp-content\/uploads\/2016\/06\/Arbetskl\u00e4der.001.jpg 719w, https:\/\/sven-ove.nu\/wp-content\/uploads\/2016\/06\/Arbetskl\u00e4der.001-300x248.jpg 300w\" sizes=\"auto, (max-width: 719px) 100vw, 719px\" \/><\/a><\/p>\n<p>Ibland blir en f\u00f6rbaskad. L\u00e4s mer om den saken h\u00e4r: <span style=\"color: #ff0000;\"><strong><a style=\"color: #ff0000;\" href=\"https:\/\/sven-ove.nu\/?p=14768\">Ni borde sk\u00e4mmas<\/a><\/strong><\/span>.\u00a0Ibland blir en glad. L\u00e4s mer om den saken i klippet p\u00e5 bilden.<\/p>\n<p>Hur var det vi sa 1968? Kamp l\u00f6nar sig.<br \/>\nTack f\u00f6r det.<\/p>\n","protected":false},"excerpt":{"rendered":"<p>Ibland blir en f\u00f6rbaskad. L\u00e4s mer om den saken h\u00e4r: Ni borde sk\u00e4mmas.\u00a0Ibland blir en glad. L\u00e4s mer om den saken i klippet p\u00e5 bilden. Hur var det vi sa 1968? Kamp l\u00f6nar sig. Tack f\u00f6r det.<\/p>\n","protected":false},"author":1,"featured_media":0,"comment_status":"open","ping_status":"open","sticky":false,"template":"","format":"standard","meta":{"_crdt_document":"","_monsterinsights_skip_tracking":false,"_monsterinsights_sitenote_active":false,"_monsterinsights_sitenote_note":"","_monsterinsights_sitenote_category":0,"footnotes":""},"categories":[9],"tags":[18,13],"class_list":["post-15023","post","type-post","status-publish","format-standard","hentry","category-politik","tag-lardomar","tag-utrustning"],"_links":{"self":[{"href":"https:\/\/sven-ove.nu\/index.php?rest_route=\/wp\/v2\/posts\/15023","targetHints":{"allow":["GET"]}}],"collection":[{"href":"https:\/\/sven-ove.nu\/index.php?rest_route=\/wp\/v2\/posts"}],"about":[{"href":"https:\/\/sven-ove.nu\/index.php?rest_route=\/wp\/v2\/types\/post"}],"author":[{"embeddable":true,"href":"https:\/\/sven-ove.nu\/index.php?rest_route=\/wp\/v2\/users\/1"}],"replies":[{"embeddable":true,"href":"https:\/\/sven-ove.nu\/index.php?rest_route=%2Fwp%2Fv2%2Fcomments&post=15023"}],"version-history":[{"count":7,"href":"https:\/\/sven-ove.nu\/index.php?rest_route=\/wp\/v2\/posts\/15023\/revisions"}],"predecessor-version":[{"id":15032,"href":"https:\/\/sven-ove.nu\/index.php?rest_route=\/wp\/v2\/posts\/15023\/revisions\/15032"}],"wp:attachment":[{"href":"https:\/\/sven-ove.nu\/index.php?rest_route=%2Fwp%2Fv2%2Fmedia&parent=15023"}],"wp:term":[{"taxonomy":"category","embeddable":true,"href":"https:\/\/sven-ove.nu\/index.php?rest_route=%2Fwp%2Fv2%2Fcategories&post=15023"},{"taxonomy":"post_tag","embeddable":true,"href":"https:\/\/sven-ove.nu\/index.php?rest_route=%2Fwp%2Fv2%2Ftags&post=15023"}],"curies":[{"name":"wp","href":"https:\/\/api.w.org\/{rel}","templated":true}]}}