{"id":15054,"date":"2016-06-13T03:00:48","date_gmt":"2016-06-13T02:00:48","guid":{"rendered":"http:\/\/sven-ove.nu\/?p=15054"},"modified":"2016-06-14T05:49:12","modified_gmt":"2016-06-14T04:49:12","slug":"15054","status":"publish","type":"post","link":"https:\/\/sven-ove.nu\/?p=15054","title":{"rendered":"D\u00e5 f\u00f6redrar jag folkvett"},"content":{"rendered":"<p><a href=\"https:\/\/sven-ove.nu\/wp-content\/uploads\/2016\/06\/P\u00e5-t\u00e5get.001.jpg\"><img loading=\"lazy\" decoding=\"async\" class=\"size-full wp-image-15077 alignnone\" src=\"https:\/\/sven-ove.nu\/wp-content\/uploads\/2016\/06\/P\u00e5-t\u00e5get.001.jpg\" alt=\"P\u00e5 t\u00e5get.001\" width=\"713\" height=\"611\" srcset=\"https:\/\/sven-ove.nu\/wp-content\/uploads\/2016\/06\/P\u00e5-t\u00e5get.001.jpg 713w, https:\/\/sven-ove.nu\/wp-content\/uploads\/2016\/06\/P\u00e5-t\u00e5get.001-300x257.jpg 300w\" sizes=\"auto, (max-width: 713px) 100vw, 713px\" \/><\/a><\/p>\n<blockquote><p>Mitt jobb gjorde att jag l\u00e4rde k\u00e4nna m\u00e5nga tunga lokala och regionala politiker. Det var nyttigt, f\u00f6r jag fann en k\u00e5r som slet h\u00e5rt och oftast hade b\u00e5de humor och vett att skratta \u00f6ver partigr\u00e4nserna.<\/p><\/blockquote>\n<p>Ibland skulle det r\u00f6stas men i mitt sammanhang, kollektivtrafiken, h\u00e4nde detta s\u00e4llan. Det var mest de sista \u00e5ren, fast d\u00e5 tillh\u00f6rde jag inte den inre cirkeln p\u00e5 firman och slapp titta p\u00e5.<\/p>\n<p>Jag tycker allts\u00e5 om m\u00e5nga kommunpolitiker, s\u00e5v\u00e4l r\u00f6da som gr\u00f6na eller alliansoranga. Gillar dem som m\u00e4nniskor.<\/p>\n<p><strong>T\u00e4nk om de skrivit s\u00e5 om sitt gatukontor<br \/>\n<\/strong>Vad jag d\u00e4remot har sv\u00e5rt f\u00f6r \u00e4r hur n\u00e5gra av dem beter sig offentligt. Ingen av dem skulle n\u00e5gonsin komma p\u00e5 tanken att skriva ett l\u00e5ngt kritiskt inl\u00e4gg mot en av sina egna kommunala f\u00f6rvaltningar. Aldrig f\u00e5r du se en tung socialdemokrat i en kommun n\u00e4ra Karlstad skriva ilsket p\u00e5 Facebook mot sitt gatukontor. Aldrig f\u00e5r du se en \u00e4nnu mer garvad socialdemokrat i en kommun s\u00f6der om Forshaga g\u00f6ra det.<\/p>\n<p>Det vore oartigt, korkat och politiskt fel. De orden studsar ju tillbaka p\u00e5 dem sj\u00e4lva.<\/p>\n<p>Men. Om det handlar om det kommunala bolag som kommunerna i l\u00e4net skapat tillsammans f\u00f6r att k\u00f6ra buss och t\u00e5g d\u00e5 \u00e4r detta pl\u00f6tsligt till\u00e5tet. Detta och mer d\u00e4rtill. D\u00e5 kan du stundom l\u00e4sa just det d\u00e4r ilskna inl\u00e4gget mot bolaget som hon eller han\u00a0sj\u00e4lv \u00e4r medansvarig f\u00f6r, som politiker. D\u00e5 kan du var och varannan dag l\u00e4sa grisiga, n\u00e4bbg\u00e4ddiga, malliga, oinformerade eller bara elaka n\u00e5lstick mot det egna bolaget:<\/p>\n<p style=\"padding-left: 30px;\"><em>&#8211; Jag sitter p\u00e5 t\u00e5get.<\/em><br \/>\n<em>&#8211; Jas\u00e5, ja det \u00e4r v\u00e4l f\u00f6rsenat f\u00f6rst\u00e5s.<\/em><\/p>\n<p>Hela tiden deltar de i detta blodiga stickande, fast de som politiker b\u00e4r ansvaret b\u00e5de f\u00f6r det som \u00e4r bra och det som \u00e4r d\u00e5ligt i kollektivtrafiken. De har ju sj\u00e4lva nominerat bolagets styrelse och best\u00e4mt vilka som ska styra hos \u00e4garen, regionen, och hur trafikf\u00f6rs\u00f6rjningsprogrammet ska se ut.<\/p>\n<p>Jag blir ledsen redan n\u00e4r det sker fr\u00e5n borgerligt h\u00e5ll, d\u00e4r de \u00e4nd\u00e5 har en mer \u00e5terh\u00e5llen k\u00e4rlek till gemensamma l\u00f6sningar. Jag blir \u00e4n mer besviken n\u00e4r det kommer fr\u00e5n folk som p\u00e5st\u00e5r att de k\u00e4mpar f\u00f6r en gemensam sektor. Den kollektiva.<\/p>\n<p>P\u00e5st\u00e5r, sa jag.<\/p>\n<p>I V\u00e4rmland \u00e4r det n\u00e5gra politiker med r\u00f6d eller r\u00e4tt r\u00f6d partibok som h\u00e5rdast och mest regelbundet skadar bussens och t\u00e5gets rykte. Se d\u00e4r en politisk paradox.<\/p>\n<p><strong>F\u00f6red\u00f6met Lid\u00e9n<br \/>\n<\/strong>Finns det d\u00e5 inga positiva f\u00f6red\u00f6men i fr\u00e5gan i sociala medier h\u00e4r p\u00e5 trakten? Jovars. Han heter <strong>Per-Inge Lid\u00e9n<\/strong> och \u00e4r milj\u00f6partist. Troligen kommer jag aldrig att r\u00f6sta p\u00e5 honom, fast vi \u00e4r \u00f6verens om mycket. Men jag kommer alltid att h\u00f6gakta en karl som g\u00e4rna \u00e4r kritisk p\u00e5 vissa punkter men samtidigt hela tiden har vett att mana p\u00e5 sina facebookv\u00e4nner i kommentarerna:<\/p>\n<p style=\"padding-left: 30px;\"><em>&#8211; Vi m\u00e5ste v\u00e4rna om V\u00e4rmlandstrafik.<\/em><\/p>\n<p>\u00c4ven jag \u00e4r kritisk ibland. K\u00e4ra n\u00e5n, du k\u00e4nner v\u00e4l mig? Men aldrig att jag s\u00e4nker mig till det tv\u00e4rpolitiska gn\u00e4llg\u00e4ngets eviga \u201dJas\u00e5 \u00e4r t\u00e5get i tid? I dag ja\u201d.<\/p>\n<p>D\u00e5 f\u00f6redrar jag hederliga politiker som tar reda p\u00e5 vad f\u00f6rseningen beror p\u00e5 och g\u00f6r n\u00e5got \u00e5t den. Folkvett \u00e4r en underskattad politisk f\u00e4rdighet i populistiska facebooktider.<\/p>\n<p>\u00c4nd\u00e5 \u00e4r det den som vinner respekt i l\u00e4ngden.<\/p>\n<p><em><span style=\"color: #ff0000;\"><strong>#<\/strong><\/span>\u00a0B\u00f6rja underh\u00e5ll v\u00e5ra j\u00e4rnv\u00e4gar.<br \/>\n<\/em><em><span style=\"color: #ff0000;\"><strong>#<\/strong><\/span>\u00a0Bygg fler m\u00f6tessp\u00e5r och dubbelsp\u00e5r.<br \/>\n<\/em><em><span style=\"color: #ff0000;\"><strong>#<\/strong><\/span>\u00a0Samla information om alla turer, tider, biljetter och h\u00e5llplatser i Sverige p\u00e5 ett st\u00e4lle.<br \/>\n<\/em><em><span style=\"color: #ff0000;\">#<\/span>\u00a0Skapa ett gemensamt biljettsystem med enhetliga regler i hela landet och s\u00e4nk priserna p\u00e5 m\u00e5nga h\u00e5ll.<br \/>\n<\/em><em><span style=\"color: #ff0000;\">#<\/span>\u00a0Fundera p\u00e5 vad som b\u00f6r beh\u00e5llas av avregleringen av den svenska j\u00e4rnv\u00e4gen. Kanske finns det n\u00e5got?<\/em><\/p>\n<p><strong><em>L\u00e4s mer i morgon:<br \/>\n<\/em><\/strong><span style=\"color: #3366ff;\"><em><a style=\"color: #3366ff;\" href=\"https:\/\/sven-ove.nu\/?p=15066\">Samordningsvinst p\u00e5 v\u00e4rml\u00e4ndskt s\u00e4tt<\/a><\/em><\/span><\/p>\n","protected":false},"excerpt":{"rendered":"<p>Mitt jobb gjorde att jag l\u00e4rde k\u00e4nna m\u00e5nga tunga lokala och regionala politiker. Det var nyttigt, f\u00f6r jag fann en k\u00e5r som slet h\u00e5rt och oftast hade b\u00e5de humor och vett att skratta \u00f6ver partigr\u00e4nserna. Ibland skulle det r\u00f6stas men i mitt sammanhang, kollektivtrafiken, h\u00e4nde detta s\u00e4llan. Det var mest de sista \u00e5ren, fast d\u00e5 &hellip; <a href=\"https:\/\/sven-ove.nu\/?p=15054\" class=\"more-link\">Forts\u00e4tt l\u00e4sa <span class=\"screen-reader-text\">D\u00e5 f\u00f6redrar jag folkvett<\/span><\/a><\/p>\n","protected":false},"author":1,"featured_media":0,"comment_status":"open","ping_status":"open","sticky":false,"template":"","format":"standard","meta":{"_crdt_document":"","_monsterinsights_skip_tracking":false,"_monsterinsights_sitenote_active":false,"_monsterinsights_sitenote_note":"","_monsterinsights_sitenote_category":0,"footnotes":""},"categories":[9,4],"tags":[16,15,20,17],"class_list":["post-15054","post","type-post","status-publish","format-standard","hentry","category-politik","category-skrivande","tag-dumheter","tag-mediedjungeln","tag-rad","tag-solidaritet"],"_links":{"self":[{"href":"https:\/\/sven-ove.nu\/index.php?rest_route=\/wp\/v2\/posts\/15054","targetHints":{"allow":["GET"]}}],"collection":[{"href":"https:\/\/sven-ove.nu\/index.php?rest_route=\/wp\/v2\/posts"}],"about":[{"href":"https:\/\/sven-ove.nu\/index.php?rest_route=\/wp\/v2\/types\/post"}],"author":[{"embeddable":true,"href":"https:\/\/sven-ove.nu\/index.php?rest_route=\/wp\/v2\/users\/1"}],"replies":[{"embeddable":true,"href":"https:\/\/sven-ove.nu\/index.php?rest_route=%2Fwp%2Fv2%2Fcomments&post=15054"}],"version-history":[{"count":12,"href":"https:\/\/sven-ove.nu\/index.php?rest_route=\/wp\/v2\/posts\/15054\/revisions"}],"predecessor-version":[{"id":15079,"href":"https:\/\/sven-ove.nu\/index.php?rest_route=\/wp\/v2\/posts\/15054\/revisions\/15079"}],"wp:attachment":[{"href":"https:\/\/sven-ove.nu\/index.php?rest_route=%2Fwp%2Fv2%2Fmedia&parent=15054"}],"wp:term":[{"taxonomy":"category","embeddable":true,"href":"https:\/\/sven-ove.nu\/index.php?rest_route=%2Fwp%2Fv2%2Fcategories&post=15054"},{"taxonomy":"post_tag","embeddable":true,"href":"https:\/\/sven-ove.nu\/index.php?rest_route=%2Fwp%2Fv2%2Ftags&post=15054"}],"curies":[{"name":"wp","href":"https:\/\/api.w.org\/{rel}","templated":true}]}}