{"id":15066,"date":"2016-06-14T03:00:43","date_gmt":"2016-06-14T02:00:43","guid":{"rendered":"http:\/\/sven-ove.nu\/?p=15066"},"modified":"2016-06-14T06:12:46","modified_gmt":"2016-06-14T05:12:46","slug":"samordningsvinst-pa-varmlandskt-satt","status":"publish","type":"post","link":"https:\/\/sven-ove.nu\/?p=15066","title":{"rendered":"Samordningsvinst p\u00e5 v\u00e4rml\u00e4ndskt s\u00e4tt"},"content":{"rendered":"<p><a href=\"https:\/\/sven-ove.nu\/wp-content\/uploads\/2016\/06\/IMG_1133.jpg\"><img loading=\"lazy\" decoding=\"async\" class=\"size-large wp-image-15071 alignnone\" src=\"https:\/\/sven-ove.nu\/wp-content\/uploads\/2016\/06\/IMG_1133-1024x1024.jpg\" alt=\"IMG_1133\" width=\"660\" height=\"660\" srcset=\"https:\/\/sven-ove.nu\/wp-content\/uploads\/2016\/06\/IMG_1133-1024x1024.jpg 1024w, https:\/\/sven-ove.nu\/wp-content\/uploads\/2016\/06\/IMG_1133-150x150.jpg 150w, https:\/\/sven-ove.nu\/wp-content\/uploads\/2016\/06\/IMG_1133-300x300.jpg 300w\" sizes=\"auto, (max-width: 660px) 100vw, 660px\" \/><\/a><\/p>\n<p style=\"padding-left: 30px;\"><em>Bockstensmannen var ocks\u00e5 en riktig st\u00f6nbock.<\/em><\/p>\n<blockquote><p>N\u00e4r vi \u00e4nd\u00e5 pratar om kollektivtrafiken i min provins, s\u00e5 ber jag att f\u00e5 ta upp en fr\u00e5ga till.<\/p><\/blockquote>\n<p><strong>Vad \u00e4r det f\u00f6r en djuping som har hittat p\u00e5 att det ska finnas ett kommunalt bolag som organiserar kollektivtrafiken i hela mitt l\u00e4n och en annan kommunal enhet\u00a0som sk\u00f6ter stadstrafiken i residensstaden? S\u00e5 g\u00f6r n\u00e4stan ingen annan i riket.<\/strong><\/p>\n<p>Var det f\u00f6r samordningsvinsternas skull?<br \/>\nVar det f\u00f6r att det k\u00e4ndes s\u00e5 fint om Karlstads biljettpriser kan s\u00e4ttas vid en tidpunkt och l\u00e4nets vid en annan?<br \/>\nVar det f\u00f6r att det var sv\u00e5rt att enas om priserna, \u00e4ven utan de skilda datumen?<br \/>\nVar det f\u00f6r den fina m\u00f6jligheten att l\u00e5ta nya tidtabeller b\u00f6rja g\u00e4lla vid olika tillf\u00e4llen?<br \/>\nVar det f\u00f6r att ge jobb \u00e5t fler reklambyr\u00e5m\u00e4nniskor, n\u00e4r tv\u00e5 grafiska profiler skulle utformas?<\/p>\n<p>Var det f\u00f6r att ge jobb \u00e5t fler reklambyr\u00e5m\u00e4nniskor, n\u00e4r <span style=\"color: #3366ff;\"><a style=\"color: #3366ff;\" href=\"http:\/\/www.karlstad.se\/Karlstadsbuss\/\" target=\"_blank\">tv\u00e5<\/a> <a style=\"color: #3366ff;\" href=\"http:\/\/www.varmlandstrafik.se\" target=\"_blank\">webbplatser<\/a><\/span> skulle formges?<br \/>\nVar det f\u00f6r att det skulle bli dubbla reklamkampanjer?<br \/>\nVar det f\u00f6r att den ene skulle kunna ha ett sommarerbjudande?<br \/>\nVar det f\u00f6r att ge jobb \u00e5t fler bussf\u00f6retag, n\u00e4r tv\u00e5 olika verksamheter skulle sk\u00f6tas?<br \/>\nVar det f\u00f6r att ge jobb \u00e5t fler bussf\u00f6retag, n\u00e4r tv\u00e5 olika tidtabeller skulle g\u00e4lla?<\/p>\n<p>Var det f\u00f6r att st\u00e4rka den v\u00e4rml\u00e4ndska folkh\u00e4lsan, n\u00e4r dessa tidtabeller inte kunde samordnas? Folk fick mer tid att g\u00e5.<br \/>\nVar det f\u00f6r att fler politiker skulle f\u00e5 makt \u00f6ver n\u00e5got och mer arvode?<br \/>\nVar det f\u00f6r att en del karlstadpolitiker var f\u00f6rmer \u00e4n de ute i l\u00e4net?<br \/>\nVar det f\u00f6r att inga politiker \u00e4nd\u00e5 \u00e5ker stadsbuss i Karlstad s\u00e5 det kvittade?<br \/>\nVar det f\u00f6r att V\u00e4rmland skulle f\u00e5 fler mellanchefer och en h\u00f6g chef till?<\/p>\n<p>Var det f\u00f6r att l\u00e4ra v\u00e4rml\u00e4ndska resen\u00e4rer se skillnad p\u00e5 gult och orange?<br \/>\nVar det f\u00f6r att det skulle se fint ut i gatubilden med dubbla h\u00e5llplatsskyltar?<br \/>\nVar det f\u00f6r att l\u00e4ra v\u00e4rml\u00e4ndska resen\u00e4rer leta reda p\u00e5 olika olikartade regler p\u00e5 tv\u00e5 olika webbplatser?<br \/>\nVar det f\u00f6r att l\u00e4ra v\u00e4rml\u00e4ndska resen\u00e4rer ringa p\u00e5 tv\u00e5 olika nummer f\u00f6r att f\u00e5 olika trafikupplysning?<br \/>\nVar det f\u00f6r att v\u00e4rml\u00e4ndska resen\u00e4rer skulle l\u00e4ra sig likheten mellan ett orange Resekort och ett gult V\u00e4rmlandskort?<\/p>\n<p>Var det f\u00f6r att kunna ha tv\u00e5 olika regler om studentrabatter?<br \/>\nVar det f\u00f6r att kunna ha tv\u00e5 olika regler om pension\u00e4rsrabatter?<br \/>\nVar det f\u00f6r att ha tv\u00e5 olika facebooksidor?<br \/>\nVar det f\u00f6r att ha tv\u00e5 olika twitterkonton?<br \/>\nVar det f\u00f6r att k\u00f6pa tv\u00e5 olika realtidssystem?<\/p>\n<p>Var det f\u00f6r att kunna ha tv\u00e5 olika nummer till hittegodset?<br \/>\nVar det f\u00f6r att kunna ha tv\u00e5 olika huvudkontor?<br \/>\nVar det f\u00f6r att det skulle bli fler m\u00f6ten?<br \/>\nVar det f\u00f6r att skapa f\u00f6rvirring p\u00e5 ett h\u00f6gre plan \u00e4n i andra landskap i landet?<\/p>\n<p>Jaha.<\/p>\n<p><strong><br \/>\n<a href=\"https:\/\/sven-ove.nu\/wp-content\/uploads\/2016\/06\/IMG_1133.jpg\"><img loading=\"lazy\" decoding=\"async\" class=\"alignright size-thumbnail wp-image-15071\" src=\"https:\/\/sven-ove.nu\/wp-content\/uploads\/2016\/06\/IMG_1133-150x150.jpg\" alt=\"IMG_1133\" width=\"150\" height=\"150\" srcset=\"https:\/\/sven-ove.nu\/wp-content\/uploads\/2016\/06\/IMG_1133-150x150.jpg 150w, https:\/\/sven-ove.nu\/wp-content\/uploads\/2016\/06\/IMG_1133-300x300.jpg 300w, https:\/\/sven-ove.nu\/wp-content\/uploads\/2016\/06\/IMG_1133-1024x1024.jpg 1024w\" sizes=\"auto, (max-width: 150px) 100vw, 150px\" \/><\/a>Ordf\u00f6rklaring<br \/>\n<\/strong><em>St\u00f6nbock \u2013 v\u00e4rml\u00e4ndskt dialektord f\u00f6r envis typ, en s\u00e5 kallad st\u00f6nig en.<br \/>\n<\/em><em>Bockstensmannen \u2013 ej kollektivtrafikpolitiker i Karlstad men mossig.<\/em><\/p>\n<p><strong>L\u00e4nk till tidigare inl\u00e4gg om trafikpolitik<br \/>\n<\/strong><span style=\"color: #3366ff;\"><em><a style=\"color: #3366ff;\" href=\"https:\/\/sven-ove.nu\/?p=15054\">D\u00e5 f\u00f6redrar jag folkvett<\/a><\/em><\/span><\/p>\n","protected":false},"excerpt":{"rendered":"<p>Bockstensmannen var ocks\u00e5 en riktig st\u00f6nbock. N\u00e4r vi \u00e4nd\u00e5 pratar om kollektivtrafiken i min provins, s\u00e5 ber jag att f\u00e5 ta upp en fr\u00e5ga till. Vad \u00e4r det f\u00f6r en djuping som har hittat p\u00e5 att det ska finnas ett kommunalt bolag som organiserar kollektivtrafiken i hela mitt l\u00e4n och en annan kommunal enhet\u00a0som sk\u00f6ter &hellip; <a href=\"https:\/\/sven-ove.nu\/?p=15066\" class=\"more-link\">Forts\u00e4tt l\u00e4sa <span class=\"screen-reader-text\">Samordningsvinst p\u00e5 v\u00e4rml\u00e4ndskt s\u00e4tt<\/span><\/a><\/p>\n","protected":false},"author":1,"featured_media":0,"comment_status":"open","ping_status":"open","sticky":false,"template":"","format":"standard","meta":{"_crdt_document":"","_monsterinsights_skip_tracking":false,"_monsterinsights_sitenote_active":false,"_monsterinsights_sitenote_note":"","_monsterinsights_sitenote_category":0,"footnotes":""},"categories":[9],"tags":[16],"class_list":["post-15066","post","type-post","status-publish","format-standard","hentry","category-politik","tag-dumheter"],"_links":{"self":[{"href":"https:\/\/sven-ove.nu\/index.php?rest_route=\/wp\/v2\/posts\/15066","targetHints":{"allow":["GET"]}}],"collection":[{"href":"https:\/\/sven-ove.nu\/index.php?rest_route=\/wp\/v2\/posts"}],"about":[{"href":"https:\/\/sven-ove.nu\/index.php?rest_route=\/wp\/v2\/types\/post"}],"author":[{"embeddable":true,"href":"https:\/\/sven-ove.nu\/index.php?rest_route=\/wp\/v2\/users\/1"}],"replies":[{"embeddable":true,"href":"https:\/\/sven-ove.nu\/index.php?rest_route=%2Fwp%2Fv2%2Fcomments&post=15066"}],"version-history":[{"count":10,"href":"https:\/\/sven-ove.nu\/index.php?rest_route=\/wp\/v2\/posts\/15066\/revisions"}],"predecessor-version":[{"id":15081,"href":"https:\/\/sven-ove.nu\/index.php?rest_route=\/wp\/v2\/posts\/15066\/revisions\/15081"}],"wp:attachment":[{"href":"https:\/\/sven-ove.nu\/index.php?rest_route=%2Fwp%2Fv2%2Fmedia&parent=15066"}],"wp:term":[{"taxonomy":"category","embeddable":true,"href":"https:\/\/sven-ove.nu\/index.php?rest_route=%2Fwp%2Fv2%2Fcategories&post=15066"},{"taxonomy":"post_tag","embeddable":true,"href":"https:\/\/sven-ove.nu\/index.php?rest_route=%2Fwp%2Fv2%2Ftags&post=15066"}],"curies":[{"name":"wp","href":"https:\/\/api.w.org\/{rel}","templated":true}]}}