{"id":15146,"date":"2016-06-22T03:00:30","date_gmt":"2016-06-22T02:00:30","guid":{"rendered":"http:\/\/sven-ove.nu\/?p=15146"},"modified":"2016-06-19T15:50:07","modified_gmt":"2016-06-19T14:50:07","slug":"allt-mojligt","status":"publish","type":"post","link":"https:\/\/sven-ove.nu\/?p=15146","title":{"rendered":"Allt m\u00f6jligt"},"content":{"rendered":"<p><a href=\"https:\/\/sven-ove.nu\/wp-content\/uploads\/2016\/06\/Lampa.jpg\"><img loading=\"lazy\" decoding=\"async\" class=\"size-large wp-image-15149 alignnone\" src=\"https:\/\/sven-ove.nu\/wp-content\/uploads\/2016\/06\/Lampa-1024x782.jpg\" alt=\"Lampa\" width=\"660\" height=\"504\" srcset=\"https:\/\/sven-ove.nu\/wp-content\/uploads\/2016\/06\/Lampa-1024x782.jpg 1024w, https:\/\/sven-ove.nu\/wp-content\/uploads\/2016\/06\/Lampa-300x229.jpg 300w, https:\/\/sven-ove.nu\/wp-content\/uploads\/2016\/06\/Lampa.jpg 1564w\" sizes=\"auto, (max-width: 660px) 100vw, 660px\" \/><\/a><\/p>\n<blockquote><p>J\u00e4dra nostalgi. Jag vill inte se bak\u00e5t, jag ser fram\u00e5t varenda dag. Solen g\u00e5r upp, v\u00e4rlden g\u00e5r \u00e5t r\u00e4tt h\u00e5ll\u2026 v\u00e4rlden skulle kunna g\u00e5 \u00e5t det h\u00e5llet.<\/p>\n<p>Jag har st\u00f6rre framruta \u00e4n backspegel.<\/p><\/blockquote>\n<p>Det \u00e4r bara det att livet ber mig st\u00e4da i garaget och snedgarderoben. Vi har bott h\u00e4r sedan augusti 1983, en av oss \u00e4lskar pappkartonger och tidskriftssamlare och s\u00e5dant kan bara sluta p\u00e5 ett s\u00e4tt. Vissa v\u00e4ggar b\u00e5gnar in\u00e5t.<\/p>\n<p>Ser du bilden framf\u00f6r dig? Det sitter en 17-\u00e5ring framf\u00f6r en \u00f6ppnad flyttkartong som han med stort besv\u00e4r baxat ut ur garderoben. Nu \u00f6ppnar han kartongen och plockar upp den f\u00f6rsta tidskriftssamlaren. Han \u00e4r 48 \u00e5r \u00e4ldre p\u00e5st\u00e5r passet men inte det papper han nu b\u00f6rjar studera.<\/p>\n<p>Dikten om det demokratiska &amp; r\u00e4ttvisa samh\u00e4llet.<\/p>\n<p><em><span style=\"color: #ff0000;\">###<\/span> Nostalgi \u00e4r en vemodig men njutningsfull l\u00e4ngtan, skriver Nationalencyklopedin.<br \/>\n<\/em><em><span style=\"color: #ff0000;\">###<\/span> Hem eller tillbaka till n\u00e5got f\u00f6rlorat.<br \/>\n<\/em><em><span style=\"color: #ff0000;\">###<\/span> Inte \u00e4r jag s\u00e5dan. Jag l\u00e4ngtar landet jag aldrig sett, jag l\u00e4ngtar efter frihet, j\u00e4mlikhet, systerskap, broderskap. Fram\u00e5t, nu filar vi p\u00e5 dikten, allt \u00e4r fortfarande m\u00f6jligt. Tjohoo!<\/em><\/p>\n","protected":false},"excerpt":{"rendered":"<p>J\u00e4dra nostalgi. Jag vill inte se bak\u00e5t, jag ser fram\u00e5t varenda dag. Solen g\u00e5r upp, v\u00e4rlden g\u00e5r \u00e5t r\u00e4tt h\u00e5ll\u2026 v\u00e4rlden skulle kunna g\u00e5 \u00e5t det h\u00e5llet. Jag har st\u00f6rre framruta \u00e4n backspegel. Det \u00e4r bara det att livet ber mig st\u00e4da i garaget och snedgarderoben. Vi har bott h\u00e4r sedan augusti 1983, en av &hellip; <a href=\"https:\/\/sven-ove.nu\/?p=15146\" class=\"more-link\">Forts\u00e4tt l\u00e4sa <span class=\"screen-reader-text\">Allt m\u00f6jligt<\/span><\/a><\/p>\n","protected":false},"author":1,"featured_media":0,"comment_status":"open","ping_status":"open","sticky":false,"template":"","format":"standard","meta":{"_crdt_document":"","_monsterinsights_skip_tracking":false,"_monsterinsights_sitenote_active":false,"_monsterinsights_sitenote_note":"","_monsterinsights_sitenote_category":0,"footnotes":""},"categories":[9,4],"tags":[24],"class_list":["post-15146","post","type-post","status-publish","format-standard","hentry","category-politik","category-skrivande","tag-karlek"],"_links":{"self":[{"href":"https:\/\/sven-ove.nu\/index.php?rest_route=\/wp\/v2\/posts\/15146","targetHints":{"allow":["GET"]}}],"collection":[{"href":"https:\/\/sven-ove.nu\/index.php?rest_route=\/wp\/v2\/posts"}],"about":[{"href":"https:\/\/sven-ove.nu\/index.php?rest_route=\/wp\/v2\/types\/post"}],"author":[{"embeddable":true,"href":"https:\/\/sven-ove.nu\/index.php?rest_route=\/wp\/v2\/users\/1"}],"replies":[{"embeddable":true,"href":"https:\/\/sven-ove.nu\/index.php?rest_route=%2Fwp%2Fv2%2Fcomments&post=15146"}],"version-history":[{"count":4,"href":"https:\/\/sven-ove.nu\/index.php?rest_route=\/wp\/v2\/posts\/15146\/revisions"}],"predecessor-version":[{"id":15151,"href":"https:\/\/sven-ove.nu\/index.php?rest_route=\/wp\/v2\/posts\/15146\/revisions\/15151"}],"wp:attachment":[{"href":"https:\/\/sven-ove.nu\/index.php?rest_route=%2Fwp%2Fv2%2Fmedia&parent=15146"}],"wp:term":[{"taxonomy":"category","embeddable":true,"href":"https:\/\/sven-ove.nu\/index.php?rest_route=%2Fwp%2Fv2%2Fcategories&post=15146"},{"taxonomy":"post_tag","embeddable":true,"href":"https:\/\/sven-ove.nu\/index.php?rest_route=%2Fwp%2Fv2%2Ftags&post=15146"}],"curies":[{"name":"wp","href":"https:\/\/api.w.org\/{rel}","templated":true}]}}