{"id":15152,"date":"2016-06-23T03:00:16","date_gmt":"2016-06-23T02:00:16","guid":{"rendered":"http:\/\/sven-ove.nu\/?p=15152"},"modified":"2016-06-21T13:03:16","modified_gmt":"2016-06-21T12:03:16","slug":"faaaaardig-pryd-stangen","status":"publish","type":"post","link":"https:\/\/sven-ove.nu\/?p=15152","title":{"rendered":"F\u00e4\u00e4\u00e4\u00e4\u00e4rdig, pryd st\u00e5ngen!"},"content":{"rendered":"<p><a href=\"https:\/\/sven-ove.nu\/wp-content\/uploads\/2016\/06\/Sillimester.jpg\"><img loading=\"lazy\" decoding=\"async\" class=\"size-large wp-image-15158 alignnone\" src=\"https:\/\/sven-ove.nu\/wp-content\/uploads\/2016\/06\/Sillimester-1024x768.jpg\" alt=\"Sillimester\" width=\"660\" height=\"495\" srcset=\"https:\/\/sven-ove.nu\/wp-content\/uploads\/2016\/06\/Sillimester-1024x768.jpg 1024w, https:\/\/sven-ove.nu\/wp-content\/uploads\/2016\/06\/Sillimester-300x225.jpg 300w\" sizes=\"auto, (max-width: 660px) 100vw, 660px\" \/><\/a><\/p>\n<blockquote><p>Majst\u00e5ng kommer av verbet maja som betyder pryda.<\/p><\/blockquote>\n<p><span style=\"color: #000000;\"><a style=\"color: #000000;\" href=\"http:\/\/www.ne.se\" target=\"_blank\">Ne.se<\/a> <\/span>ber\u00e4ttar att p\u00e5 senmedeltiden och senare drog dj\u00e4knar, ges\u00e4ller och dr\u00e4ngar omkring med majst\u00e4nger, n\u00e4r de\u00a0uppvaktade borgare och b\u00f6nder. De sj\u00f6ng och hade uppt\u00e5g f\u00f6r sig f\u00f6r att skaffa mat och dryck till sin v\u00e5r- eller sommarfest.<\/p>\n<p>Trevlig midsommar och tack f\u00f6r att du hittat hit under \u00e5ret. Det har gjort mina dagar gladare.<\/p>\n<p>Trivs.<\/p>\n<p><em><span style=\"color: #00ff00;\">###<\/span><\/em><em>\u00a0\u2026 o<\/em><em>ch d\u00e4r blev jag klar med det stora frilansjobbet fr\u00e5n i vinter och v\u00e5r. Blir en del\u00a0finlir innan tryck men det r\u00e4knas inte.<br \/>\n<\/em><em><span style=\"color: #00ff00;\">###<\/span>\u00a0Ledig p\u00e5 heltid\u00a0nu?<br \/>\n<\/em><em><span style=\"color: #00ff00;\">###<\/span>\u00a0S\u00e4llan.<\/em><\/p>\n","protected":false},"excerpt":{"rendered":"<p>Majst\u00e5ng kommer av verbet maja som betyder pryda. Ne.se ber\u00e4ttar att p\u00e5 senmedeltiden och senare drog dj\u00e4knar, ges\u00e4ller och dr\u00e4ngar omkring med majst\u00e4nger, n\u00e4r de\u00a0uppvaktade borgare och b\u00f6nder. De sj\u00f6ng och hade uppt\u00e5g f\u00f6r sig f\u00f6r att skaffa mat och dryck till sin v\u00e5r- eller sommarfest. Trevlig midsommar och tack f\u00f6r att du hittat hit &hellip; <a href=\"https:\/\/sven-ove.nu\/?p=15152\" class=\"more-link\">Forts\u00e4tt l\u00e4sa <span class=\"screen-reader-text\">F\u00e4\u00e4\u00e4\u00e4\u00e4rdig, pryd st\u00e5ngen!<\/span><\/a><\/p>\n","protected":false},"author":1,"featured_media":0,"comment_status":"open","ping_status":"open","sticky":false,"template":"","format":"standard","meta":{"_crdt_document":"","_monsterinsights_skip_tracking":false,"_monsterinsights_sitenote_active":false,"_monsterinsights_sitenote_note":"","_monsterinsights_sitenote_category":0,"footnotes":""},"categories":[4],"tags":[8,14,21],"class_list":["post-15152","post","type-post","status-publish","format-standard","hentry","category-skrivande","tag-historia","tag-lasning","tag-ord"],"_links":{"self":[{"href":"https:\/\/sven-ove.nu\/index.php?rest_route=\/wp\/v2\/posts\/15152","targetHints":{"allow":["GET"]}}],"collection":[{"href":"https:\/\/sven-ove.nu\/index.php?rest_route=\/wp\/v2\/posts"}],"about":[{"href":"https:\/\/sven-ove.nu\/index.php?rest_route=\/wp\/v2\/types\/post"}],"author":[{"embeddable":true,"href":"https:\/\/sven-ove.nu\/index.php?rest_route=\/wp\/v2\/users\/1"}],"replies":[{"embeddable":true,"href":"https:\/\/sven-ove.nu\/index.php?rest_route=%2Fwp%2Fv2%2Fcomments&post=15152"}],"version-history":[{"count":8,"href":"https:\/\/sven-ove.nu\/index.php?rest_route=\/wp\/v2\/posts\/15152\/revisions"}],"predecessor-version":[{"id":15161,"href":"https:\/\/sven-ove.nu\/index.php?rest_route=\/wp\/v2\/posts\/15152\/revisions\/15161"}],"wp:attachment":[{"href":"https:\/\/sven-ove.nu\/index.php?rest_route=%2Fwp%2Fv2%2Fmedia&parent=15152"}],"wp:term":[{"taxonomy":"category","embeddable":true,"href":"https:\/\/sven-ove.nu\/index.php?rest_route=%2Fwp%2Fv2%2Fcategories&post=15152"},{"taxonomy":"post_tag","embeddable":true,"href":"https:\/\/sven-ove.nu\/index.php?rest_route=%2Fwp%2Fv2%2Ftags&post=15152"}],"curies":[{"name":"wp","href":"https:\/\/api.w.org\/{rel}","templated":true}]}}