{"id":15162,"date":"2016-06-24T03:00:19","date_gmt":"2016-06-24T02:00:19","guid":{"rendered":"http:\/\/sven-ove.nu\/?p=15162"},"modified":"2016-06-23T08:27:40","modified_gmt":"2016-06-23T07:27:40","slug":"en-skammens-dag-i-riksdagen","status":"publish","type":"post","link":"https:\/\/sven-ove.nu\/?p=15162","title":{"rendered":"En skammens dag i riksdagen"},"content":{"rendered":"<p><a href=\"https:\/\/sven-ove.nu\/wp-content\/uploads\/2016\/06\/Extrasak.jpg\"><img loading=\"lazy\" decoding=\"async\" class=\"size-full wp-image-15108 alignnone\" src=\"https:\/\/sven-ove.nu\/wp-content\/uploads\/2016\/06\/Extrasak.jpg\" alt=\"Extrasak\" width=\"181\" height=\"22\" \/><\/a><\/p>\n<p><strong>21 juni.<\/strong> I dag har man best\u00e4mt i v\u00e5r huvudstad att flyktingar och deras familjer ska f\u00e5 det s\u00e4mre och regeringen och dess familjer ska f\u00e5 det b\u00e4ttre.<\/p>\n<p style=\"padding-left: 30px;\"><em>L\u00e4nk: <a href=\"http:\/\/www.riksdagen.se\/sv\/press\/pressmeddelanden\/2016\/jun\/21\/statsradens-arvoden-hojs\/\"><span style=\"color: #000080;\">H\u00f6gre l\u00f6n f\u00f6r regeringen<\/span><br \/>\n<\/a>L\u00e4nk: <span style=\"color: #000080;\"><a style=\"color: #000080;\" href=\"http:\/\/www.vf.se\/asikter\/ledare\/en-sorglig-dag-i-riksdagen\">En sorglig dag i riksdagen<\/a><\/span><\/em><\/p>\n<p><strong>21 juni.<\/strong> Vilka v\u00e4rml\u00e4ndska riksdagsledam\u00f6ter r\u00f6stade ja och l\u00e4t Bj\u00f6rn S\u00f6der klubba det sorgliga f\u00f6rslaget att f\u00f6rs\u00e4mra f\u00f6r flyktingar? Svar:<\/p>\n<p>Stina Bergstr\u00f6m ja<br \/>\nDaniel B\u00e4ckstr\u00f6m nej<br \/>\nMikael Dahlqvist ja<br \/>\nJonas Gunnarsson fr\u00e5nvarande<br \/>\nPia Hallstr\u00f6m fr\u00e5nvarande<br \/>\nChristian Holm Barenfeld ja<br \/>\nBerit H\u00f6gman ja<br \/>\nMattias Karlsson ja<br \/>\nLars Mejern Larsson ja<br \/>\nGunilla Svantorp ja<br \/>\nH\u00e5kan Svenneling nej<\/p>\n<p>H\u00e4r \u00e4r l\u00e4nk till hela voteringsprotokollet. Klicka p\u00e5 Beslut och p\u00e5 Visa ledam\u00f6ternas r\u00f6ster.<span style=\"color: #000080;\"> <a style=\"color: #000080;\" href=\"http:\/\/www.riksdagen.se\/sv\/dokument-lagar\/arende\/betankande\/tillfalliga-begransningar-av-mojligheten-att-fa_H301SfU16\">http:\/\/www.riksdagen.se\/\u2026\/tillfalliga-begransningar-av-mojl\u2026<\/a><\/span><\/p>\n<p><strong>21 juni.<\/strong> Det finns riksdagsledam\u00f6ter en skulle vilja hj\u00e4lpa p\u00e5 plats. Enkel resa.<\/p>\n<p><strong>22 juni.<\/strong> H\u00e4r p\u00e5 trakten finns ett gammalt uttryck: &#8221;Att s\u00e4lja taska till r\u00e4ven&#8221;. I g\u00e5r var v\u00e5r riksdag full av f\u00f6rs\u00e4ljare. Svensk danmarkisering.<\/p>\n<p><em>(Inl\u00e4gg, publicerade p\u00e5 Facebook).<\/em><\/p>\n","protected":false},"excerpt":{"rendered":"<p>21 juni. I dag har man best\u00e4mt i v\u00e5r huvudstad att flyktingar och deras familjer ska f\u00e5 det s\u00e4mre och regeringen och dess familjer ska f\u00e5 det b\u00e4ttre. L\u00e4nk: H\u00f6gre l\u00f6n f\u00f6r regeringen L\u00e4nk: En sorglig dag i riksdagen 21 juni. Vilka v\u00e4rml\u00e4ndska riksdagsledam\u00f6ter r\u00f6stade ja och l\u00e4t Bj\u00f6rn S\u00f6der klubba det sorgliga f\u00f6rslaget att &hellip; <a href=\"https:\/\/sven-ove.nu\/?p=15162\" class=\"more-link\">Forts\u00e4tt l\u00e4sa <span class=\"screen-reader-text\">En skammens dag i riksdagen<\/span><\/a><\/p>\n","protected":false},"author":1,"featured_media":0,"comment_status":"open","ping_status":"open","sticky":false,"template":"","format":"standard","meta":{"_crdt_document":"","_monsterinsights_skip_tracking":false,"_monsterinsights_sitenote_active":false,"_monsterinsights_sitenote_note":"","_monsterinsights_sitenote_category":0,"footnotes":""},"categories":[33],"tags":[],"class_list":["post-15162","post","type-post","status-publish","format-standard","hentry","category-extrasak"],"_links":{"self":[{"href":"https:\/\/sven-ove.nu\/index.php?rest_route=\/wp\/v2\/posts\/15162","targetHints":{"allow":["GET"]}}],"collection":[{"href":"https:\/\/sven-ove.nu\/index.php?rest_route=\/wp\/v2\/posts"}],"about":[{"href":"https:\/\/sven-ove.nu\/index.php?rest_route=\/wp\/v2\/types\/post"}],"author":[{"embeddable":true,"href":"https:\/\/sven-ove.nu\/index.php?rest_route=\/wp\/v2\/users\/1"}],"replies":[{"embeddable":true,"href":"https:\/\/sven-ove.nu\/index.php?rest_route=%2Fwp%2Fv2%2Fcomments&post=15162"}],"version-history":[{"count":5,"href":"https:\/\/sven-ove.nu\/index.php?rest_route=\/wp\/v2\/posts\/15162\/revisions"}],"predecessor-version":[{"id":15167,"href":"https:\/\/sven-ove.nu\/index.php?rest_route=\/wp\/v2\/posts\/15162\/revisions\/15167"}],"wp:attachment":[{"href":"https:\/\/sven-ove.nu\/index.php?rest_route=%2Fwp%2Fv2%2Fmedia&parent=15162"}],"wp:term":[{"taxonomy":"category","embeddable":true,"href":"https:\/\/sven-ove.nu\/index.php?rest_route=%2Fwp%2Fv2%2Fcategories&post=15162"},{"taxonomy":"post_tag","embeddable":true,"href":"https:\/\/sven-ove.nu\/index.php?rest_route=%2Fwp%2Fv2%2Ftags&post=15162"}],"curies":[{"name":"wp","href":"https:\/\/api.w.org\/{rel}","templated":true}]}}