{"id":1521,"date":"2012-03-14T06:00:46","date_gmt":"2012-03-14T05:00:46","guid":{"rendered":"http:\/\/sven-ove.nu\/?p=1521"},"modified":"2012-03-13T16:12:43","modified_gmt":"2012-03-13T15:12:43","slug":"bocker-susan-abulhawa-morgon-i-jenin","status":"publish","type":"post","link":"https:\/\/sven-ove.nu\/?p=1521","title":{"rendered":"B\u00f6cker: Susan Abulhawa, Morgon i Jenin"},"content":{"rendered":"<p>Min uppfattning i Palestinafr\u00e5gan har jag haft sedan slutet p\u00e5 60-talet. Du f\u00e5r inte ta ett folks land, inte ens om det \u00e4r f\u00f6r att ge det till ett annat folk som det \u00e4r synd om. Detta var fel i Amerika, n\u00e4r fattiga emigranter fr\u00e5n Europa stal indianernas jaktmarker och det var lika fel i Palestina.<\/p>\n<p>Sedan blir det en historiens ironi om det folk du ger landet till dessutom b\u00f6rjar till\u00e4mpa den h\u00e5rdh\u00e4nta politik som de f\u00f6rtryckare anv\u00e4nde, vilka gjorde att det en g\u00e5ng blev s\u00e4rskilt synd om detta folk.<\/p>\n<p>Observera att jag har all sympati f\u00f6r utsattheten hos de f\u00f6rf\u00f6ljda judarna i nazityskland och allt f\u00f6rakt f\u00f6r det forna f\u00f6rtrycket i det riket. Det bara f\u00f6rsvarar inte att de nyss f\u00f6rtryckta b\u00f6rjar riva hus med bulldozrar, hus som det finns folk kvar i, eller tvingar de forna \u00e4garna av Palestina att visa upp sina pass och papper vid varje gath\u00f6rn inf\u00f6r nerv\u00f6sa, bev\u00e4pnade 20-\u00e5ringar. Det \u00e4r hur du behandlar de som du tycker s\u00e4mst om som visar hur civiliserat ditt samh\u00e4lle \u00e4r.<\/p>\n<p>Allt detta har jag vetat och tyckt l\u00e4nge.<\/p>\n<p>Nu har det kommit en bok som gestaltar och visar upp det som jag har tyckt s\u00e5 l\u00e4nge. En alldeles s\u00e4rskilt fin roman, som hade varit god l\u00e4sning, vilket land och folk den \u00e4n hade handlat om. Men som blir s\u00e4rskilt bra, f\u00f6r att det \u00e4r denna klassiska konflikt den g\u00f6r ber\u00e4ttelse av. Den som alltid har gett s\u00e5 m\u00e5nga s\u00e5 d\u00e5ligt samvete.<\/p>\n<p>Det \u00e4r ju s\u00e5 synd om dom, efter\u2026<\/p>\n<p>Ja, det \u00e4r ju det. Synd om palestinierna som FN tog landet fr\u00e5n, med god hj\u00e4lp av terrorister med bilbomber och skjutvapen. V\u00e5r egne svenska medlare Folke Bernadotte var ett av mordoffren, den g\u00e5ngen.<\/p>\n<p><a href=\"https:\/\/sven-ove.nu\/wp-content\/uploads\/2012\/03\/Morgon-i-Jenin.jpg\"><img loading=\"lazy\" decoding=\"async\" class=\"alignleft size-medium wp-image-1524\" title=\"Morgon i Jenin\" src=\"https:\/\/sven-ove.nu\/wp-content\/uploads\/2012\/03\/Morgon-i-Jenin-179x300.jpg\" alt=\"\" width=\"179\" height=\"300\" srcset=\"https:\/\/sven-ove.nu\/wp-content\/uploads\/2012\/03\/Morgon-i-Jenin-179x300.jpg 179w, https:\/\/sven-ove.nu\/wp-content\/uploads\/2012\/03\/Morgon-i-Jenin-613x1024.jpg 613w, https:\/\/sven-ove.nu\/wp-content\/uploads\/2012\/03\/Morgon-i-Jenin.jpg 1552w\" sizes=\"auto, (max-width: 179px) 100vw, 179px\" \/><\/a>L\u00e4s <strong>Susan Abulhawas<\/strong> bok <strong>Morgon i Jenin<\/strong> om du s\u00e5 bara ska l\u00e4sa en roman i \u00e5r. Hennes ber\u00e4ttelse l\u00f6ser inte konflikten kring Jerusalem och Palestina, men har du n\u00e5got hj\u00e4rta i kroppen s\u00e5 hj\u00e4lper den dig att f\u00f6rst\u00e5.<\/p>\n<p>Ena dagen offer. N\u00e4sta dag ockupant. Ena dagen f\u00f6raktad, n\u00e4sta dag f\u00f6raktare. Mitt i allt \u00e4r Morgon i Jenin en varm och djupt m\u00e4nsklig ber\u00e4ttelse ocks\u00e5. Hur nu det gick till.<\/p>\n<p>En stor roman.<\/p>\n<p>&nbsp;<\/p>\n","protected":false},"excerpt":{"rendered":"<p>Min uppfattning i Palestinafr\u00e5gan har jag haft sedan slutet p\u00e5 60-talet. Du f\u00e5r inte ta ett folks land, inte ens om det \u00e4r f\u00f6r att ge det till ett annat folk som det \u00e4r synd om. Detta var fel i Amerika, n\u00e4r fattiga emigranter fr\u00e5n Europa stal indianernas jaktmarker och det var lika fel i &hellip; <a href=\"https:\/\/sven-ove.nu\/?p=1521\" class=\"more-link\">Forts\u00e4tt l\u00e4sa <span class=\"screen-reader-text\">B\u00f6cker: Susan Abulhawa, Morgon i Jenin<\/span><\/a><\/p>\n","protected":false},"author":1,"featured_media":0,"comment_status":"open","ping_status":"open","sticky":false,"template":"","format":"standard","meta":{"_crdt_document":"","_monsterinsights_skip_tracking":false,"_monsterinsights_sitenote_active":false,"_monsterinsights_sitenote_note":"","_monsterinsights_sitenote_category":0,"footnotes":""},"categories":[9,4],"tags":[8,14,17],"class_list":["post-1521","post","type-post","status-publish","format-standard","hentry","category-politik","category-skrivande","tag-historia","tag-lasning","tag-solidaritet"],"_links":{"self":[{"href":"https:\/\/sven-ove.nu\/index.php?rest_route=\/wp\/v2\/posts\/1521","targetHints":{"allow":["GET"]}}],"collection":[{"href":"https:\/\/sven-ove.nu\/index.php?rest_route=\/wp\/v2\/posts"}],"about":[{"href":"https:\/\/sven-ove.nu\/index.php?rest_route=\/wp\/v2\/types\/post"}],"author":[{"embeddable":true,"href":"https:\/\/sven-ove.nu\/index.php?rest_route=\/wp\/v2\/users\/1"}],"replies":[{"embeddable":true,"href":"https:\/\/sven-ove.nu\/index.php?rest_route=%2Fwp%2Fv2%2Fcomments&post=1521"}],"version-history":[{"count":5,"href":"https:\/\/sven-ove.nu\/index.php?rest_route=\/wp\/v2\/posts\/1521\/revisions"}],"predecessor-version":[{"id":1527,"href":"https:\/\/sven-ove.nu\/index.php?rest_route=\/wp\/v2\/posts\/1521\/revisions\/1527"}],"wp:attachment":[{"href":"https:\/\/sven-ove.nu\/index.php?rest_route=%2Fwp%2Fv2%2Fmedia&parent=1521"}],"wp:term":[{"taxonomy":"category","embeddable":true,"href":"https:\/\/sven-ove.nu\/index.php?rest_route=%2Fwp%2Fv2%2Fcategories&post=1521"},{"taxonomy":"post_tag","embeddable":true,"href":"https:\/\/sven-ove.nu\/index.php?rest_route=%2Fwp%2Fv2%2Ftags&post=1521"}],"curies":[{"name":"wp","href":"https:\/\/api.w.org\/{rel}","templated":true}]}}