{"id":15221,"date":"2016-06-29T03:00:37","date_gmt":"2016-06-29T02:00:37","guid":{"rendered":"http:\/\/sven-ove.nu\/?p=15221"},"modified":"2016-06-28T08:14:40","modified_gmt":"2016-06-28T07:14:40","slug":"det-forunderliga-folkforaktet","status":"publish","type":"post","link":"https:\/\/sven-ove.nu\/?p=15221","title":{"rendered":"Det f\u00f6runderliga folkf\u00f6raktet"},"content":{"rendered":"<p><a href=\"https:\/\/sven-ove.nu\/wp-content\/uploads\/2016\/06\/Ordf\u00f6rande.jpg\"><img loading=\"lazy\" decoding=\"async\" class=\"wp-image-15224 size-full alignleft\" src=\"https:\/\/sven-ove.nu\/wp-content\/uploads\/2016\/06\/Ordf\u00f6rande.jpg\" alt=\"Ordf\u00f6rande\" width=\"640\" height=\"640\" srcset=\"https:\/\/sven-ove.nu\/wp-content\/uploads\/2016\/06\/Ordf\u00f6rande.jpg 640w, https:\/\/sven-ove.nu\/wp-content\/uploads\/2016\/06\/Ordf\u00f6rande-150x150.jpg 150w, https:\/\/sven-ove.nu\/wp-content\/uploads\/2016\/06\/Ordf\u00f6rande-300x300.jpg 300w\" sizes=\"auto, (max-width: 640px) 100vw, 640px\" \/><\/a><\/p>\n<p>Jag m\u00e5ste erk\u00e4nna att jag f\u00f6rundras \u00f6ver folkf\u00f6raktet. Det som just nu str\u00f6mmar genom mitt facebookfl\u00f6de, n\u00e4r somliga kommenterar hur britterna r\u00f6stat i sin folkomr\u00f6stning.<\/p>\n<p style=\"padding-left: 30px;\"><strong>Pl\u00f6tsligt har en massa goda demokrater f\u00f6rvandlats till pl\u00e5nboksegoister som bekymrar sig mer \u00f6ver den egna aktieportf\u00f6ljen \u00e4n \u00f6ver engelsm\u00e4nnens r\u00e4tt att v\u00e4lja sin egen v\u00e4g.<\/strong><\/p>\n<p>H\u00e5net tar sig m\u00e5nga former, men hela tiden detta f\u00f6rakt.<\/p>\n<p>Jag f\u00f6rst\u00e5r det inte. K\u00e4nner ni samma f\u00f6rakt inf\u00f6r 52,1 procent av v\u00e4rml\u00e4nningarna som r\u00f6stade nej till svenskt EU-medlemskap 1994? 66,2 procent av torsbyborna, 65,3 procent av hagforsborna och 64,5 procent av edaborna.<\/p>\n<p>K\u00e4nner ni det?<\/p>\n","protected":false},"excerpt":{"rendered":"<p>Jag m\u00e5ste erk\u00e4nna att jag f\u00f6rundras \u00f6ver folkf\u00f6raktet. Det som just nu str\u00f6mmar genom mitt facebookfl\u00f6de, n\u00e4r somliga kommenterar hur britterna r\u00f6stat i sin folkomr\u00f6stning. Pl\u00f6tsligt har en massa goda demokrater f\u00f6rvandlats till pl\u00e5nboksegoister som bekymrar sig mer \u00f6ver den egna aktieportf\u00f6ljen \u00e4n \u00f6ver engelsm\u00e4nnens r\u00e4tt att v\u00e4lja sin egen v\u00e4g. H\u00e5net tar sig m\u00e5nga &hellip; <a href=\"https:\/\/sven-ove.nu\/?p=15221\" class=\"more-link\">Forts\u00e4tt l\u00e4sa <span class=\"screen-reader-text\">Det f\u00f6runderliga folkf\u00f6raktet<\/span><\/a><\/p>\n","protected":false},"author":1,"featured_media":0,"comment_status":"open","ping_status":"open","sticky":false,"template":"","format":"standard","meta":{"_crdt_document":"","_monsterinsights_skip_tracking":false,"_monsterinsights_sitenote_active":false,"_monsterinsights_sitenote_note":"","_monsterinsights_sitenote_category":0,"footnotes":""},"categories":[9],"tags":[16,18,15],"class_list":["post-15221","post","type-post","status-publish","format-standard","hentry","category-politik","tag-dumheter","tag-lardomar","tag-mediedjungeln"],"_links":{"self":[{"href":"https:\/\/sven-ove.nu\/index.php?rest_route=\/wp\/v2\/posts\/15221","targetHints":{"allow":["GET"]}}],"collection":[{"href":"https:\/\/sven-ove.nu\/index.php?rest_route=\/wp\/v2\/posts"}],"about":[{"href":"https:\/\/sven-ove.nu\/index.php?rest_route=\/wp\/v2\/types\/post"}],"author":[{"embeddable":true,"href":"https:\/\/sven-ove.nu\/index.php?rest_route=\/wp\/v2\/users\/1"}],"replies":[{"embeddable":true,"href":"https:\/\/sven-ove.nu\/index.php?rest_route=%2Fwp%2Fv2%2Fcomments&post=15221"}],"version-history":[{"count":4,"href":"https:\/\/sven-ove.nu\/index.php?rest_route=\/wp\/v2\/posts\/15221\/revisions"}],"predecessor-version":[{"id":15226,"href":"https:\/\/sven-ove.nu\/index.php?rest_route=\/wp\/v2\/posts\/15221\/revisions\/15226"}],"wp:attachment":[{"href":"https:\/\/sven-ove.nu\/index.php?rest_route=%2Fwp%2Fv2%2Fmedia&parent=15221"}],"wp:term":[{"taxonomy":"category","embeddable":true,"href":"https:\/\/sven-ove.nu\/index.php?rest_route=%2Fwp%2Fv2%2Fcategories&post=15221"},{"taxonomy":"post_tag","embeddable":true,"href":"https:\/\/sven-ove.nu\/index.php?rest_route=%2Fwp%2Fv2%2Ftags&post=15221"}],"curies":[{"name":"wp","href":"https:\/\/api.w.org\/{rel}","templated":true}]}}