{"id":15227,"date":"2016-07-01T03:00:36","date_gmt":"2016-07-01T02:00:36","guid":{"rendered":"http:\/\/sven-ove.nu\/?p=15227"},"modified":"2016-06-30T06:23:22","modified_gmt":"2016-06-30T05:23:22","slug":"inskolning-av-nya-springklockan","status":"publish","type":"post","link":"https:\/\/sven-ove.nu\/?p=15227","title":{"rendered":"Inskolning av nya springklockan"},"content":{"rendered":"<p><a href=\"https:\/\/sven-ove.nu\/wp-content\/uploads\/2016\/07\/Gps-stilleben.jpg\"><img loading=\"lazy\" decoding=\"async\" class=\"size-large wp-image-15232 alignnone\" src=\"https:\/\/sven-ove.nu\/wp-content\/uploads\/2016\/07\/Gps-stilleben-1024x754.jpg\" alt=\"Gps-stilleben\" width=\"660\" height=\"486\" srcset=\"https:\/\/sven-ove.nu\/wp-content\/uploads\/2016\/07\/Gps-stilleben-1024x754.jpg 1024w, https:\/\/sven-ove.nu\/wp-content\/uploads\/2016\/07\/Gps-stilleben-300x221.jpg 300w, https:\/\/sven-ove.nu\/wp-content\/uploads\/2016\/07\/Gps-stilleben.jpg 1280w\" sizes=\"auto, (max-width: 660px) 100vw, 660px\" \/><\/a><\/p>\n<blockquote><p>Fem veckor tar det. F\u00f6rst tror jag det \u00e4r mykoplasma som f\u00e5r mig att hosta hela n\u00e4tterna och p\u00e5 dagarna med ibland. Torrhosta de f\u00f6rsta veckorna men inte sedan. Till sist g\u00e5r jag till v\u00e5rdcentralen d\u00e4r doktorn ber\u00e4ttar att en s\u00e4nka p\u00e5 8 \u00e4r b\u00e4ttre \u00e4n bra, mykoplasma \u00e4r det inte. Bronkit.<\/p><\/blockquote>\n<p><span style=\"color: #0000ff;\"><a style=\"color: #0000ff;\" href=\"http:\/\/www.1177.se\/Fakta-och-rad\/Sjukdomar\/Luftrorskatarr\/\">Luftr\u00f6rskatarr<\/a><\/span> l\u00e4ser jag p\u00e5 n\u00e4tet. Kan h\u00e5lla p\u00e5 i 3-4 veckor. Min \u00e4r uth\u00e5lligare och hindrar mig fr\u00e5n att springa i fem veckor, \u00e4ven om besv\u00e4ren blir mindre efter hand. N\u00e4r jag provar rask promenad kommer hostan tillbaka.<\/p>\n<p>Dret.<\/p>\n<p>Jag som k\u00f6pte ny gps-klocka i maj och bara l\u00e5tit den flyga tv\u00e5 g\u00e5nger. Nu har jag gl\u00f6mt hur en s\u00e4tter ig\u00e5ng den. Visst gick det att se statistiken i mobilen, tr\u00e5dl\u00f6st?<\/p>\n<p><strong>Farten kvittar<br \/>\n<\/strong>M\u00e5ndagen den 27 juni sn\u00f6r jag p\u00e5 mig skorna igen, efter att inte ha sprungit p\u00e5 36 dagar. Kroppen har v\u00e4xt flera kilo under tiden, vad sj\u00e4len gjort t\u00f6rs jag inte t\u00e4nka p\u00e5.<\/p>\n<p>Nu.<br \/>\nNu ska det \u00e4ntligen ske.<br \/>\nJag \u00e4r tydligt nerv\u00f6s. Ska vi beh\u00f6va bryta efter f\u00f6rsta utf\u00f6rsl\u00f6pan, klockan och jag? Farten kvittar och str\u00e4ckan med, bara jag f\u00e5r springa.<\/p>\n<p>Regnet h\u00e4nger i luften n\u00e4r klockan, satelliterna och jag \u00e4r \u00f6verens. Sakta lufsar jag iv\u00e4g nerf\u00f6r g\u00e5ngv\u00e4gen. \u00c5rets skatungar \u00e4r utflugna men ett g\u00e4ng takl\u00e4ggare fr\u00e5n trakten hamrar flitigt p\u00e5 taket intill. En meter l\u00e5nga steg r\u00e4knar klockan, fast det vet jag inte \u00e4n. En halv minut saktare \u00e4n normalt per kilometer, det ser jag desto b\u00e4ttre.<\/p>\n<p>Farten kvittar.<br \/>\nDet d\u00e4r \u00e4r l\u00f6gn. Farten kvittar aldrig.<\/p>\n<p>Just i dag spelar den hur som helst mindre roll. Det \u00e4r inte OS-finalen, det \u00e4r f\u00f6rsta lilla sk\u00f6ra rundan efter ett l\u00e5ngt sjukdomsuppeh\u00e5ll. Orkar jag detta? Kommer jag att falla ihop i fosterst\u00e4llning efter 874 meter? Ivrigt spottande decilitervis med mormorshosta?<\/p>\n<p><strong>Mer \u00e4n sj\u00e4lva l\u00f6pningen<br \/>\n<\/strong>Simulant, skrattade en sjukdomskunnig i bekantskapskretsen n\u00e4r jag ber\u00e4ttade om s\u00e4nkan p\u00e5 8. Sedan log hon k\u00e4rt. Var och en som befunnit sig i n\u00e4rheten av en l\u00f6pmotion\u00e4r mer \u00e4n en vecka vet att l\u00f6pmotion\u00e4rer f\u00f6renas av en sak. Vi lyssnar p\u00e5 v\u00e5r kropp.<\/p>\n<p>Hela dagarna g\u00e5r vi omkring och lyssnar. P\u00e5 n\u00e4tterna med, om det g\u00e5r. Den inlevelsef\u00f6rm\u00e5gan f\u00f6renar oss mer \u00e4n sj\u00e4lva l\u00f6pningen. Den g\u00f6r aldrig uppeh\u00e5ll.<\/p>\n<p>De babblar ju s\u00e5 mycket ocks\u00e5, v\u00e5ra kroppar.<\/p>\n<p>Nu passerar jag 874 meter. Inte s\u00e5 mycket som tillstymmelsen till slemmig uts\u00f6ndring. Gr\u00f6nfinken h\u00e4lsar sitt envetna \u201ddry!\u201d, en flock kajor far f\u00f6rbi p\u00e5 hemlig resa norrut och p\u00e5 tomterna intill v\u00e4xer k\u00e4ringtand, potatis och smultronschersmin. N\u00e4san fylls av smultrondoft, det \u00e4r allt. Inte en hosta s\u00e5 l\u00e5ngt luftr\u00f6ren n\u00e5r.<\/p>\n<p>Vackert ord, \u201dtillstymmelse\u201d, t\u00e4nker jag medan benen f\u00f6rv\u00e5nat pinnar p\u00e5 f\u00f6rbi forna fritidshemmet. L\u00e4nge sedan en stymmade till n\u00e5got nu.<\/p>\n<p><strong>Kan det vara tifis?<br \/>\n<\/strong>4 108 steg senare har jag sprungit runt nere p\u00e5 platten en stund och d\u00e4refter tillbaka hem uppf\u00f6r backen. Sa jag att det var en provrunda f\u00f6r att se om jag fortfarande skulle st\u00e5 p\u00e5 benen n\u00e4r jag stod p\u00e5 verandan igen? Klockan g\u00e5r f\u00f6r fort men det f\u00e5r vi ordna. I v\u00e4rsta fall f\u00e5r jag tr\u00e4na. Hur var det nu en st\u00e4llde in pulsen?<\/p>\n<p>Pulsen p\u00e5 klockan menar jag. Det kan inte vara r\u00e4tt att hon varnar f\u00f6r 103 procent av min maxpuls n\u00e4r jag bara l\u00f6per l\u00e4tt konditionsjogg. Eller? Nu vaknar simulantgenen i mig igen. Kan det vara <span style=\"color: #0000ff;\"><a style=\"color: #0000ff;\" href=\"http:\/\/www.tv.nu\/program\/emil-i-lonneberga\/sasong\/1\/avsnitt\/8\" target=\"_blank\">tifis<\/a><\/span>?<\/p>\n<p><a href=\"https:\/\/sven-ove.nu\/wp-content\/uploads\/2016\/07\/IMG_2333.jpg\"><img loading=\"lazy\" decoding=\"async\" class=\"alignright size-thumbnail wp-image-15230\" src=\"https:\/\/sven-ove.nu\/wp-content\/uploads\/2016\/07\/IMG_2333-150x150.jpg\" alt=\"IMG_2333\" width=\"150\" height=\"150\" srcset=\"https:\/\/sven-ove.nu\/wp-content\/uploads\/2016\/07\/IMG_2333-150x150.jpg 150w, https:\/\/sven-ove.nu\/wp-content\/uploads\/2016\/07\/IMG_2333-300x300.jpg 300w, https:\/\/sven-ove.nu\/wp-content\/uploads\/2016\/07\/IMG_2333-1024x1024.jpg 1024w, https:\/\/sven-ove.nu\/wp-content\/uploads\/2016\/07\/IMG_2333.jpg 1462w\" sizes=\"auto, (max-width: 150px) 100vw, 150px\" \/><\/a>103 procent. Finns det s\u00e5 m\u00e5nga procent, hade jag det inom mig? Vad \u00e4r klubbrekordet?<\/p>\n","protected":false},"excerpt":{"rendered":"<p>Fem veckor tar det. F\u00f6rst tror jag det \u00e4r mykoplasma som f\u00e5r mig att hosta hela n\u00e4tterna och p\u00e5 dagarna med ibland. Torrhosta de f\u00f6rsta veckorna men inte sedan. Till sist g\u00e5r jag till v\u00e5rdcentralen d\u00e4r doktorn ber\u00e4ttar att en s\u00e4nka p\u00e5 8 \u00e4r b\u00e4ttre \u00e4n bra, mykoplasma \u00e4r det inte. Bronkit. Luftr\u00f6rskatarr l\u00e4ser jag &hellip; <a href=\"https:\/\/sven-ove.nu\/?p=15227\" class=\"more-link\">Forts\u00e4tt l\u00e4sa <span class=\"screen-reader-text\">Inskolning av nya springklockan<\/span><\/a><\/p>\n","protected":false},"author":1,"featured_media":0,"comment_status":"open","ping_status":"open","sticky":false,"template":"","format":"standard","meta":{"_crdt_document":"","_monsterinsights_skip_tracking":false,"_monsterinsights_sitenote_active":false,"_monsterinsights_sitenote_note":"","_monsterinsights_sitenote_category":0,"footnotes":""},"categories":[5],"tags":[18,26,13],"class_list":["post-15227","post","type-post","status-publish","format-standard","hentry","category-lopning","tag-lardomar","tag-natur-2","tag-utrustning"],"_links":{"self":[{"href":"https:\/\/sven-ove.nu\/index.php?rest_route=\/wp\/v2\/posts\/15227","targetHints":{"allow":["GET"]}}],"collection":[{"href":"https:\/\/sven-ove.nu\/index.php?rest_route=\/wp\/v2\/posts"}],"about":[{"href":"https:\/\/sven-ove.nu\/index.php?rest_route=\/wp\/v2\/types\/post"}],"author":[{"embeddable":true,"href":"https:\/\/sven-ove.nu\/index.php?rest_route=\/wp\/v2\/users\/1"}],"replies":[{"embeddable":true,"href":"https:\/\/sven-ove.nu\/index.php?rest_route=%2Fwp%2Fv2%2Fcomments&post=15227"}],"version-history":[{"count":5,"href":"https:\/\/sven-ove.nu\/index.php?rest_route=\/wp\/v2\/posts\/15227\/revisions"}],"predecessor-version":[{"id":15234,"href":"https:\/\/sven-ove.nu\/index.php?rest_route=\/wp\/v2\/posts\/15227\/revisions\/15234"}],"wp:attachment":[{"href":"https:\/\/sven-ove.nu\/index.php?rest_route=%2Fwp%2Fv2%2Fmedia&parent=15227"}],"wp:term":[{"taxonomy":"category","embeddable":true,"href":"https:\/\/sven-ove.nu\/index.php?rest_route=%2Fwp%2Fv2%2Fcategories&post=15227"},{"taxonomy":"post_tag","embeddable":true,"href":"https:\/\/sven-ove.nu\/index.php?rest_route=%2Fwp%2Fv2%2Ftags&post=15227"}],"curies":[{"name":"wp","href":"https:\/\/api.w.org\/{rel}","templated":true}]}}