{"id":15235,"date":"2016-07-02T03:00:02","date_gmt":"2016-07-02T02:00:02","guid":{"rendered":"http:\/\/sven-ove.nu\/?p=15235"},"modified":"2016-07-02T09:49:15","modified_gmt":"2016-07-02T08:49:15","slug":"15235","status":"publish","type":"post","link":"https:\/\/sven-ove.nu\/?p=15235","title":{"rendered":"D\u00e4rf\u00f6r g\u00f6r svenska medier skillnad p\u00e5 de d\u00f6da"},"content":{"rendered":"<p><a href=\"https:\/\/sven-ove.nu\/wp-content\/uploads\/2015\/09\/Redakt\u00f6rsgr\u00e4nd.jpg\"><img loading=\"lazy\" decoding=\"async\" class=\"size-full wp-image-12968 alignnone\" src=\"https:\/\/sven-ove.nu\/wp-content\/uploads\/2015\/09\/Redakt\u00f6rsgr\u00e4nd.jpg\" alt=\"Redakt\u00f6rsgr\u00e4nd\" width=\"640\" height=\"480\" srcset=\"https:\/\/sven-ove.nu\/wp-content\/uploads\/2015\/09\/Redakt\u00f6rsgr\u00e4nd.jpg 640w, https:\/\/sven-ove.nu\/wp-content\/uploads\/2015\/09\/Redakt\u00f6rsgr\u00e4nd-300x225.jpg 300w\" sizes=\"auto, (max-width: 640px) 100vw, 640px\" \/><\/a><\/p>\n<blockquote><p>Jag \u00e4r gammal journalist. Dessutom har jag arbetat m\u00e5nga \u00e5r med massmediekontakter och h\u00e5llit kurser i \u00e4mnet. Visst vet jag en del om hur nyheter v\u00e4rderas p\u00e5 redaktioner.<\/p>\n<p>Jag blir ledsen i alla fall.<\/p><\/blockquote>\n<p>Den 29 juni skriver en v\u00e4n p\u00e5 Facebook:<\/p>\n<p style=\"padding-left: 30px;\"><em>Olika liv \u00e4r uppenbart v\u00e4rda olika mycket. N\u00e4r Charlie Hebdos journalister sk\u00f6ts ner kunde en f\u00f6lja h\u00e4ndelserna dagligen flera ggr och i flera timmar. N\u00e4r skjutningarna i Paris \u00e4gde rum s\u00e4nde radio och tv uppdateringar i flera dagar. N\u00e4r bomberna i Bryssel skakade om staden s\u00e4ndes nyheten i flera dagar.<\/em><\/p>\n<p style=\"padding-left: 30px;\"><em>41 d\u00f6dsoffer och 239 skadade. Fler kan det bli. Var? P\u00e5 Atat\u00fcrks flygplats i Istanbul, en flygplats med 61 miljoner bes\u00f6kare\/\u00e5r. Var \u00e4r alla nyhetsinslag? Var \u00e4r alla liverapporteringar? Var \u00e4r alla minnesstunder? Jag \u00e4r bara glad att min mamma valde att \u00e5ka till den andra flygplatsen n\u00e5gra timmar senare&#8230;<\/em><\/p>\n<p>Jag kommenterar n\u00e5got tafatt om att hennes mamma hade tur mitt i el\u00e4ndet och ett par storebrorsaktiga meningar om att: \u201dDu har r\u00e4tt i att det g\u00f6rs skillnad. Det finns svar och f\u00f6rklaringar till det men ingen urs\u00e4kt.\u201d<\/p>\n<p><strong>Ja, det blir fel ibland<br \/>\n<\/strong>Har en varit journalist i 30 \u00e5r, om \u00e4n mest som kr\u00f6nik\u00f6r de sista 15 \u00e5ren, d\u00e5 vill folk g\u00e4rna g\u00f6ra en till f\u00f6rsvarsadvokat. \u201dVarf\u00f6r spelar inte Radio V\u00e4rmland mer dragspelsmusik?\u201d \u201dVarf\u00f6r skriver ni bara om det som \u00e4r negativt?\u201d \u201dVarf\u00f6r \u00e4r det s\u00e5 mycket fel i tidningarna? S\u00e5 fort det handlar om n\u00e5got som jag k\u00e4nner till s\u00e5 ser jag hur det blir fel.\u201d<\/p>\n<p>Varenda g\u00e5ng g\u00f6r jag misstaget att svara. \u201dTala med Radio V\u00e4rmland om musiken, jag \u00e4r inte inblandad i den.\u201d \u201dNittio procent av artiklarna i en normal l\u00e4nstidning var bara neutralt informativa, sist jag r\u00e4knade. Det \u00e4r du som minns de negativa rubrikerna b\u00e4st.\u201d \u201dJa, det blir fel ibland. Sj\u00e4lv har jag p\u00e5st\u00e5tt att Fryksdalsbanan \u00e4r smalsp\u00e5rig. N\u00e4r stinsen i Sunne ringde och r\u00e4ttade, sa han att ett normalsp\u00e5r \u00e4r 1 435 centimeter brett. Jag h\u00f6ll p\u00e5 att skicka det med till tryck.\u201d<\/p>\n<p><strong>Inbyggda problem i hantverket<br \/>\n<\/strong>Misstaget med att svara \u00e4r att d\u00e5 tror folk jag vill ta p\u00e5 mig ett ansvar som inte \u00e4r mitt. K\u00e4ra n\u00e5n, det finns faktiskt sk\u00e4l till att jag inte ville forts\u00e4tta som nyhetsreporter. Journalistiken, den goda journalistiken, \u00e4r livsviktig f\u00f6r demokratin men det finns inbyggda problem i det journalistiska hantverket \u00e5r 2016.<\/p>\n<p>F\u00f6renklingen, tillspetsningen.<br \/>\nJakten efter konflikt.<br \/>\nTabloidiseringen, snuttifieringen.<br \/>\nSv\u00e5righeten f\u00f6r m\u00e5nga att skildra den fina gr\u00e5 vardagen med hj\u00e4lp av den journalistiska formen.<br \/>\nBr\u00e5dskan, som dessutom \u00f6kat med digitaliseringen.<br \/>\nGratispubliceringen p\u00e5 webben, som f\u00e5tt papperstidningarnas upplagor att minska och redaktionerna att krympa. Drastiskt.<\/p>\n<p>Det finns m\u00e5nga goda journalister som g\u00f6r ett hederv\u00e4rt och bra jobb varje dag och betyder n\u00e5got f\u00f6r att g\u00f6ra oss medborgare informerade. Men de har sannerligen en del hinder att k\u00e4mpa med, i sj\u00e4lva verktyget.<\/p>\n<p><strong>Man bet hund<br \/>\n<\/strong>St\u00e4mmer det att terrorbomberna i <span style=\"color: #0000ff;\"><a style=\"color: #0000ff;\" href=\"http:\/\/www.dn.se\/nyheter\/varlden\/terrorattack-mot-flygplats-i-istanbul\/\">Istanbul<\/a><\/span> inte fick samma utrymme i svenska medier som tidigare terrorhandlingar i Paris och Bryssel? Jag tror det.<\/p>\n<p style=\"padding-left: 30px;\"><strong>Den klassiska definitionen av\u00a0en nyhet brukar tillskrivas Mark Twain, vare sig han vill det eller ej: Hund bet man \u00e4r ingen nyhet. Man bet hund \u00e4r det.<\/strong><\/p>\n<p>\u00c4r en bomb i Istanbul lika ovanlig som en bomb i Bryssel? Jag tycker det.<\/p>\n<p>Varf\u00f6r f\u00e5r d\u00e5 41 d\u00f6da, minst, p\u00e5 Atat\u00fcrkflygplatsen inte lika stor uppm\u00e4rksamhet som de d\u00f6da i Belgien? \u00c4r det <span style=\"color: #0000ff;\"><a style=\"color: #0000ff;\" href=\"http:\/\/statensmedierad.se\/larommedier\/kallkritikvemvadvarfor\/vadblirennyhet.423.html\">nyhetsv\u00e4rderingen<\/a><\/span> p\u00e5 svenska redaktioner det \u00e4r fel p\u00e5?<\/p>\n<p><strong>N\u00e4rhet, avvikelse, konflikt<br \/>\n<\/strong>Vad \u00e4r en nyhet f\u00f6r en redaktion? N\u00e5gra nyckelord brukar vara n\u00e4rhet, avvikelse, konflikt. Det ska ske n\u00e4ra geografiskt, i tiden och kulturellt. H\u00e4ndelsen ska vara ovanlig och dramatisk. Den ska inneh\u00e5lla en konflikt. Det ska finnas bilder. Har redaktionen dessutom egna resurser p\u00e5 orten eller m\u00f6jlighet att snabbt f\u00e5 dit reporter och fotograf \u00f6kar m\u00f6jligheten till publicering.<\/p>\n<p>Det \u00e4r n\u00e4rhetsprincipen som g\u00f6r att tusen d\u00f6da i en jordb\u00e4vning i Indien inte \u00e4r lika intressanta f\u00f6r en svensk morgontidning, som om tre svenskar r\u00e5kar saknas i samma naturkatastrof.<\/p>\n<p><strong>Skillnad p\u00e5 fez och kepa?<br \/>\n<\/strong>N\u00e5, Atat\u00fcrkflygplatsen ligger v\u00e4l inte mycket l\u00e4ngre bort fr\u00e5n Stockholm \u00e4n vad Bryssel och Paris g\u00f6r? Den ligger ju till och med i Europa.<\/p>\n<p><a href=\"https:\/\/sven-ove.nu\/wp-content\/uploads\/2016\/07\/Skillnad-p\u00e5-d\u00f6da.jpg\"><img loading=\"lazy\" decoding=\"async\" class=\"size-full wp-image-15242 alignnone\" src=\"https:\/\/sven-ove.nu\/wp-content\/uploads\/2016\/07\/Skillnad-p\u00e5-d\u00f6da.jpg\" alt=\"Skillnad p\u00e5 d\u00f6da\" width=\"396\" height=\"493\" srcset=\"https:\/\/sven-ove.nu\/wp-content\/uploads\/2016\/07\/Skillnad-p\u00e5-d\u00f6da.jpg 396w, https:\/\/sven-ove.nu\/wp-content\/uploads\/2016\/07\/Skillnad-p\u00e5-d\u00f6da-241x300.jpg 241w\" sizes=\"auto, (max-width: 396px) 100vw, 396px\" \/><\/a><\/p>\n<p style=\"padding-left: 30px;\"><em>Fr\u00e5n mitt facebookfl\u00f6de. Skillnad p\u00e5 de d\u00f6da.<\/em><\/p>\n<p>Jag vet inte hur m\u00e5nga svenska reportrar som normalt befinner sig i Istanbul, men m\u00e5nga \u00e4r det inte. D\u00e4remot g\u00e5r det f\u00f6rst\u00e5s n\u00e4stan lika fort att skicka folk dit som till Bryssel. Kanske \u00e4r det \u00e4nd\u00e5 s\u00e5 att bristen p\u00e5 egna redaktionella resurser i en del av v\u00e4rlden g\u00f6r det sv\u00e5rare f\u00f6r materialet att automatiskt f\u00e5 utrymme. Jag tror det.<\/p>\n<p>Asch, jag har varit lokalredakt\u00f6r i m\u00e5nga \u00e5r. Jag <strong>vet<\/strong> det.<\/p>\n<p>Framf\u00f6r allt tror jag det \u00e4r en annan del av n\u00e4rhetsprincipen som sp\u00f6kar h\u00e4r. Bristen p\u00e5 kulturell n\u00e4rhet. Hoppas jag har fel men jag tror inte det. Medvetet eller omedvetet g\u00f6r svenska nyhetschefer snabbt och effektivt skillnad p\u00e5 \u201dbelgaren i <span style=\"color: #0000ff;\"><a style=\"color: #0000ff;\" href=\"https:\/\/www.google.se\/search?q=keps&amp;biw=1255&amp;bih=637&amp;tbm=isch&amp;imgil=mOBmLQirqkNdJM%3A%3BP2CYkjNm6bh8LM%3Bhttps%3A%2F%2Fwww.intersport.se%2Fklader%2Faccessoarer%2Fkepsar%2F&amp;source=iu&amp;pf=m&amp;fir=mOBmLQirqkNdJM%3A%2CP2CYkjNm6bh8LM%2C_&amp;usg=__RjjybIIluWvdUPj1GJtY_L_A6vM%3D&amp;ved=0ahUKEwi074mLq8_NAhWCWywKHWdFD8wQyjcIVg&amp;ei=0dh0V_TCHYK3sQHnir3gDA#imgrc=mOBmLQirqkNdJM%3A\">kepa<\/a><\/span> och turken i \u2026<span style=\"color: #0000ff;\"><a style=\"color: #0000ff;\" href=\"https:\/\/sv.wikipedia.org\/wiki\/Fez\">fez<\/a><\/span>\u201d.<\/p>\n<p style=\"padding-left: 30px;\"><strong>N\u00e5gra f\u00f6rdomar brukar inte n\u00e4mnas som del i nyhetsv\u00e4rderingen men de finns d\u00e4r, de med.\u00a0<\/strong><\/p>\n<p style=\"padding-left: 30px;\"><em>Till\u00e4gg efter f\u00f6rmiddagens facebookdiskussion:<\/em><br \/>\n<em>En av f\u00f6rdomarna, \u00e4r det att redaktionsledningarna f\u00f6rv\u00e4ntar sig el\u00e4nde i Turkiet? Att de\u00a0innerst inne t\u00e4nker sig bomber p\u00e5 Atat\u00fcrk som vanlig vardag d\u00e4r?<\/em><\/p>\n<p>Den svenska turismen i landet d\u00e5? F\u00f6r all del, om fler och fler turistar i Turkiet kommer det marginellt att \u00f6ka antalet artiklar. Men ska vi f\u00e5 l\u00e5nga lives\u00e4ndningar om terrorbomber p\u00e5 Atat\u00fcrkflygplatsen, d\u00e5 kr\u00e4vs det d\u00f6dade eller skadade svenskar, helst med bl\u00e5 \u00f6gon och blont h\u00e5r.<\/p>\n<p>Det \u00e4r vad jag tror.<\/p>\n<p><strong>G\u00f6r de ocks\u00e5 skillnad p\u00e5 folk?<br \/>\n<\/strong>Detta om den klena uppm\u00e4rksamheten i svenska medier, om varf\u00f6r det inte blev n\u00e5gra omfattande lives\u00e4ndningar.<\/p>\n<p>Varf\u00f6r h\u00e4ndelsen inte uppm\u00e4rksammats mer politiskt, med minnesstunder och liknande, \u00f6verl\u00e5ter jag \u00e5t dig som l\u00e4sare att avg\u00f6ra. \u00c4r det bara s\u00e5 enkelt som att \u00e4ven svenska politiker och aktivister g\u00f6r skillnad p\u00e5 folk?<\/p>\n<p>Vad tror du?<\/p>\n<p><em>## Den journalistiska ideologin, nyhetsv\u00e4rderingen, har visserligen blivit mer och mer gemensam f\u00f6r alla svenska nyhetsmedier\u2026<br \/>\n<\/em><em>## \u2026 men den inneh\u00e5ller alltid ett subjektivt moment.<br \/>\n<\/em><em>## Det kan inte vara en slump att Istanbulrapporteringen krympte s\u00e5 fort medan den om Bryssel varade l\u00e4nge.<\/em><\/p>\n","protected":false},"excerpt":{"rendered":"<p>Jag \u00e4r gammal journalist. Dessutom har jag arbetat m\u00e5nga \u00e5r med massmediekontakter och h\u00e5llit kurser i \u00e4mnet. Visst vet jag en del om hur nyheter v\u00e4rderas p\u00e5 redaktioner. Jag blir ledsen i alla fall. Den 29 juni skriver en v\u00e4n p\u00e5 Facebook: Olika liv \u00e4r uppenbart v\u00e4rda olika mycket. N\u00e4r Charlie Hebdos journalister sk\u00f6ts ner &hellip; <a href=\"https:\/\/sven-ove.nu\/?p=15235\" class=\"more-link\">Forts\u00e4tt l\u00e4sa <span class=\"screen-reader-text\">D\u00e4rf\u00f6r g\u00f6r svenska medier skillnad p\u00e5 de d\u00f6da<\/span><\/a><\/p>\n","protected":false},"author":1,"featured_media":0,"comment_status":"open","ping_status":"open","sticky":false,"template":"","format":"standard","meta":{"_crdt_document":"","_monsterinsights_skip_tracking":false,"_monsterinsights_sitenote_active":false,"_monsterinsights_sitenote_note":"","_monsterinsights_sitenote_category":0,"footnotes":""},"categories":[4],"tags":[18,15],"class_list":["post-15235","post","type-post","status-publish","format-standard","hentry","category-skrivande","tag-lardomar","tag-mediedjungeln"],"_links":{"self":[{"href":"https:\/\/sven-ove.nu\/index.php?rest_route=\/wp\/v2\/posts\/15235","targetHints":{"allow":["GET"]}}],"collection":[{"href":"https:\/\/sven-ove.nu\/index.php?rest_route=\/wp\/v2\/posts"}],"about":[{"href":"https:\/\/sven-ove.nu\/index.php?rest_route=\/wp\/v2\/types\/post"}],"author":[{"embeddable":true,"href":"https:\/\/sven-ove.nu\/index.php?rest_route=\/wp\/v2\/users\/1"}],"replies":[{"embeddable":true,"href":"https:\/\/sven-ove.nu\/index.php?rest_route=%2Fwp%2Fv2%2Fcomments&post=15235"}],"version-history":[{"count":10,"href":"https:\/\/sven-ove.nu\/index.php?rest_route=\/wp\/v2\/posts\/15235\/revisions"}],"predecessor-version":[{"id":15246,"href":"https:\/\/sven-ove.nu\/index.php?rest_route=\/wp\/v2\/posts\/15235\/revisions\/15246"}],"wp:attachment":[{"href":"https:\/\/sven-ove.nu\/index.php?rest_route=%2Fwp%2Fv2%2Fmedia&parent=15235"}],"wp:term":[{"taxonomy":"category","embeddable":true,"href":"https:\/\/sven-ove.nu\/index.php?rest_route=%2Fwp%2Fv2%2Fcategories&post=15235"},{"taxonomy":"post_tag","embeddable":true,"href":"https:\/\/sven-ove.nu\/index.php?rest_route=%2Fwp%2Fv2%2Ftags&post=15235"}],"curies":[{"name":"wp","href":"https:\/\/api.w.org\/{rel}","templated":true}]}}