{"id":15247,"date":"2016-07-03T03:00:30","date_gmt":"2016-07-03T02:00:30","guid":{"rendered":"http:\/\/sven-ove.nu\/?p=15247"},"modified":"2016-07-02T19:46:17","modified_gmt":"2016-07-02T18:46:17","slug":"15247","status":"publish","type":"post","link":"https:\/\/sven-ove.nu\/?p=15247","title":{"rendered":"Lagen om kolbiten och gropen"},"content":{"rendered":"<p><a href=\"https:\/\/sven-ove.nu\/wp-content\/uploads\/2016\/07\/Fridolinska-gropen.001.jpg\"><img loading=\"lazy\" decoding=\"async\" class=\"size-full wp-image-15250 alignnone\" src=\"https:\/\/sven-ove.nu\/wp-content\/uploads\/2016\/07\/Fridolinska-gropen.001.jpg\" alt=\"Fridolinska gropen.001\" width=\"620\" height=\"546\" srcset=\"https:\/\/sven-ove.nu\/wp-content\/uploads\/2016\/07\/Fridolinska-gropen.001.jpg 620w, https:\/\/sven-ove.nu\/wp-content\/uploads\/2016\/07\/Fridolinska-gropen.001-300x264.jpg 300w\" sizes=\"auto, (max-width: 620px) 100vw, 620px\" \/><\/a><\/p>\n<p>Ja till asylf\u00f6rs\u00e4mringarna.<br \/>\nJa till att bygga nya k\u00e4rnreaktorer.<br \/>\nJa till att gr\u00e4va upp brunkolet.<br \/>\nVem var det som sa att milj\u00f6partisterna\u00a0var negativa?<\/p>\n<p>Och milj\u00f6muppar.<\/p>\n<p>En hel\u00a0partiledning lider av taburettes syndrom.<\/p>\n<p><em><span style=\"color: #993300;\">### <\/span>Lagen om kolbiten och gropen i marken:<br \/>\n<span style=\"color: #993300;\">### <\/span>Tar du upp kolbiten trillar Gustav Fridolin dit i st\u00e4llet.<br \/>\n<span style=\"color: #993300;\">###\u00a0<\/span>Naturen avskyr tomrum.<br \/>\n<\/em><\/p>\n","protected":false},"excerpt":{"rendered":"<p>Ja till asylf\u00f6rs\u00e4mringarna. Ja till att bygga nya k\u00e4rnreaktorer. Ja till att gr\u00e4va upp brunkolet. Vem var det som sa att milj\u00f6partisterna\u00a0var negativa? Och milj\u00f6muppar. En hel\u00a0partiledning lider av taburettes syndrom. ### Lagen om kolbiten och gropen i marken: ### Tar du upp kolbiten trillar Gustav Fridolin dit i st\u00e4llet. ###\u00a0Naturen avskyr tomrum.<\/p>\n","protected":false},"author":1,"featured_media":0,"comment_status":"open","ping_status":"open","sticky":false,"template":"","format":"standard","meta":{"_crdt_document":"","_monsterinsights_skip_tracking":false,"_monsterinsights_sitenote_active":false,"_monsterinsights_sitenote_note":"","_monsterinsights_sitenote_category":0,"footnotes":""},"categories":[9],"tags":[16,18,7],"class_list":["post-15247","post","type-post","status-publish","format-standard","hentry","category-politik","tag-dumheter","tag-lardomar","tag-miljo"],"_links":{"self":[{"href":"https:\/\/sven-ove.nu\/index.php?rest_route=\/wp\/v2\/posts\/15247","targetHints":{"allow":["GET"]}}],"collection":[{"href":"https:\/\/sven-ove.nu\/index.php?rest_route=\/wp\/v2\/posts"}],"about":[{"href":"https:\/\/sven-ove.nu\/index.php?rest_route=\/wp\/v2\/types\/post"}],"author":[{"embeddable":true,"href":"https:\/\/sven-ove.nu\/index.php?rest_route=\/wp\/v2\/users\/1"}],"replies":[{"embeddable":true,"href":"https:\/\/sven-ove.nu\/index.php?rest_route=%2Fwp%2Fv2%2Fcomments&post=15247"}],"version-history":[{"count":16,"href":"https:\/\/sven-ove.nu\/index.php?rest_route=\/wp\/v2\/posts\/15247\/revisions"}],"predecessor-version":[{"id":15264,"href":"https:\/\/sven-ove.nu\/index.php?rest_route=\/wp\/v2\/posts\/15247\/revisions\/15264"}],"wp:attachment":[{"href":"https:\/\/sven-ove.nu\/index.php?rest_route=%2Fwp%2Fv2%2Fmedia&parent=15247"}],"wp:term":[{"taxonomy":"category","embeddable":true,"href":"https:\/\/sven-ove.nu\/index.php?rest_route=%2Fwp%2Fv2%2Fcategories&post=15247"},{"taxonomy":"post_tag","embeddable":true,"href":"https:\/\/sven-ove.nu\/index.php?rest_route=%2Fwp%2Fv2%2Ftags&post=15247"}],"curies":[{"name":"wp","href":"https:\/\/api.w.org\/{rel}","templated":true}]}}