{"id":15288,"date":"2016-07-07T03:00:08","date_gmt":"2016-07-07T02:00:08","guid":{"rendered":"http:\/\/sven-ove.nu\/?p=15288"},"modified":"2016-07-06T08:11:42","modified_gmt":"2016-07-06T07:11:42","slug":"15288","status":"publish","type":"post","link":"https:\/\/sven-ove.nu\/?p=15288","title":{"rendered":"N\u00e4r jag lj\u00f6g svenska folket r\u00e4tt upp i ansiktet"},"content":{"rendered":"<p><a href=\"https:\/\/sven-ove.nu\/wp-content\/uploads\/2016\/07\/Solarbird.jpg\"><img loading=\"lazy\" decoding=\"async\" class=\"size-large wp-image-15292 alignnone\" src=\"https:\/\/sven-ove.nu\/wp-content\/uploads\/2016\/07\/Solarbird-1024x1024.jpg\" alt=\"Solarbird\" width=\"660\" height=\"660\" srcset=\"https:\/\/sven-ove.nu\/wp-content\/uploads\/2016\/07\/Solarbird-1024x1024.jpg 1024w, https:\/\/sven-ove.nu\/wp-content\/uploads\/2016\/07\/Solarbird-150x150.jpg 150w, https:\/\/sven-ove.nu\/wp-content\/uploads\/2016\/07\/Solarbird-300x300.jpg 300w, https:\/\/sven-ove.nu\/wp-content\/uploads\/2016\/07\/Solarbird.jpg 1280w\" sizes=\"auto, (max-width: 660px) 100vw, 660px\" \/><\/a><\/p>\n<blockquote><p>Sanningen st\u00e5r p\u00e5 folkets sida men jag hamnade p\u00e5 den andra.<\/p><\/blockquote>\n<p>S\u00e5 kan det g\u00e5 n\u00e4r en f\u00f6rs\u00f6ker skoja till det. Saken \u00e4r den att vi var p\u00e5 Lanzarote, lava\u00f6n med det varma underredet. D\u00e4r vandrade vi, tittade p\u00e5 folk, sprang, \u00e5kte buss, tittade p\u00e5 havet, badade i pool och Atlant, \u00e5t skrynklig potatis och gjorde allt m\u00f6jligt annat s\u00e5dant som folk g\u00f6r p\u00e5 resor till lava\u00f6ar med golvv\u00e4rme.<\/p>\n<p>N\u00e4mnde jag den skrynkliga potatisen?<\/p>\n<p>Sista dagen ins\u00e5g den k\u00e4ra v\u00e4nnen att jag inte handlat. Jag hade inte k\u00f6pt med mig n\u00e5got minne. Det beror p\u00e5 att gubben b\u00f6rjar bli gammal, numera betyder minnen blogginl\u00e4gg, foton och ett och annat f\u00f6r en tid sparat minne uppe i skallen. Nya saker betyder det inte.<\/p>\n<p>N\u00e5, n\u00e5t ska du ha gubbe, t\u00e4nkte den k\u00e4ra v\u00e4nnen och k\u00f6pte mig en lustig pryttel som vi sett mest varenda dag p\u00e5 v\u00e5r vandring l\u00e4ngs s\u00f6dra strandpromenaden. En <strong>st\u00f4llibri<\/strong> som jag d\u00f6pt den till, p\u00e5 grund av dess livliga beteende. Sj\u00e4lv ville den helst lystra till sitt namn fr\u00e5n hemprovinsen i Kina: Solar Flying Bird.<\/p>\n<p><strong>En enda dag<br \/>\n<\/strong>Sedan h\u00e4nde ingenting. Vi for hem, solbr\u00e4nnan bleknade och stollibrin l\u00e5g ouppackad i sin l\u00e5da.<\/p>\n<p>En dag finner min v\u00e4n den och t\u00e4nker att hon ska gl\u00e4dja mig en g\u00e5ng till med solf\u00e5ngarf\u00f4ggeln. Hon plockar upp den ur l\u00e5dan, monterar den helt enligt instruktionen (please don\u2019t press the wire), (please place it outdoors), (it can fly in the grass or above flowers). Solelementen v\u00e4nder hon mot solen som skiner upp direkt.<\/p>\n<p>S\u00e5 vad ska en stackars st\u00f4llibri g\u00f6ra? B\u00f6rja fara runt och fladdra som den v\u00e4rsta kolibri f\u00f6rst\u00e5s. Den f\u00f6rsta p\u00e5 Grossbolstorp, vill jag till\u00e4gga. En hel dag f\u00e5r den fladdra \u00f6ver v\u00e5r ena planteringsl\u00e5da.<\/p>\n<p><strong>Den f\u00f6rv\u00e5nade h\u00f6ken<br \/>\n<\/strong>P\u00e5 natten tar h\u00f6ken den. Eller m\u00f6jligen r\u00e4ven, katten, ugglan eller skatan, vi vet inte. Sp\u00e5ren \u00e4r mycket tydliga p\u00e5 en punkt, av utredningstekniska sk\u00e4l kan vi inte avsl\u00f6ja hur: en m\u00e4nniskas verk \u00e4r det inte.<\/p>\n<p>Det rovdjuret m\u00e5ste ha blivit bra f\u00f6rv\u00e5nat, n\u00e4r det glupskt svalde en konstgjord och s\u00f6t liten kinesisk Solar Flying Bird fr\u00e5n Lanzarote. Jag spanar av v\u00e5r tomt en halv dag men ingen stollibri st\u00e5r att finna. Nog f\u00f6der Gud h\u00f6ken, som Jan Myrdal brukar s\u00e4ga.<\/p>\n<p>N\u00e5, den k\u00e4ra v\u00e4nnen \u00e4r en handlingskraftig v\u00e4n och har jag f\u00e5tt en soldriven tr\u00e4dg\u00e5rdsattraktion s\u00e5 har jag. Hon tar fram superlimmet och limmar dit en p\u00e5skfj\u00e4der i st\u00e4llet. Gullfladdran \u00e4r f\u00f6dd! Glatt far den gule fladdraren runt i luftrymmet ovanf\u00f6r v\u00e5r sallad och sprider lite juligl\u00e4dje i samh\u00e4llets bottenskikt. Det vill s\u00e4ga p\u00e5 v\u00e5r altan.<\/p>\n<p><strong>Filmen lurar m\u00e5nga<br \/>\n<\/strong>Numera betyder minnen foton, det n\u00e4mnde jag v\u00e4l i alla fall? Eller filmer, det g\u00e5r ju att g\u00f6ra r\u00f6rliga stillbilder med kameran ocks\u00e5, nu f\u00f6r tiden. Jag filmar v\u00e5r glade fladdrare (utan att mekanismen syns) och l\u00e4gger ut filmen p\u00e5 Instagram och Facebook tillsammans med texten: Gullfladdrorna har kommit.<\/p>\n<p>\u00c4ntligen! skriver en v\u00e4n. Det \u00e4r sn\u00e4llt sagt. Andra \u00e4r mer konfunderade, inser jag under dagens lopp. Sanningen st\u00e5r p\u00e5 folkets sida men jag har bedragit detta folk.<\/p>\n<p>F\u00f6rl\u00e5t! Det \u00e4r inte ett unikt fj\u00e4rilsfynd vi noterat p\u00e5 Grossbolstorp, sydv\u00e4stra Svealand, Europa, Jordklotet, Universum. Det \u00e4r en p\u00e5skfj\u00e4der, en tunn vajer och en soldriven motor f\u00f6r 6 euro.<\/p>\n<p>Men \u00e4nd\u00e5.<br \/>\nHo fladdrer.<\/p>\n<div style=\"width: 660px;\" class=\"wp-video\"><video class=\"wp-video-shortcode\" id=\"video-15288-1\" width=\"660\" height=\"371\" preload=\"metadata\" controls=\"controls\"><source type=\"video\/mp4\" src=\"https:\/\/sven-ove.nu\/wp-content\/uploads\/2016\/07\/Gullfladdran.mp4?_=1\" \/><a href=\"https:\/\/sven-ove.nu\/wp-content\/uploads\/2016\/07\/Gullfladdran.mp4\">https:\/\/sven-ove.nu\/wp-content\/uploads\/2016\/07\/Gullfladdran.mp4<\/a><\/video><\/div>\n<p style=\"padding-left: 30px;\"><em><strong>Bevismaterial 1:<\/strong> <span style=\"color: #99cc00;\">Min\u00a0unika gullfladdrefilm<br \/>\n<\/span><\/em><\/p>\n<p style=\"padding-left: 30px;\">I morgon: \u00e4ventyret forts\u00e4tter.<\/p>\n","protected":false},"excerpt":{"rendered":"<p>Sanningen st\u00e5r p\u00e5 folkets sida men jag hamnade p\u00e5 den andra. S\u00e5 kan det g\u00e5 n\u00e4r en f\u00f6rs\u00f6ker skoja till det. Saken \u00e4r den att vi var p\u00e5 Lanzarote, lava\u00f6n med det varma underredet. D\u00e4r vandrade vi, tittade p\u00e5 folk, sprang, \u00e5kte buss, tittade p\u00e5 havet, badade i pool och Atlant, \u00e5t skrynklig potatis och &hellip; <a href=\"https:\/\/sven-ove.nu\/?p=15288\" class=\"more-link\">Forts\u00e4tt l\u00e4sa <span class=\"screen-reader-text\">N\u00e4r jag lj\u00f6g svenska folket r\u00e4tt upp i ansiktet<\/span><\/a><\/p>\n","protected":false},"author":1,"featured_media":0,"comment_status":"open","ping_status":"open","sticky":false,"template":"","format":"standard","meta":{"_crdt_document":"","_monsterinsights_skip_tracking":false,"_monsterinsights_sitenote_active":false,"_monsterinsights_sitenote_note":"","_monsterinsights_sitenote_category":0,"footnotes":""},"categories":[10,6],"tags":[24,18,13],"class_list":["post-15288","post","type-post","status-publish","format-standard","hentry","category-familjen","category-natur","tag-karlek","tag-lardomar","tag-utrustning"],"_links":{"self":[{"href":"https:\/\/sven-ove.nu\/index.php?rest_route=\/wp\/v2\/posts\/15288","targetHints":{"allow":["GET"]}}],"collection":[{"href":"https:\/\/sven-ove.nu\/index.php?rest_route=\/wp\/v2\/posts"}],"about":[{"href":"https:\/\/sven-ove.nu\/index.php?rest_route=\/wp\/v2\/types\/post"}],"author":[{"embeddable":true,"href":"https:\/\/sven-ove.nu\/index.php?rest_route=\/wp\/v2\/users\/1"}],"replies":[{"embeddable":true,"href":"https:\/\/sven-ove.nu\/index.php?rest_route=%2Fwp%2Fv2%2Fcomments&post=15288"}],"version-history":[{"count":18,"href":"https:\/\/sven-ove.nu\/index.php?rest_route=\/wp\/v2\/posts\/15288\/revisions"}],"predecessor-version":[{"id":15322,"href":"https:\/\/sven-ove.nu\/index.php?rest_route=\/wp\/v2\/posts\/15288\/revisions\/15322"}],"wp:attachment":[{"href":"https:\/\/sven-ove.nu\/index.php?rest_route=%2Fwp%2Fv2%2Fmedia&parent=15288"}],"wp:term":[{"taxonomy":"category","embeddable":true,"href":"https:\/\/sven-ove.nu\/index.php?rest_route=%2Fwp%2Fv2%2Fcategories&post=15288"},{"taxonomy":"post_tag","embeddable":true,"href":"https:\/\/sven-ove.nu\/index.php?rest_route=%2Fwp%2Fv2%2Ftags&post=15288"}],"curies":[{"name":"wp","href":"https:\/\/api.w.org\/{rel}","templated":true}]}}