{"id":15329,"date":"2016-07-18T03:00:59","date_gmt":"2016-07-18T02:00:59","guid":{"rendered":"http:\/\/sven-ove.nu\/?p=15329"},"modified":"2016-07-13T18:22:21","modified_gmt":"2016-07-13T17:22:21","slug":"15329","status":"publish","type":"post","link":"https:\/\/sven-ove.nu\/?p=15329","title":{"rendered":"De b\u00e4sta stigarna"},"content":{"rendered":"<p><a href=\"https:\/\/sven-ove.nu\/wp-content\/uploads\/2016\/07\/Lockande-stigen.jpg\"><img loading=\"lazy\" decoding=\"async\" class=\"size-large wp-image-15397 alignnone\" src=\"https:\/\/sven-ove.nu\/wp-content\/uploads\/2016\/07\/Lockande-stigen-1024x768.jpg\" alt=\"Lockande stigen\" width=\"660\" height=\"495\" srcset=\"https:\/\/sven-ove.nu\/wp-content\/uploads\/2016\/07\/Lockande-stigen-1024x768.jpg 1024w, https:\/\/sven-ove.nu\/wp-content\/uploads\/2016\/07\/Lockande-stigen-300x225.jpg 300w, https:\/\/sven-ove.nu\/wp-content\/uploads\/2016\/07\/Lockande-stigen.jpg 1632w\" sizes=\"auto, (max-width: 660px) 100vw, 660px\" \/><\/a><\/p>\n<blockquote><p>Nu tar bloggen sommarlov ett tag, han ska syssla med annat.<\/p><\/blockquote>\n<p>Under tiden rekommenderar jag ett rej\u00e4lt intag av v\u00e4ldoftande jordgubbar och kantareller, kalla bad, varma barrstigar och glad\u00a0medm\u00e4nsklighet. Samt:<\/p>\n<p>Frihet.<br \/>\nJ\u00e4mlikhet.<br \/>\nBroderskap.<br \/>\nSysterskap.<\/p>\n<p>R\u00e4ttvisa.<br \/>\nDemokrati.<br \/>\nSolidaritet.<\/p>\n<p>Humor.<br \/>\nK\u00e4rlek.<br \/>\nH\u00e5llbar omsorg om natur och kultur.<\/p>\n<p>\u2026 och d\u00e5 och d\u00e5 ett roat sm\u00e5skratt underifr\u00e5n \u00e5t \u00f6verheten.\u00a0Eller varf\u00f6r inte storskratt?\u00a0De \u00e4r s\u00e5 s\u00f6ta, de sm\u00e5 n\u00e4ringsliven, n\u00e4r de kivas om grindslantarna i livet.<\/p>\n<p>De b\u00e4sta stigarna har ingen grind.<\/p>\n<p><a href=\"https:\/\/sven-ove.nu\/wp-content\/uploads\/2016\/07\/Lockande-stigen.jpg\"><img loading=\"lazy\" decoding=\"async\" class=\"size-thumbnail wp-image-15397 alignnone\" src=\"https:\/\/sven-ove.nu\/wp-content\/uploads\/2016\/07\/Lockande-stigen-150x150.jpg\" alt=\"Lockande stigen\" width=\"150\" height=\"150\" \/><\/a><\/p>\n<p><em><span style=\"color: #339966;\">#<\/span> F\u00e5r du sv\u00e5rartad l\u00e4slust trots jordgubbarna?<br \/>\n<\/em><em><span style=\"color: #339966;\">##<\/span> L\u00e4s den h\u00e4r: om <span style=\"color: #ff0000;\"><a style=\"color: #ff0000;\" href=\"https:\/\/sven-ove.nu\/?p=15409\">alternativ till h\u00e5net<\/a><\/span>.<\/em><\/p>\n<p><span style=\"color: #3366ff;\"><a style=\"color: #3366ff;\" href=\"https:\/\/sven-ove.nu\/?page_id=170\">Om mig<\/a><\/span> | <span style=\"color: #3366ff;\"><a style=\"color: #3366ff;\" href=\"https:\/\/sven-ove.nu\/?page_id=1385\">Skriva &amp; prata<\/a><\/span> | <span style=\"color: #3366ff;\"><a style=\"color: #3366ff;\" href=\"https:\/\/sven-ove.nu\/?page_id=100\">Politik<\/a><\/span> | <span style=\"color: #3366ff;\"><a style=\"color: #3366ff;\" href=\"https:\/\/sven-ove.nu\/?page_id=102\">L\u00f6pa<\/a><\/span> | <span style=\"color: #3366ff;\"><a style=\"color: #3366ff;\" href=\"https:\/\/sven-ove.nu\/?page_id=108\">Viktor Root<\/a><\/span><\/p>\n","protected":false},"excerpt":{"rendered":"<p>Nu tar bloggen sommarlov ett tag, han ska syssla med annat. Under tiden rekommenderar jag ett rej\u00e4lt intag av v\u00e4ldoftande jordgubbar och kantareller, kalla bad, varma barrstigar och glad\u00a0medm\u00e4nsklighet. Samt: Frihet. J\u00e4mlikhet. Broderskap. Systerskap. R\u00e4ttvisa. Demokrati. Solidaritet. Humor. K\u00e4rlek. H\u00e5llbar omsorg om natur och kultur. \u2026 och d\u00e5 och d\u00e5 ett roat sm\u00e5skratt underifr\u00e5n \u00e5t &hellip; <a href=\"https:\/\/sven-ove.nu\/?p=15329\" class=\"more-link\">Forts\u00e4tt l\u00e4sa <span class=\"screen-reader-text\">De b\u00e4sta stigarna<\/span><\/a><\/p>\n","protected":false},"author":1,"featured_media":0,"comment_status":"open","ping_status":"open","sticky":false,"template":"","format":"standard","meta":{"_crdt_document":"","_monsterinsights_skip_tracking":false,"_monsterinsights_sitenote_active":false,"_monsterinsights_sitenote_note":"","_monsterinsights_sitenote_category":0,"footnotes":""},"categories":[6,9],"tags":[24,20,17],"class_list":["post-15329","post","type-post","status-publish","format-standard","hentry","category-natur","category-politik","tag-karlek","tag-rad","tag-solidaritet"],"_links":{"self":[{"href":"https:\/\/sven-ove.nu\/index.php?rest_route=\/wp\/v2\/posts\/15329","targetHints":{"allow":["GET"]}}],"collection":[{"href":"https:\/\/sven-ove.nu\/index.php?rest_route=\/wp\/v2\/posts"}],"about":[{"href":"https:\/\/sven-ove.nu\/index.php?rest_route=\/wp\/v2\/types\/post"}],"author":[{"embeddable":true,"href":"https:\/\/sven-ove.nu\/index.php?rest_route=\/wp\/v2\/users\/1"}],"replies":[{"embeddable":true,"href":"https:\/\/sven-ove.nu\/index.php?rest_route=%2Fwp%2Fv2%2Fcomments&post=15329"}],"version-history":[{"count":19,"href":"https:\/\/sven-ove.nu\/index.php?rest_route=\/wp\/v2\/posts\/15329\/revisions"}],"predecessor-version":[{"id":15432,"href":"https:\/\/sven-ove.nu\/index.php?rest_route=\/wp\/v2\/posts\/15329\/revisions\/15432"}],"wp:attachment":[{"href":"https:\/\/sven-ove.nu\/index.php?rest_route=%2Fwp%2Fv2%2Fmedia&parent=15329"}],"wp:term":[{"taxonomy":"category","embeddable":true,"href":"https:\/\/sven-ove.nu\/index.php?rest_route=%2Fwp%2Fv2%2Fcategories&post=15329"},{"taxonomy":"post_tag","embeddable":true,"href":"https:\/\/sven-ove.nu\/index.php?rest_route=%2Fwp%2Fv2%2Ftags&post=15329"}],"curies":[{"name":"wp","href":"https:\/\/api.w.org\/{rel}","templated":true}]}}