{"id":15342,"date":"2016-07-12T03:00:51","date_gmt":"2016-07-12T02:00:51","guid":{"rendered":"http:\/\/sven-ove.nu\/?p=15342"},"modified":"2016-07-12T07:32:31","modified_gmt":"2016-07-12T06:32:31","slug":"15342","status":"publish","type":"post","link":"https:\/\/sven-ove.nu\/?p=15342","title":{"rendered":"D\u00f6dst\u00e4dar p\u00e5 finska hyllan"},"content":{"rendered":"<p><a href=\"https:\/\/sven-ove.nu\/wp-content\/uploads\/2016\/07\/Fil-och-feromoner.001.jpg\"><img loading=\"lazy\" decoding=\"async\" class=\"size-full wp-image-15352 alignnone\" src=\"https:\/\/sven-ove.nu\/wp-content\/uploads\/2016\/07\/Fil-och-feromoner.001.jpg\" alt=\"Fil och feromoner.001\" width=\"820\" height=\"478\" srcset=\"https:\/\/sven-ove.nu\/wp-content\/uploads\/2016\/07\/Fil-och-feromoner.001.jpg 820w, https:\/\/sven-ove.nu\/wp-content\/uploads\/2016\/07\/Fil-och-feromoner.001-300x175.jpg 300w\" sizes=\"auto, (max-width: 820px) 100vw, 820px\" \/><\/a><\/p>\n<blockquote><p>Det \u00e4r inte l\u00e4tt f\u00f6r en s\u00e5\u2019n som mig att d\u00f6dst\u00e4da. Vem har hj\u00e4rta att sl\u00e4nga det tomma emballaget till doft\u00e4mnen\u00a0till\u00a0en doftf\u00e4lla f\u00f6r granbarkborrar?<\/p><\/blockquote>\n<p>Jag fann det i en tidskriftssamlare m\u00e4rkt Finland. Det var d\u00e4r jag hittade en diskad plastf\u00f6rpackning f\u00f6r filmj\u00f6lk fr\u00e5n finska resan 1982 ocks\u00e5. Tv\u00e5deciliters fr\u00e5n <span style=\"color: #3366ff;\"><a style=\"color: #3366ff;\" href=\"http:\/\/www.ingmangroup.fi\/#!sv-historia\/c14pf\">Hj. Ingman<\/a><\/span>.<\/p>\n<p>I dag f\u00e5r du inte st\u00f6ra mig. Jag hittade en bok d\u00e4r med, jag h\u00e5ller p\u00e5 och l\u00e4ser den. <em>Skogsindustrin i det sj\u00e4lvst\u00e4ndiga Finland, Finska Tr\u00e4f\u00f6r\u00e4dlingsindustriernas Centralf\u00f6rbund 1918-1968. <\/em>En jubileumsskrift de s\u00e4nde mig, n\u00e4r jag skrev brev till finsk skogsindustri och ber\u00e4ttade att jag skulle \u00e5ka till Rautalampi f\u00f6r att titta p\u00e5 de nejder en av mina sl\u00e4ktgrenar l\u00e4mnade p\u00e5 1600-talet.<\/p>\n<p>Brukar inte du skriva pappersbrev till branschorganisationer, n\u00e4r du ska kl\u00e4ttra upp p\u00e5 en skogsh\u00f6jd i ett annat land?<\/p>\n<p>Undrar var jag fick tag i\u00a0adressen.<\/p>\n<p><strong>Fick avst\u00e5 jord till flyktingarna<br \/>\n<\/strong>St\u00f6r inte. Jag l\u00e4ser om hur sm\u00e5b\u00f6nder blev lurade p\u00e5 sin skog \u00e4ven i Finland, men om hur landet 1924 till sist antogs lagen om \u201dfastigheter som av tr\u00e4varubolag i strid med lag f\u00f6rv\u00e4rvats\u201d.<\/p>\n<p>Jag l\u00e4ser om vinterkriget som ledde till att Finland f\u00f6rlorade \u00f6ver 10 procent av sina skogstillg\u00e5ngar till Sovjetunionen. Landet blev av med 70 exports\u00e5gar, fyra fanerfabriker, en tr\u00e5drullefabrik, fyra pappersbruk, sju tr\u00e4sliperier och kartongfabriker, fem sulfitcellulosafabriker och tv\u00e5 sulfatcellulosafabriker.<\/p>\n<p style=\"padding-left: 30px;\"><em>\u201dF\u00f6r att kunna placera den lantbrukarbefolkning, som l\u00e4mnat det avtr\u00e4dda omr\u00e5det, var det n\u00f6dv\u00e4ndigt att genom lagstiftnings\u00e5tg\u00e4rder skaffa den odlings- och skogsmark. Den s. k. snabbkolonisationslagen stiftades, enligt vilken ocks\u00e5 tr\u00e4f\u00f6r\u00e4dlingsindustrin m\u00e5ste avst\u00e5 betydande arealer.\u201d<\/em><em>\u00a0<\/em><\/p>\n<p>\u00d6ver 100 000 <span style=\"color: #3366ff;\"><a style=\"color: #3366ff;\" href=\"http:\/\/popularhistoria.se\/artiklar\/flykten-fran-karelen\/\">nya sm\u00e5bruk<\/a><\/span> skapades \u00e5t frontm\u00e4n och flyktingar fr\u00e5n finska Karelen. Nya g\u00e5rdar inom landet, m\u00e4rk v\u00e4l.<\/p>\n<p><strong>Var ligger Sibbo?<br \/>\n<\/strong>Det \u00e4r inte l\u00e4tt f\u00f6r en s\u00e5dan som mig att d\u00f6dst\u00e4da. \u00c4r du f\u00f6dd nyfiken \u00e4r det mycket som \u00e4r intressant. Jas\u00e5 st\u00e5r det Viili\u00e4 p\u00e5 filburken, \u00e4r det filmj\u00f6lk det p\u00e5 finska? Fr\u00e5n Sibbo\/Sipoo.<\/p>\n<p>Var ligger <span style=\"color: #3366ff;\"><a style=\"color: #3366ff;\" href=\"https:\/\/www.google.se\/maps\/place\/04130+Sibbo,+Finland\/@60.3767524,25.2514675,14z\/data=!3m1!4b1!4m5!3m4!1s0x469204bea9ef5293:0x400b551554bbfb0!8m2!3d60.376754!4d25.268977\">Sibbo<\/a><\/span>? Fasen, nu m\u00e5ste jag kolla det ocks\u00e5. Jag kommer aldrig att bli f\u00e4rdig.<\/p>\n<p>Trivs.<\/p>\n<p><em><span style=\"color: #3366ff;\"><a href=\"https:\/\/sven-ove.nu\/wp-content\/uploads\/2016\/07\/Tidskriftsamlare-Finland.jpg\"><img loading=\"lazy\" decoding=\"async\" class=\"alignright size-thumbnail wp-image-15347\" src=\"https:\/\/sven-ove.nu\/wp-content\/uploads\/2016\/07\/Tidskriftsamlare-Finland-150x150.jpg\" alt=\"Tidskriftsamlare Finland\" width=\"150\" height=\"150\" \/><\/a>###<\/span> I Sverige har brukssamh\u00e4llena ofta namn som slutar p\u00e5 fors, eftersom det var ur forsen de fick sin kraft.<br \/>\n<\/em><em><span style=\"color: #3366ff;\">###<\/span> Det \u00e4r likadant i Finland.<br \/>\n<\/em><em><span style=\"color: #3366ff;\">###<\/span> M\u00e5nga skogsindustrisamh\u00e4llen slutar p\u00e5 koski som betyder fors. Kuusankoski, Kyr\u00f6skoski, Myllykoski, Valkeakoski, \u00c4\u00e4nekoski och J\u00e4ms\u00e4nkoski.<\/em><\/p>\n","protected":false},"excerpt":{"rendered":"<p>Det \u00e4r inte l\u00e4tt f\u00f6r en s\u00e5\u2019n som mig att d\u00f6dst\u00e4da. Vem har hj\u00e4rta att sl\u00e4nga det tomma emballaget till doft\u00e4mnen\u00a0till\u00a0en doftf\u00e4lla f\u00f6r granbarkborrar? Jag fann det i en tidskriftssamlare m\u00e4rkt Finland. Det var d\u00e4r jag hittade en diskad plastf\u00f6rpackning f\u00f6r filmj\u00f6lk fr\u00e5n finska resan 1982 ocks\u00e5. Tv\u00e5deciliters fr\u00e5n Hj. Ingman. I dag f\u00e5r du &hellip; <a href=\"https:\/\/sven-ove.nu\/?p=15342\" class=\"more-link\">Forts\u00e4tt l\u00e4sa <span class=\"screen-reader-text\">D\u00f6dst\u00e4dar p\u00e5 finska hyllan<\/span><\/a><\/p>\n","protected":false},"author":1,"featured_media":0,"comment_status":"open","ping_status":"open","sticky":false,"template":"","format":"standard","meta":{"_crdt_document":"","_monsterinsights_skip_tracking":false,"_monsterinsights_sitenote_active":false,"_monsterinsights_sitenote_note":"","_monsterinsights_sitenote_category":0,"footnotes":""},"categories":[10,28,6,9],"tags":[3,8,25,17],"class_list":["post-15342","post","type-post","status-publish","format-standard","hentry","category-familjen","category-kreativt-folk","category-natur","category-politik","tag-arbete","tag-historia","tag-kartan","tag-solidaritet"],"_links":{"self":[{"href":"https:\/\/sven-ove.nu\/index.php?rest_route=\/wp\/v2\/posts\/15342","targetHints":{"allow":["GET"]}}],"collection":[{"href":"https:\/\/sven-ove.nu\/index.php?rest_route=\/wp\/v2\/posts"}],"about":[{"href":"https:\/\/sven-ove.nu\/index.php?rest_route=\/wp\/v2\/types\/post"}],"author":[{"embeddable":true,"href":"https:\/\/sven-ove.nu\/index.php?rest_route=\/wp\/v2\/users\/1"}],"replies":[{"embeddable":true,"href":"https:\/\/sven-ove.nu\/index.php?rest_route=%2Fwp%2Fv2%2Fcomments&post=15342"}],"version-history":[{"count":13,"href":"https:\/\/sven-ove.nu\/index.php?rest_route=\/wp\/v2\/posts\/15342\/revisions"}],"predecessor-version":[{"id":15404,"href":"https:\/\/sven-ove.nu\/index.php?rest_route=\/wp\/v2\/posts\/15342\/revisions\/15404"}],"wp:attachment":[{"href":"https:\/\/sven-ove.nu\/index.php?rest_route=%2Fwp%2Fv2%2Fmedia&parent=15342"}],"wp:term":[{"taxonomy":"category","embeddable":true,"href":"https:\/\/sven-ove.nu\/index.php?rest_route=%2Fwp%2Fv2%2Fcategories&post=15342"},{"taxonomy":"post_tag","embeddable":true,"href":"https:\/\/sven-ove.nu\/index.php?rest_route=%2Fwp%2Fv2%2Ftags&post=15342"}],"curies":[{"name":"wp","href":"https:\/\/api.w.org\/{rel}","templated":true}]}}