{"id":15355,"date":"2016-07-14T03:00:15","date_gmt":"2016-07-14T02:00:15","guid":{"rendered":"http:\/\/sven-ove.nu\/?p=15355"},"modified":"2016-07-13T18:21:22","modified_gmt":"2016-07-13T17:21:22","slug":"hur-kul-ser-du-ut-nar-du-har-sex","status":"publish","type":"post","link":"https:\/\/sven-ove.nu\/?p=15355","title":{"rendered":"Hur kul ser du ut n\u00e4r du har sex?"},"content":{"rendered":"<p><a href=\"https:\/\/sven-ove.nu\/wp-content\/uploads\/2016\/07\/L\u00f6pgl\u00e4dje.jpg\"><img loading=\"lazy\" decoding=\"async\" class=\"size-full wp-image-15359 alignnone\" src=\"https:\/\/sven-ove.nu\/wp-content\/uploads\/2016\/07\/L\u00f6pgl\u00e4dje.jpg\" alt=\"L\u00f6pgl\u00e4dje\" width=\"851\" height=\"841\" srcset=\"https:\/\/sven-ove.nu\/wp-content\/uploads\/2016\/07\/L\u00f6pgl\u00e4dje.jpg 851w, https:\/\/sven-ove.nu\/wp-content\/uploads\/2016\/07\/L\u00f6pgl\u00e4dje-300x296.jpg 300w\" sizes=\"auto, (max-width: 851px) 100vw, 851px\" \/><\/a><\/p>\n<blockquote><p>\u00c4r det ett h\u00e4lsoprojekt? G\u00f6r jag det f\u00f6r att bli frisk?<\/p><\/blockquote>\n<p>Egentligen inte. H\u00e4lsan \u00e4r inte huvudsk\u00e4let till att jag springer. Sanningen \u00e4r s\u00e5 enkel som att jag trivs med det och har betraktat mig som en springare \u00e4nda sedan tolv\u00e5rs\u00e5ldern. D\u00e5, n\u00e5gon g\u00e5ng, b\u00f6rjade jag tr\u00e4na l\u00f6pning och om vintrarna skid\u00e5kning.<\/p>\n<p>Lokalt var jag bra en del s\u00e4songer men n\u00e4r reviret utvidgades \u00e5kte jag ner i resultatlistorna. Det var inte s\u00e5 viktigt inser jag i dag. L\u00f6pningen handlar om ett behov f\u00f6r mig, och det behovet \u00e4r inte att d\u00f6ende f\u00e5 mottaga lagerkransen ur en drottnings hand, eller hur det nu var tidningen <span style=\"color: #3366ff;\"><strong><a style=\"color: #3366ff;\" href=\"https:\/\/sven-ove.nu\/?p=2787\">Brand<\/a> <\/strong><\/span>skrev 1912.<\/p>\n<p>En del gillar att g\u00e5 p\u00e5 loppis, fiska, virka, jaga eller spela boule. Jag gillar att s\u00e4tta ena foten framf\u00f6r den andra i tillr\u00e4ckligt h\u00f6g hastighet f\u00f6r att b\u00e5da f\u00f6tterna ibland ska lyfta fr\u00e5n marken samtidigt.<\/p>\n<p>Kr\u00e5ngligare \u00e4r det inte.<\/p>\n<p><strong>Tr\u00e4na den sortens distans<br \/>\n<\/strong>Det h\u00e4r \u00e4r en blogg som bland annat handlar om detta l\u00f6pande. D\u00e4rf\u00f6r skriver jag om springning. Men jag missionerar inte. Virka du eller boulla, om det \u00e4r vad som g\u00f6r dig glad inuti. Jag springer.<\/p>\n<p>Framf\u00f6r allt vill jag uppmana vissa l\u00f6parv\u00e4nner (och l\u00f6pmotst\u00e5ndare) till distansering, och d\u00e5 menar jag inte att vi v\u00e4nner ska \u00f6ka tr\u00e4ningsdosen.\u00a0Jag menar som ultral\u00f6paren Rune Larsson en g\u00e5ng uttryckte det:<\/p>\n<p><a href=\"https:\/\/sven-ove.nu\/wp-content\/uploads\/2013\/01\/Rune-1.jpg\"><img loading=\"lazy\" decoding=\"async\" class=\"size-full wp-image-4292 alignright\" src=\"https:\/\/sven-ove.nu\/wp-content\/uploads\/2013\/01\/Rune-1.jpg\" alt=\"Rune\" width=\"150\" height=\"78\" \/><\/a>&#8211; En m\u00e5ste ha lika mycket distans till det en h\u00e5ller p\u00e5 med som distansen \u00e4r som en springer.<\/p>\n<p>I hans fall blir det en v\u00e4ldig distansering. Klokt.<\/p>\n<p><strong>Tr\u00e4dpipl\u00e4rkan och lingonrisknastret<br \/>\n<\/strong>Visst, jag f\u00e5r naturupplevelser p\u00e5 k\u00f6pet, \u00e5ret om. S\u00e4rskilt eftersom jag v\u00e4grar springa med m\u00e4nskomusik i \u00f6ronen. Min musik st\u00e5r tr\u00e4dpipl\u00e4rkan, morkullan, sn\u00f6fraset, asfalttrippet, lingonrisknastret och gr\u00f6nfinken f\u00f6r.<\/p>\n<p>Visst, jag m\u00e5r f\u00f6r det mesta b\u00e4ttre, \u00e4ven kroppsligt. Jag tror \u00e5tminstone det, \u00e4ven om varje l\u00f6pmotion\u00e4r vet att joggningen \u00e4r en medicinsk paradox. Du m\u00e5r b\u00e4ttre och s\u00e4mre. Sj\u00e4lv har jag varit skadad i t\u00e5nagel, t\u00e5, ledband i fot, h\u00e4l, vad, benhinna, kn\u00e4, l\u00e5r, ljumske, skinka, revben, rygg, hand, arm, finger, axel, ansikte, ja det \u00e4r v\u00e4l det jag kommer p\u00e5 i all hast.<\/p>\n<p>Visst, jag har tr\u00e4ffat trevligt folk, satt underliga pers, sprungit alla gator i kommunen och fort l\u00e4rt k\u00e4nna fr\u00e4mmande orter jag bes\u00f6kt.<\/p>\n<p>\u00c4nd\u00e5 \u00e4r det inte d\u00e4rf\u00f6r, inte i f\u00f6rsta hand. Det \u00e4r f\u00f6r att jag trivs med det. Precis nu h\u00e4nder det igen: det b\u00f6rjar vattnas i munnen n\u00e4r jag t\u00e4nker p\u00e5 l\u00f6pning.<\/p>\n<p><strong>T\u00e4nk p\u00e5 den \u00f6vningen du<br \/>\n<\/strong>Bry dig aldrig om hur en l\u00f6pare ser ut utanp\u00e5 n\u00e4r han springer. Det d\u00e4r sk\u00e4mtet av Joan Rivers var bara roligt de f\u00f6rsta tre g\u00e5ngerna.<\/p>\n<p style=\"padding-left: 30px;\"><em>\u201dOm jag n\u00e5gonsin ser en leende joggare ska jag t\u00e4nka p\u00e5 saken.\u201d <\/em><\/p>\n<p>Jag brukar be folk g\u00e5 hem och titta hur de sj\u00e4lva ser ut utanp\u00e5 n\u00e4r de har sex, sj\u00e4lva sluttampen p\u00e5 akten. Ginge vi efter det skulle ingen m\u00e4nniska n\u00e5gonsin ha sex mer och m\u00e4nskligheten skulle sitta i sin soffa framf\u00f6r tv:n och d\u00f6 ut.<\/p>\n<p>Fast det \u00e4r klart. \u00c4r citatet viktigt f\u00f6r dig ska du k\u00f6pa t-tr\u00f6jan, det missunnar jag dig inte. Morkullan h\u00e4lsar.<\/p>\n<p><strong>Den riskfyllda h\u00e4lsokulturen<br \/>\n<a href=\"https:\/\/sven-ove.nu\/wp-content\/uploads\/2016\/07\/Vi-tidningen-h\u00e4lsa.jpg\"><img loading=\"lazy\" decoding=\"async\" class=\"alignright size-thumbnail wp-image-15362\" src=\"https:\/\/sven-ove.nu\/wp-content\/uploads\/2016\/07\/Vi-tidningen-h\u00e4lsa-150x150.jpg\" alt=\"Vi-tidningen h\u00e4lsa\" width=\"150\" height=\"150\" \/><\/a><\/strong>H\u00e4r i huset har vi n\u00e5gra tidskrifter som g\u00f6r v\u00e5ra dagar livfullare och tankar sp\u00e4nstigare. En av dessa favoriter \u00e4r <span style=\"color: #3366ff;\"><strong><a style=\"color: #3366ff;\" href=\"http:\/\/www.vi-tidningen.se\">Vi-tidningen<\/a><\/strong><\/span>. Sommarens temanummer, det \u00e5rliga, handlar om h\u00e4lsa. En av artiklarna \u00e4r skriven av <strong>Karin Johannisson<\/strong>. Hon \u00e4r f\u00f6rfattare och professor i id\u00e9- och l\u00e4rdomshistoria med medicinhistoria som specialitet. H\u00e4r \u00e4r n\u00e5gra intressanta stycken ur den:<\/p>\n<p style=\"padding-left: 30px;\"><em>&#8221;I en konkurrensbaserad ekonomi \u00e4r individen sj\u00e4lv ansvarig f\u00f6r att identifiera och gestalta de livsprojekt som g\u00f6r att hon inte utest\u00e4ngs fr\u00e5n samh\u00e4llets gemenskaper. I den planen \u00e4r h\u00e4lsa ett grundkapital. Det handlar inte bara om att slippa sjukdom och lidande. H\u00e4lsa har blivit en projektionsyta f\u00f6r dr\u00f6mmar om framg\u00e5ng, lycka och njutning, och samtidigt ett redskap f\u00f6r att f\u00f6rverkliga dessa dr\u00f6mmar.<\/em><\/p>\n<p style=\"padding-left: 30px;\"><em>Men ocks\u00e5 detta \u00e4r riskfyllt. En f\u00f6rsta risk \u00e4r att blicken fastnar i yta. Individen drivs till st\u00e4ndig jakt p\u00e5 bekr\u00e4ftelse. I st\u00e4llet f\u00f6r att ta de stora utmaningarna som politiskt engagemang och humanit\u00e4r solidaritet prioriterar hon de sm\u00e5 och individuella, eller backar in i en sj\u00e4lvbild som evigt utsatt och s\u00e5rbar.<\/em><\/p>\n<p style=\"padding-left: 30px;\"><em>En andra risk \u00e4r att en blind h\u00e4lsokultur kamouflerar en m\u00e4nniskosyn som inneb\u00e4r att individen ska slimmas och h\u00e4lsoformas f\u00f6r att anpassas till en arbetsmarknad som egentligen b\u00f6r anpassa sig till henne. I en global tillv\u00e4xtekonomi blir h\u00e4lsa \u2013 eller oh\u00e4lsa \u2013 ett m\u00e5tt p\u00e5 f\u00f6rm\u00e5ga att leverera egenskaper som effektivitet och flexibilitet och att tr\u00e4nga bort andra som stress, os\u00e4kerhet och oro.<\/em><\/p>\n<p style=\"padding-left: 30px;\"><em>Och nu som tidigare finns samma borttr\u00e4ngning av h\u00e4lsokravets relation till k\u00f6n, klass och utanf\u00f6rskap. M\u00e4nniskor binds till preferenser och livsstilar som pekar ut s\u00e4rskilda riskgrupper: r\u00f6kare, \u00f6verviktiga, arbetsl\u00f6sa, nyanl\u00e4nda, ensamma. Varf\u00f6r, kan man provokativt fr\u00e5ga, skulle den som saknar delaktighet och inflytande avst\u00e5 fr\u00e5n stundens h\u00e4lsofarliga njutningar? Hur ska den som \u00e4r slukad av monotona arbetsuppgifter, eller st\u00e5r utanf\u00f6r arbetsmarknaden, f\u00e5 tillg\u00e5ng till evig kraft och h\u00e4lsa?&#8221;<\/em><\/p>\n<p>Kloka ord av Karin Johannisson. Jag tror att hon har r\u00e4tt.<\/p>\n<p style=\"padding-left: 30px;\">*<\/p>\n<p>D\u00e4rf\u00f6r handlar den h\u00e4r bloggen ocks\u00e5 om skrivande, skratt och solidaritet. L\u00f6pning \u00e4r inte allt. Min l\u00f6pning \u00e4r inte till f\u00f6r ytan. Det \u00e4r ju n\u00e4r jag springer som jag ibland t\u00e4nker som djupast.<\/p>\n<p>En m\u00e5ste ha lika mycket distans till det en h\u00e5ller p\u00e5 med som distansen \u00e4r som en springer.<\/p>\n<p>Nu vattnas det igen.<\/p>\n<p><span style=\"color: #ff0000;\"><a style=\"color: #ff0000;\" href=\"https:\/\/sven-ove.nu\/?page_id=170\">Om mig<\/a><\/span> | <span style=\"color: #ff0000;\"><a style=\"color: #ff0000;\" href=\"https:\/\/sven-ove.nu\/?page_id=1385\">Skriva &amp; prata<\/a><\/span> | <span style=\"color: #ff0000;\"><a style=\"color: #ff0000;\" href=\"https:\/\/sven-ove.nu\/?page_id=100\">Politik<\/a><\/span> | <span style=\"color: #ff0000;\"><a style=\"color: #ff0000;\" href=\"https:\/\/sven-ove.nu\/?page_id=102\">L\u00f6pa<\/a><\/span> | <span style=\"color: #ff0000;\"><a style=\"color: #ff0000;\" href=\"https:\/\/sven-ove.nu\/?page_id=108\">Viktor Root<\/a><\/span><\/p>\n","protected":false},"excerpt":{"rendered":"<p>\u00c4r det ett h\u00e4lsoprojekt? G\u00f6r jag det f\u00f6r att bli frisk? Egentligen inte. H\u00e4lsan \u00e4r inte huvudsk\u00e4let till att jag springer. Sanningen \u00e4r s\u00e5 enkel som att jag trivs med det och har betraktat mig som en springare \u00e4nda sedan tolv\u00e5rs\u00e5ldern. D\u00e5, n\u00e5gon g\u00e5ng, b\u00f6rjade jag tr\u00e4na l\u00f6pning och om vintrarna skid\u00e5kning. Lokalt var jag &hellip; <a href=\"https:\/\/sven-ove.nu\/?p=15355\" class=\"more-link\">Forts\u00e4tt l\u00e4sa <span class=\"screen-reader-text\">Hur kul ser du ut n\u00e4r du har sex?<\/span><\/a><\/p>\n","protected":false},"author":1,"featured_media":0,"comment_status":"open","ping_status":"open","sticky":false,"template":"","format":"standard","meta":{"_crdt_document":"","_monsterinsights_skip_tracking":false,"_monsterinsights_sitenote_active":false,"_monsterinsights_sitenote_note":"","_monsterinsights_sitenote_category":0,"footnotes":""},"categories":[5],"tags":[18,14,20],"class_list":["post-15355","post","type-post","status-publish","format-standard","hentry","category-lopning","tag-lardomar","tag-lasning","tag-rad"],"_links":{"self":[{"href":"https:\/\/sven-ove.nu\/index.php?rest_route=\/wp\/v2\/posts\/15355","targetHints":{"allow":["GET"]}}],"collection":[{"href":"https:\/\/sven-ove.nu\/index.php?rest_route=\/wp\/v2\/posts"}],"about":[{"href":"https:\/\/sven-ove.nu\/index.php?rest_route=\/wp\/v2\/types\/post"}],"author":[{"embeddable":true,"href":"https:\/\/sven-ove.nu\/index.php?rest_route=\/wp\/v2\/users\/1"}],"replies":[{"embeddable":true,"href":"https:\/\/sven-ove.nu\/index.php?rest_route=%2Fwp%2Fv2%2Fcomments&post=15355"}],"version-history":[{"count":9,"href":"https:\/\/sven-ove.nu\/index.php?rest_route=\/wp\/v2\/posts\/15355\/revisions"}],"predecessor-version":[{"id":15431,"href":"https:\/\/sven-ove.nu\/index.php?rest_route=\/wp\/v2\/posts\/15355\/revisions\/15431"}],"wp:attachment":[{"href":"https:\/\/sven-ove.nu\/index.php?rest_route=%2Fwp%2Fv2%2Fmedia&parent=15355"}],"wp:term":[{"taxonomy":"category","embeddable":true,"href":"https:\/\/sven-ove.nu\/index.php?rest_route=%2Fwp%2Fv2%2Fcategories&post=15355"},{"taxonomy":"post_tag","embeddable":true,"href":"https:\/\/sven-ove.nu\/index.php?rest_route=%2Fwp%2Fv2%2Ftags&post=15355"}],"curies":[{"name":"wp","href":"https:\/\/api.w.org\/{rel}","templated":true}]}}