{"id":15364,"date":"2016-07-15T03:00:19","date_gmt":"2016-07-15T02:00:19","guid":{"rendered":"http:\/\/sven-ove.nu\/?p=15364"},"modified":"2016-07-15T06:37:19","modified_gmt":"2016-07-15T05:37:19","slug":"nar-det-drar-i-luffartarmen","status":"publish","type":"post","link":"https:\/\/sven-ove.nu\/?p=15364","title":{"rendered":"N\u00e4r det drar i luffartarmen"},"content":{"rendered":"<p><a href=\"https:\/\/sven-ove.nu\/wp-content\/uploads\/2016\/07\/Bes\u00f6kande.jpg\"><img loading=\"lazy\" decoding=\"async\" class=\"size-large wp-image-15367 alignnone\" src=\"https:\/\/sven-ove.nu\/wp-content\/uploads\/2016\/07\/Bes\u00f6kande-1024x768.jpg\" alt=\"Bes\u00f6kande\" width=\"660\" height=\"495\" srcset=\"https:\/\/sven-ove.nu\/wp-content\/uploads\/2016\/07\/Bes\u00f6kande-1024x768.jpg 1024w, https:\/\/sven-ove.nu\/wp-content\/uploads\/2016\/07\/Bes\u00f6kande-300x225.jpg 300w, https:\/\/sven-ove.nu\/wp-content\/uploads\/2016\/07\/Bes\u00f6kande.jpg 1280w\" sizes=\"auto, (max-width: 660px) 100vw, 660px\" \/><\/a><\/p>\n<blockquote><p>I m\u00e5naden maj brukar det b\u00f6rja dra i luffartarmen.<\/p><\/blockquote>\n<p>Jobbade jag p\u00e5 tidning s\u00e5 \u00f6vertalade jag n\u00e4rmsta chef att komma p\u00e5 id\u00e9n att skicka ut mig p\u00e5 resereportage. Var jag frilans satt jag med bilrutorna nervevade i en gl\u00e4nta och skrev, medan citronfj\u00e4rilar fladdrade i solen och tallstigar doftade.<\/p>\n<p>Jag paddlade p\u00e5 Bunnsj\u00f6arna i Sm\u00e5land, vandrade fr\u00e5n N\u00e4ssj\u00f6 till trakterna av Hok, sprang fr\u00e5n L\u00e5ngflon till Stora torget i Karlstad, cyklade fr\u00e5n Bastuknappen till V\u00e4rmlandsn\u00e4s och vidare med b\u00e5t ut till Lur\u00f6, \u00e5kte flotte p\u00e5 Klar\u00e4lven, vandrade i fj\u00e4llen vid den \u00e4lvens k\u00e4llor, bodde p\u00e5 brandstation i Brooklyn, \u00e5kte med sj\u00f6r\u00e4ddningen i Han\u00f6bukten, h\u00f6ll p\u00e5 att s\u00e4tta mig p\u00e5 en sotarstol i Sk\u00f6vde, pratade med Palme i \u00c5dalen och cyklade fr\u00e5n en strand n\u00e4ra Norge v\u00e4ster om Lennartsfors och hem till Forshaga, d\u00e4r d\u00e4cket small.<\/p>\n<p>Researtiklarna blev l\u00e4sbara ibland och s\u00e4mre ibland, b\u00e4st var alltid resan. Vad \u00e4r det f\u00f6r gen jag har f\u00e5tt? Mina f\u00f6rf\u00e4der i modern tid har ju knappt r\u00f6rt sig utanf\u00f6r sina h\u00e4rader, m\u00e5nga av dem.<\/p>\n<p style=\"padding-left: 30px;\"><em>Anteckning till mig sj\u00e4lv: st\u00e4mmer detta verkligen? Kolla igen. Alla \u00e4r v\u00e4l inte som Nils Eriksson, Erik Nilsson, Nils Eriksson och Erik Nilsson som s\u00e4llan flyttade sig mer \u00e4n en timmes vandring fr\u00e5n Trossn\u00e4s i V\u00e4rmland?<\/em><\/p>\n<p>Kanske de ville men inte kunde. N\u00e5, jag har alltid mormors svedjefinnar. Vilket resereportage de hade kunnat g\u00f6ra. Karelen &#8211; Savolax &#8211; \u00c5lands hav &#8211; svenska ostkusten &#8211; Tyngsj\u00f6 finnmarker &#8211; och till slut t\u00e5get till Karlstad fredsf\u00f6rhandlings\u00e5ret 1905.<\/p>\n<p><strong>Titta nya utsikter<br \/>\n<\/strong>Nu \u00e4r det redan juli och luffartarmen drar igen. Sj\u00e4lva reportagen var bara en urs\u00e4kt. Jag vill fika nya fik, titta nya utsikter, bada nya vikar. H\u00f6ra dialekter som inte l\u00e5ter som fr\u00e5n Drottninggatan.<\/p>\n<p>\u00c4r det luft i cykeld\u00e4cken?<br \/>\nJag vill k\u00f6ra tempopass med nyfikenheten.<\/p>\n<p>Mot horisonten!<br \/>\nMot Deje \u00e5tminstone.<\/p>\n","protected":false},"excerpt":{"rendered":"<p>I m\u00e5naden maj brukar det b\u00f6rja dra i luffartarmen. Jobbade jag p\u00e5 tidning s\u00e5 \u00f6vertalade jag n\u00e4rmsta chef att komma p\u00e5 id\u00e9n att skicka ut mig p\u00e5 resereportage. Var jag frilans satt jag med bilrutorna nervevade i en gl\u00e4nta och skrev, medan citronfj\u00e4rilar fladdrade i solen och tallstigar doftade. Jag paddlade p\u00e5 Bunnsj\u00f6arna i Sm\u00e5land, &hellip; <a href=\"https:\/\/sven-ove.nu\/?p=15364\" class=\"more-link\">Forts\u00e4tt l\u00e4sa <span class=\"screen-reader-text\">N\u00e4r det drar i luffartarmen<\/span><\/a><\/p>\n","protected":false},"author":1,"featured_media":0,"comment_status":"open","ping_status":"open","sticky":false,"template":"","format":"standard","meta":{"_crdt_document":"","_monsterinsights_skip_tracking":false,"_monsterinsights_sitenote_active":false,"_monsterinsights_sitenote_note":"","_monsterinsights_sitenote_category":0,"footnotes":""},"categories":[6,4],"tags":[3,15],"class_list":["post-15364","post","type-post","status-publish","format-standard","hentry","category-natur","category-skrivande","tag-arbete","tag-mediedjungeln"],"_links":{"self":[{"href":"https:\/\/sven-ove.nu\/index.php?rest_route=\/wp\/v2\/posts\/15364","targetHints":{"allow":["GET"]}}],"collection":[{"href":"https:\/\/sven-ove.nu\/index.php?rest_route=\/wp\/v2\/posts"}],"about":[{"href":"https:\/\/sven-ove.nu\/index.php?rest_route=\/wp\/v2\/types\/post"}],"author":[{"embeddable":true,"href":"https:\/\/sven-ove.nu\/index.php?rest_route=\/wp\/v2\/users\/1"}],"replies":[{"embeddable":true,"href":"https:\/\/sven-ove.nu\/index.php?rest_route=%2Fwp%2Fv2%2Fcomments&post=15364"}],"version-history":[{"count":6,"href":"https:\/\/sven-ove.nu\/index.php?rest_route=\/wp\/v2\/posts\/15364\/revisions"}],"predecessor-version":[{"id":15434,"href":"https:\/\/sven-ove.nu\/index.php?rest_route=\/wp\/v2\/posts\/15364\/revisions\/15434"}],"wp:attachment":[{"href":"https:\/\/sven-ove.nu\/index.php?rest_route=%2Fwp%2Fv2%2Fmedia&parent=15364"}],"wp:term":[{"taxonomy":"category","embeddable":true,"href":"https:\/\/sven-ove.nu\/index.php?rest_route=%2Fwp%2Fv2%2Fcategories&post=15364"},{"taxonomy":"post_tag","embeddable":true,"href":"https:\/\/sven-ove.nu\/index.php?rest_route=%2Fwp%2Fv2%2Ftags&post=15364"}],"curies":[{"name":"wp","href":"https:\/\/api.w.org\/{rel}","templated":true}]}}