{"id":15376,"date":"2016-07-09T03:00:08","date_gmt":"2016-07-09T02:00:08","guid":{"rendered":"http:\/\/sven-ove.nu\/?p=15376"},"modified":"2016-07-09T06:34:03","modified_gmt":"2016-07-09T05:34:03","slug":"15376","status":"publish","type":"post","link":"https:\/\/sven-ove.nu\/?p=15376","title":{"rendered":"Bortsk\u00e4nkes: en bra livshistoria"},"content":{"rendered":"<p><a href=\"https:\/\/sven-ove.nu\/wp-content\/uploads\/2016\/07\/Kocki.jpg\"><img loading=\"lazy\" decoding=\"async\" class=\"size-large wp-image-15381 alignnone\" src=\"https:\/\/sven-ove.nu\/wp-content\/uploads\/2016\/07\/Kocki-1024x1024.jpg\" alt=\"Kocki\" width=\"660\" height=\"660\" srcset=\"https:\/\/sven-ove.nu\/wp-content\/uploads\/2016\/07\/Kocki-1024x1024.jpg 1024w, https:\/\/sven-ove.nu\/wp-content\/uploads\/2016\/07\/Kocki-150x150.jpg 150w, https:\/\/sven-ove.nu\/wp-content\/uploads\/2016\/07\/Kocki-300x300.jpg 300w, https:\/\/sven-ove.nu\/wp-content\/uploads\/2016\/07\/Kocki.jpg 1280w\" sizes=\"auto, (max-width: 660px) 100vw, 660px\" \/><\/a><\/p>\n<blockquote><p>M\u00e5ste erk\u00e4nna att det k\u00e4ndes lite kluvet f\u00f6r n\u00e5gra \u00e5r sedan, n\u00e4r jag fick h\u00f6ra att en av mina <span style=\"color: #0000ff;\"><a style=\"color: #0000ff;\" href=\"https:\/\/sven-ove.nu\/?page_id=167\">b\u00f6cker<\/a><\/span> var till salu billigt p\u00e5 v\u00e5rt bibliotek.<\/p><\/blockquote>\n<p>\u00c5 ena sidan det d\u00e5liga sj\u00e4lvf\u00f6rtroendet. &#8221;Det \u00e4r v\u00e4l ingen som vill l\u00e5na den.&#8221;<\/p>\n<p>\u00c5 andra sidan kulturk\u00e4mpen inom en. &#8221;Men va&#8217; g\u00f6r ni? S\u00e4lja ut en lokal f\u00f6rfattares verk?!&#8221;<\/p>\n<p>N\u00e5, jag har\u00a0f\u00f6rl\u00e5tit bibblan b\u00e5de det ena och andra och l\u00e5nar regelbundet. I v\u00e5ras gick jag bokcirkel d\u00e4r och ibland bes\u00f6ker jag en av bibliotekariernas <span style=\"color: #3366ff;\"><a style=\"color: #3366ff;\" href=\"http:\/\/www.fiktiviteter.se\">bokblogg<\/a><\/span>. Kanske b\u00f6rjar jag sl\u00e4ktforska snart p\u00e5 bibliotekets \u00f6verv\u00e5ning. Jag \u00e4r inte l\u00e5ngsint.<\/p>\n<p><strong>Nu ger de bort dem<\/strong><br \/>\nI den andan g\u00e5r jag dit en solig fredag mellan gr\u00e4sklippning och apoteksbes\u00f6k. D\u00e5 har de en hel bokvagn med b\u00f6cker som bortsk\u00e4nkes. Jag plockar till mig <strong>Torgny<\/strong> <strong>Karnstedts\u00a0<span style=\"color: #3366ff;\"><a style=\"color: #3366ff;\" href=\"http:\/\/www.vf.se\/kultur-noje\/kultur\/en-hyllning-till-kocki\">Mitt namn \u00e4r Kocki<\/a><\/span><\/strong> och <strong>Leif Zerns\u00a0<span style=\"color: #3366ff;\"><a style=\"color: #3366ff;\" href=\"http:\/\/www.svd.se\/ett-rymligt-heligt-rum\">Kaddish p\u00e5 motorcykel<\/a><\/span><\/strong>.<\/p>\n<p>Jas\u00e5 Karnstedt ocks\u00e5 och hans bok om mannen bakom den kultf\u00f6rklarade korvkiosken i Arvika. Den som f\u00f6rkroppsligar ett gammalt anv\u00e4ndbart\u00a0v\u00e4stsvenskt uttryck.\u00a0G\u00f4tt mos.<\/p>\n<p>Synd om V\u00e4rmlandshyllan. Synd p\u00e5 en l\u00e4rorik historia om Sverige, Arvika, fattigdom och m\u00e4nsklig \u00f6verlevnadsf\u00f6rm\u00e5ga. Synd om alla m\u00f6jliga hyllor. Synd om m\u00e4nniskorna.<\/p>\n<p><strong>Str\u00e4ckl\u00e4ser Kockis ber\u00e4ttelse<\/strong><br \/>\nLeif Zerns ber\u00e4ttelse b\u00f6rjar med ett citat av Isaac Bashevis Singer:<br \/>\n<em>-Tror ni att de d\u00f6da lever?<br \/>\n<\/em><em>-Antingen lever de d\u00f6da eller ocks\u00e5 \u00e4r de levande d\u00f6da.<\/em><\/p>\n<p>Varf\u00f6r kommer jag att t\u00e4nka p\u00e5 b\u00f6cker?<\/p>\n<p><em><span style=\"color: #ff0000;\">###<\/span> Innan kv\u00e4llen har jag str\u00e4ckl\u00e4st livshistorien som bygger p\u00e5 Kockis egna anteckningar.<br \/>\n<\/em><em><span style=\"color: #ff0000;\">###<\/span> Funderar p\u00e5 att l\u00e4gga tillbaka den i vagnen med bortsk\u00e4nkes, s\u00e5 fler kan l\u00e4sa den, det \u00e4r boken v\u00e4rd.<br \/>\n<\/em><em><span style=\"color: #ff0000;\">###<\/span> Vi kunde g\u00f6ra en lista \u00f6ver b\u00f6ckerna och l\u00e5ta folk anteckna vilken de l\u00e5nat.<\/em><\/p>\n","protected":false},"excerpt":{"rendered":"<p>M\u00e5ste erk\u00e4nna att det k\u00e4ndes lite kluvet f\u00f6r n\u00e5gra \u00e5r sedan, n\u00e4r jag fick h\u00f6ra att en av mina b\u00f6cker var till salu billigt p\u00e5 v\u00e5rt bibliotek. \u00c5 ena sidan det d\u00e5liga sj\u00e4lvf\u00f6rtroendet. &#8221;Det \u00e4r v\u00e4l ingen som vill l\u00e5na den.&#8221; \u00c5 andra sidan kulturk\u00e4mpen inom en. &#8221;Men va&#8217; g\u00f6r ni? S\u00e4lja ut en lokal &hellip; <a href=\"https:\/\/sven-ove.nu\/?p=15376\" class=\"more-link\">Forts\u00e4tt l\u00e4sa <span class=\"screen-reader-text\">Bortsk\u00e4nkes: en bra livshistoria<\/span><\/a><\/p>\n","protected":false},"author":1,"featured_media":0,"comment_status":"open","ping_status":"open","sticky":false,"template":"","format":"standard","meta":{"_crdt_document":"","_monsterinsights_skip_tracking":false,"_monsterinsights_sitenote_active":false,"_monsterinsights_sitenote_note":"","_monsterinsights_sitenote_category":0,"footnotes":""},"categories":[28,4],"tags":[15],"class_list":["post-15376","post","type-post","status-publish","format-standard","hentry","category-kreativt-folk","category-skrivande","tag-mediedjungeln"],"_links":{"self":[{"href":"https:\/\/sven-ove.nu\/index.php?rest_route=\/wp\/v2\/posts\/15376","targetHints":{"allow":["GET"]}}],"collection":[{"href":"https:\/\/sven-ove.nu\/index.php?rest_route=\/wp\/v2\/posts"}],"about":[{"href":"https:\/\/sven-ove.nu\/index.php?rest_route=\/wp\/v2\/types\/post"}],"author":[{"embeddable":true,"href":"https:\/\/sven-ove.nu\/index.php?rest_route=\/wp\/v2\/users\/1"}],"replies":[{"embeddable":true,"href":"https:\/\/sven-ove.nu\/index.php?rest_route=%2Fwp%2Fv2%2Fcomments&post=15376"}],"version-history":[{"count":13,"href":"https:\/\/sven-ove.nu\/index.php?rest_route=\/wp\/v2\/posts\/15376\/revisions"}],"predecessor-version":[{"id":15390,"href":"https:\/\/sven-ove.nu\/index.php?rest_route=\/wp\/v2\/posts\/15376\/revisions\/15390"}],"wp:attachment":[{"href":"https:\/\/sven-ove.nu\/index.php?rest_route=%2Fwp%2Fv2%2Fmedia&parent=15376"}],"wp:term":[{"taxonomy":"category","embeddable":true,"href":"https:\/\/sven-ove.nu\/index.php?rest_route=%2Fwp%2Fv2%2Fcategories&post=15376"},{"taxonomy":"post_tag","embeddable":true,"href":"https:\/\/sven-ove.nu\/index.php?rest_route=%2Fwp%2Fv2%2Ftags&post=15376"}],"curies":[{"name":"wp","href":"https:\/\/api.w.org\/{rel}","templated":true}]}}