{"id":15409,"date":"2016-07-16T03:00:53","date_gmt":"2016-07-16T02:00:53","guid":{"rendered":"http:\/\/sven-ove.nu\/?p=15409"},"modified":"2016-07-13T18:23:20","modified_gmt":"2016-07-13T17:23:20","slug":"15409","status":"publish","type":"post","link":"https:\/\/sven-ove.nu\/?p=15409","title":{"rendered":"Nu \u00e4r jag tr\u00f6tt p\u00e5 det flinande folkf\u00f6raktet"},"content":{"rendered":"<p><a href=\"https:\/\/sven-ove.nu\/wp-content\/uploads\/2016\/07\/Vision.jpg\"><img loading=\"lazy\" decoding=\"async\" class=\"size-large wp-image-15415 alignnone\" src=\"https:\/\/sven-ove.nu\/wp-content\/uploads\/2016\/07\/Vision-1024x778.jpg\" alt=\"Vision\" width=\"660\" height=\"501\" srcset=\"https:\/\/sven-ove.nu\/wp-content\/uploads\/2016\/07\/Vision-1024x778.jpg 1024w, https:\/\/sven-ove.nu\/wp-content\/uploads\/2016\/07\/Vision-300x228.jpg 300w, https:\/\/sven-ove.nu\/wp-content\/uploads\/2016\/07\/Vision.jpg 1096w\" sizes=\"auto, (max-width: 660px) 100vw, 660px\" \/><\/a><\/p>\n<p>Vi hade varit p\u00e5 vernissage om jag minns r\u00e4tt. Var det inte makarna <strong>Broos<\/strong> som st\u00e4llde ut, kanske <strong>Lars Lerin<\/strong> ocks\u00e5? Var det inte i Gamla badhuset i Karlstad, innan det fina huset blev bost\u00e4der?<\/p>\n<p>Jag hade l\u00e4st en kort dikt om den f\u00e4rska Palmeutredningen. Den handlade om hur allt som sas i polisf\u00f6rh\u00f6ren genast hamnade i tidningen Expressen. S\u00e4rskilt f\u00f6rh\u00f6ret med Lisbeth Palme.<\/p>\n<p>Det var f\u00f6rsta g\u00e5ngen jag l\u00e4ste en dikt som bara fanns i en muntlig version, den var \u00e4nnu inte nerskriven. Hur v\u00e5gade jag, med min scenskr\u00e4ck och mitt n\u00e4rminne?<\/p>\n<p>Jag minns inte att den gjorde n\u00e5got st\u00f6rre intryck. Varf\u00f6r skulle den ha gjort det? Det var min pseudonym <strong><span style=\"color: #3366ff;\"><a style=\"color: #3366ff;\" href=\"https:\/\/sven-ove.nu\/?page_id=108\">Viktor Root<\/a><\/span><\/strong> som skrivit den, kommer jag ih\u00e5g. Han skriver g\u00e4rna p\u00e5 dialekt, eftersom han har uppt\u00e4ckt att v\u00e4rml\u00e4ndskan \u00e4r som gjord f\u00f6r satir. V\u00e5rt tungom\u00e5l\u00a0f\u00e5r allt att l\u00e5ta s\u00e5 sn\u00e4llt. F\u00f6rst.<\/p>\n<p style=\"padding-left: 30px;\"><strong><em>Sanningen om f\u00f6rh\u00f6ret med Lisbeth Palme<br \/>\n<\/em><\/strong><strong><em>&#8211; dikt av Viktor Root<\/em><\/strong><\/p>\n<p style=\"padding-left: 30px;\"><em>D\u00e4 st\u00e5r ille te m\u00e4 v\u00e4rlden<br \/>\n<\/em><em>F\u00f6rr varr\u00e4 polisera<br \/>\n<\/em><em>som k\u00f6pte sej en Expressen.<\/em><em>\u00a0<\/em><\/p>\n<p style=\"padding-left: 30px;\"><em>(Det st\u00e5r illa till med v\u00e4rlden<br \/>\n<\/em><em>F\u00f6rr var det poliserna<br \/>\n<\/em><em>som k\u00f6pte sig en Expressen.)<\/em><\/p>\n<p>P\u00e5 den tiden trodde jag fortfarande p\u00e5 en kommande, stormande f\u00f6rfattarkarri\u00e4r med regelbundna romaner och bred l\u00e4sekrets. Hela tiden valde jag fasta jobb, \u00e5tminstone p\u00e5 deltid, f\u00f6r filmj\u00f6lkens skull, men dr\u00f6mmen, dr\u00f6mmen. S\u00e5 fort vi var lediga stretade vi p\u00e5, Viktor Root och jag. D\u00e5 och d\u00e5 kom en best\u00e4llning p\u00e5 n\u00e5gon intressant skrivarkurs att h\u00e5lla eller skrift att skriva, inte minst \u00e5t facket. Det gillade jag.<\/p>\n<p><strong>Inte kvinnornas EU<br \/>\n<\/strong>Hem fr\u00e5n vernissagen i Karlstad fick jag lift med <strong>Gun-Britt Karlsson<\/strong>, ena halvan av f\u00f6rl\u00e4ggarparet bakom <strong><span style=\"color: #3366ff;\"><a style=\"color: #3366ff;\" href=\"http:\/\/www.heidruns.se\/000\/000.asp\">Heidruns<\/a><\/span><\/strong> f\u00f6rlag och bokcaf\u00e9. Jag k\u00e4nde hennes livskamrat <strong>Bengt Berg<\/strong> men hade inte tr\u00e4ffat Gun-Britt m\u00e5nga g\u00e5nger.<\/p>\n<p>D\u00e4r, i bilen hem till Forshaga, blev jag motst\u00e5ndare till svenskt EU-medlemskap. N\u00e4r jag klev av vid det som skulle bli bussh\u00e5llplatsen Sisu-g\u00e5rden var saken klar. Allt av feministiska sk\u00e4l, fast jag inte t\u00e4nkte p\u00e5 den termen d\u00e5. Gun-Britt hade pratat med inlevelse om kvinnornas usla st\u00e4llning inom unionen.<\/p>\n<p>Hon hade r\u00e4tt. Hon hade r\u00e4tt om vad den Europeiska unionen var f\u00f6r projekt, \u00f6ver huvud taget.<\/p>\n<p><strong>Flinande folkf\u00f6rakt<br \/>\n<\/strong>Jag t\u00e4nker ofta p\u00e5 den resan, n\u00e4r jag ser den senaste tidens reaktioner p\u00e5 hur britterna r\u00f6stade i sin folkomr\u00f6stning. Med flinande f\u00f6rakt uttalar sig facebookv\u00e4n efter facebookv\u00e4n, skribent efter skribent om resultatet, dvs Brexit. Som om de var s\u00e5rade i sin sj\u00e4lvk\u00e4nsla. H\u00e5net studsar tillbaka mot dem sj\u00e4lva, men det m\u00e4rker de inte.<\/p>\n<p>I en helt annan debatt, om de fartblinda planerna p\u00e5 en storregion med V\u00e4rmland, Halland och V\u00e4stra G\u00f6taland, f\u00f6rklarar en tung s-politiker h\u00e4r p\u00e5 trakten att regionfr\u00e5gan \u00e4r f\u00f6r komplicerad f\u00f6r vanligt folk att r\u00f6sta om.<\/p>\n<p>Som om vi inte r\u00f6stade om mer komplicerade fr\u00e5gor vid varje kommun-, landstings- och riksdagsval?<\/p>\n<p><strong>Omedvetna odemokrater<br \/>\n<\/strong>Odemokraterna formerar sig. De ser sig f\u00f6rst\u00e5s inte som det. Likafullt \u00e4r det vad de \u00e4r, n\u00e4r de fnyser \u00e5t det brittiska nejet. Eller n\u00e4r de inte tror att mina grannar och jag \u00e4r kloka nog att r\u00e4kna ut huruvida L\u00e5ngflon och Laholm h\u00f6r hemma i samma lilla fina tajta l\u00e4n.<\/p>\n<p>Demokrati har med n\u00e4rhet att g\u00f6ra, fast det f\u00f6rst\u00e5r inte odemokrater.<\/p>\n<p>Det har varit s\u00e5 mycket h\u00e5n, s\u00e5 mycket folkf\u00f6rakt. Desto mindre av respekt och eftert\u00e4nksam analys. Varf\u00f6r ville britterna g\u00e5 ur den fina f\u00f6reningen om den var s\u00e5 fin? Varf\u00f6r har unionen aldrig f\u00e5tt n\u00e5got brett folkligt st\u00f6d i medlemsl\u00e4nderna?<\/p>\n<p>Jag har inte f\u00f6ljt den brittiska folkomr\u00f6stningskampanjen n\u00e4rmare. S\u00e5 mycket ser jag dock, som att alla p\u00e5 nej-sidan inte \u00e4r mina v\u00e4nner. Fr\u00e4mlingsfientlighet och inskr\u00e4nkt nationalism f\u00e5r du mig aldrig med p\u00e5. Det hindrar inte att jag tror att det brittiska nejet p\u00e5 sikt \u00e4r bra f\u00f6r Europa. Vi \u00e4r fler som borde fundera \u00f6ver hur Europa ska organisera sig i framtiden.<\/p>\n<p><strong>Folkligt svar p\u00e5 \u00f6verstatligheten<br \/>\n<\/strong>Jag tycker <span style=\"color: #3366ff;\"><strong><a style=\"color: #3366ff;\" href=\"http:\/\/www.aftonbladet.se\/kultur\/article23127387.ab\">Daniel Strand<\/a><\/strong><\/span> har en po\u00e4ng, n\u00e4r han formulerar sin syn. V\u00e4nstern beh\u00f6ver en ny vision. Det \u00e4r p\u00e5 Aftonbladets kultursida jag hittar hans artikel, som jag skriver ut och l\u00e4gger p\u00e5 nattduksbordet. Sedan dess har jag l\u00e4st den flera g\u00e5nger och h\u00e5ller mer och mer med karln.<\/p>\n<p style=\"padding-left: 30px;\"><em>\u201dDen svenska v\u00e4nstern st\u00e5r handfallen inf\u00f6r Brexit. Det som borde betraktas som ett folkligt svar p\u00e5 \u00e5rtionden av p\u00e5tvingad \u00f6verstatlighet bem\u00f6ts nu med skr\u00e4ckslagna reaktioner. Tv\u00e4rs\u00f6ver det radikala spektrumet f\u00f6rkastar den svenska v\u00e4nstern det brittiska folkets beslut.\u201d<\/em><\/p>\n<p>Vad som f\u00f6renar alla dessa v\u00e4nsterkommentarer, skriver Strand, \u00e4r en stark oro \u00f6ver nationalismens frammarsch i Europa. Den oron \u00e4r begriplig och befogad, med tanke p\u00e5 hur Brexitkampanjen s\u00e5g ut, konstaterar han. Men:<\/p>\n<p style=\"padding-left: 30px;\"><em>\u201dNationalisternas och h\u00f6gerpopulisternas framg\u00e5ngsrika kanalisering av det folkliga missn\u00f6jet med Europasamarbetet g\u00f6r inte EU till ett mer \u00f6nskv\u00e4rt eller progressivt projekt. Den svenska v\u00e4nstern, som i \u00e5rtionden st\u00e5tt f\u00f6r en seri\u00f6s och trov\u00e4rdig kritik av EU, har ingen anledning att pl\u00f6tsligt ta p\u00e5 sig ansvaret att f\u00f6rsvara eliternas och storf\u00f6retagens samarbete.\u201d<\/em><\/p>\n<p><strong>S\u00e4mre arbetsr\u00e4tt, mindre fackligt inflytande<br \/>\n<\/strong>EU \u00e4r en \u00f6verstatlig koloss som inr\u00e4ttades f\u00f6r att utvidga den fria marknaden, skriver han. Dess institutioner arbetar f\u00f6r att inskr\u00e4nka arbetsr\u00e4tten, underminera fackligt inflytande och tvinga p\u00e5 medlemsl\u00e4nderna drakoniska \u00e5tstramningsprogram. Varf\u00f6r skulle den unionen vara en kraft f\u00f6r att skapa ekonomisk r\u00e4ttvisa?<\/p>\n<p style=\"padding-left: 30px;\"><em><a href=\"https:\/\/sven-ove.nu\/wp-content\/uploads\/2016\/07\/Taggtr\u00e5d.jpg\"><img loading=\"lazy\" decoding=\"async\" class=\"alignright size-thumbnail wp-image-15422\" src=\"https:\/\/sven-ove.nu\/wp-content\/uploads\/2016\/07\/Taggtr\u00e5d-150x150.jpg\" alt=\"Taggtr\u00e5d\" width=\"150\" height=\"150\" \/><\/a>\u201dHur skulle EU, vars enda demokratiska alibi \u00e4r ett parlament som uppstod trettio \u00e5r efter att samarbetet p\u00e5b\u00f6rjades, och vars beslutsprocesser omg\u00e4rdas av sekretessbel\u00e4ggningar och en skranglig offentlighetsprincip, befr\u00e4mja det medborgerliga deltagandet?<\/em><\/p>\n<p style=\"padding-left: 30px;\"><em>Hur kan EU, d\u00e4r den \u2019fria r\u00f6rlighetens\u2019 yttre gr\u00e4nser inte bara flankeras av rakbladsf\u00f6rsedda murar, utan ocks\u00e5 f\u00f6rkroppsligas av de 20\u2009000 flyktingar som ber\u00e4knas ha d\u00f6tt i Medelhavet de senaste tjugo \u00e5ren, l\u00e4gga grund f\u00f6r internationell solidaritet?<\/em><\/p>\n<p style=\"padding-left: 30px;\"><em>Och vad har EU-kommissionen gjort f\u00f6r att f\u00f6rhindra Orb\u00e1ns och Kaszynskis systematiska avdemokratisering av Ungern och Polen?<\/em><em>\u00a0<\/em><\/p>\n<p style=\"padding-left: 30px;\"><em>Kort sagt: p\u00e5 vilket s\u00e4tt \u00e4r EU en institution som fr\u00e4mjar v\u00e4nsterns intressen?<\/em><\/p>\n<p style=\"padding-left: 30px;\"><em>Som ett resultat av v\u00e4nsterns tynande EU-motst\u00e5nd \u2013 en retr\u00e4tt som \u00e5terspeglar dess allm\u00e4nna of\u00f6rm\u00e5ga att formulera ett alternativ till den globaliserade senkapitalismen \u2013 har v\u00e4nstern i allt h\u00f6gre utstr\u00e4ckning tappat kontakten med den folkliga opinionen. Oavsett vad Brexit \u2019egentligen\u2019 handlade om st\u00e5r en sak klar, n\u00e4mligen att britternas uttr\u00e4de ger uttryck f\u00f6r ett djupt rotat motst\u00e5nd mot EU.\u201d<\/em><\/p>\n<p>Det <span style=\"color: #3366ff;\"><a style=\"color: #3366ff;\" href=\"http:\/\/www.nejtilleu.se\">motst\u00e5ndet<\/a><\/span> g\u00e5r som en r\u00f6d tr\u00e5d genom Europeiska unionens historia, fr\u00e5n norrm\u00e4nnens nej p\u00e5 1970-talet, via massiva gatuprotester p\u00e5 2000-talet till grekernas nej f\u00f6rra sommaren och nu Brexit.<\/p>\n<p><strong>Ska vi ignorera motst\u00e5ndet?<br \/>\n<\/strong>Den svenska v\u00e4nstern kan v\u00e4lja att ignorera detta motst\u00e5nd, skriver Daniel Strand, och i st\u00e4llet st\u00e4mma in i etablissemangets f\u00f6rd\u00f6manden av det brittiska folkets beslut. Eller s\u00e5 kan man sl\u00e4ppa sargen och formulera en egen vision av sitt Europa. Ett Europa byggt p\u00e5 demokratiskt deltagande, genuin internationalism och ekonomisk j\u00e4mlikhet.<\/p>\n<p style=\"padding-left: 30px;\"><em>\u201dEtt Europa d\u00e4r allm\u00e4nintresset s\u00e4tts f\u00f6re marknadens intresse, och d\u00e4r m\u00e4nniskor utifr\u00e5n v\u00e4lkomnas i st\u00e4llet f\u00f6r att avhysas.\u201d<\/em><\/p>\n<p>L\u00f6sningen \u00e4r inte att klamra sig fast vid korrupta elitinstitutioner. L\u00f6sningen \u00e4r att k\u00e4mpa f\u00f6r att skapa n\u00e5gonting b\u00e4ttre, tycker Daniel Strand.<\/p>\n<p><strong>Vilken m\u00e4nniskosynen vill vi ha?<br \/>\n<\/strong>F\u00f6r mig handlar det som vanligt om vilken m\u00e4nniskosyn vi v\u00e4ljer. Har britterna r\u00f6stat nej s\u00e5 har de, det f\u00f6rtj\u00e4nar inget f\u00f6rakt. Har Europas eliter skapat en union f\u00f6r storf\u00f6retag och marknad men inte f\u00f6r kontinentens folk, d\u00e5 f\u00f6rtj\u00e4nar den inte v\u00e5rt st\u00f6d.<\/p>\n<p><a href=\"https:\/\/sven-ove.nu\/wp-content\/uploads\/2016\/07\/Morgonhimlen.jpg\"><img loading=\"lazy\" decoding=\"async\" class=\"alignright size-thumbnail wp-image-15420\" src=\"https:\/\/sven-ove.nu\/wp-content\/uploads\/2016\/07\/Morgonhimlen-150x150.jpg\" alt=\"Morgonhimlen\" width=\"150\" height=\"150\" \/><\/a>Ska det vara s\u00e5 sv\u00e5rt att skapa en egen vision utifr\u00e5n folkets, b\u00e5de kvinnornas och m\u00e4nnens, intressen? Demokrati \u00e4r inte besv\u00e4rligt, inte r\u00e4ttvisa, j\u00e4mlikhet och j\u00e4mst\u00e4lldhet heller.<\/p>\n<p>Nu har han skrivit en dikt igen, min v\u00e4n Viktor.<\/p>\n<p style=\"padding-left: 30px;\"><strong><em>Sanningen om Europas herrar<br \/>\n<\/em><\/strong><strong><em>&#8211; dikt av Viktor Root<\/em><\/strong><\/p>\n<p style=\"padding-left: 30px;\"><em>D\u00e4 st\u00e5r ille te m\u00e4 v\u00e4rlden<br \/>\n<\/em><em>F\u00f6rr bek\u00e4mpa v\u00e4nstern eliten<br \/>\n<\/em><em>Nu kvaler di te elitserien sj\u00e4lve<\/em><\/p>\n<p style=\"padding-left: 30px;\"><em>N\u00e4r n\u00f4rskera r\u00f6sta nej<br \/>\nd\u00e5 jubla di<br \/>\n<\/em><em>Nu h\u00e5ner di varenda engelsman<br \/>\n<\/em><em>l\u00e5ngt in p\u00e5 fotb\u00f4llsplan<\/em><\/p>\n<p style=\"padding-left: 30px;\"><em>\u00c5 vill ta ifr\u00e5 d\u00f4m r\u00f6str\u00e4tten<br \/>\n<\/em><em>om di \u00e4 fattige<br \/>\n<\/em><em>S\u00e4rskilt om di \u00e4 fattige.<\/em><em>\u00a0<\/em><\/p>\n<p style=\"padding-left: 30px;\"><em>(Det st\u00e5r illa till med v\u00e4rlden<br \/>\n<\/em><em>F\u00f6rr bek\u00e4mpade v\u00e4nstern eliten<br \/>\n<\/em><em>Nu kvalar de till elitserien sj\u00e4lva<\/em><\/p>\n<p style=\"padding-left: 30px;\"><em>N\u00e4r norrm\u00e4nnen r\u00f6stade nej<br \/>\n<\/em><em>d\u00e5 jublade de<br \/>\n<\/em><em>Nu h\u00e5nar de varenda engelsman<br \/>\n<\/em><em>l\u00e5ngt in p\u00e5 fotbollsplanen<\/em><\/p>\n<p style=\"padding-left: 30px;\"><em>Och vill ta ifr\u00e5n dem r\u00f6str\u00e4tten<br \/>\n<\/em><em>om de \u00e4r fattiga<br \/>\n<\/em><em>S\u00e4rskilt om de \u00e4r fattiga.)<\/em><\/p>\n<p><span style=\"color: #ff0000;\"><a style=\"color: #ff0000;\" href=\"https:\/\/sven-ove.nu\/?page_id=170\">Om mig<\/a><\/span> | <span style=\"color: #ff0000;\"><a style=\"color: #ff0000;\" href=\"https:\/\/sven-ove.nu\/?page_id=1385\">Skriva &amp; prata<\/a><\/span> | <span style=\"color: #ff0000;\"><a style=\"color: #ff0000;\" href=\"https:\/\/sven-ove.nu\/?page_id=100\">Politik<\/a><\/span> | <span style=\"color: #ff0000;\"><a style=\"color: #ff0000;\" href=\"https:\/\/sven-ove.nu\/?page_id=102\">L\u00f6pa<\/a><\/span> | <span style=\"color: #ff0000;\"><a style=\"color: #ff0000;\" href=\"https:\/\/sven-ove.nu\/?page_id=108\">Viktor Root<\/a><\/span><\/p>\n","protected":false},"excerpt":{"rendered":"<p>Vi hade varit p\u00e5 vernissage om jag minns r\u00e4tt. Var det inte makarna Broos som st\u00e4llde ut, kanske Lars Lerin ocks\u00e5? Var det inte i Gamla badhuset i Karlstad, innan det fina huset blev bost\u00e4der? Jag hade l\u00e4st en kort dikt om den f\u00e4rska Palmeutredningen. Den handlade om hur allt som sas i polisf\u00f6rh\u00f6ren genast &hellip; <a href=\"https:\/\/sven-ove.nu\/?p=15409\" class=\"more-link\">Forts\u00e4tt l\u00e4sa <span class=\"screen-reader-text\">Nu \u00e4r jag tr\u00f6tt p\u00e5 det flinande folkf\u00f6raktet<\/span><\/a><\/p>\n","protected":false},"author":1,"featured_media":0,"comment_status":"open","ping_status":"open","sticky":false,"template":"","format":"standard","meta":{"_crdt_document":"","_monsterinsights_skip_tracking":false,"_monsterinsights_sitenote_active":false,"_monsterinsights_sitenote_note":"","_monsterinsights_sitenote_category":0,"footnotes":""},"categories":[9,4,11],"tags":[18,17],"class_list":["post-15409","post","type-post","status-publish","format-standard","hentry","category-politik","category-skrivande","category-viktor-root","tag-lardomar","tag-solidaritet"],"_links":{"self":[{"href":"https:\/\/sven-ove.nu\/index.php?rest_route=\/wp\/v2\/posts\/15409","targetHints":{"allow":["GET"]}}],"collection":[{"href":"https:\/\/sven-ove.nu\/index.php?rest_route=\/wp\/v2\/posts"}],"about":[{"href":"https:\/\/sven-ove.nu\/index.php?rest_route=\/wp\/v2\/types\/post"}],"author":[{"embeddable":true,"href":"https:\/\/sven-ove.nu\/index.php?rest_route=\/wp\/v2\/users\/1"}],"replies":[{"embeddable":true,"href":"https:\/\/sven-ove.nu\/index.php?rest_route=%2Fwp%2Fv2%2Fcomments&post=15409"}],"version-history":[{"count":15,"href":"https:\/\/sven-ove.nu\/index.php?rest_route=\/wp\/v2\/posts\/15409\/revisions"}],"predecessor-version":[{"id":15433,"href":"https:\/\/sven-ove.nu\/index.php?rest_route=\/wp\/v2\/posts\/15409\/revisions\/15433"}],"wp:attachment":[{"href":"https:\/\/sven-ove.nu\/index.php?rest_route=%2Fwp%2Fv2%2Fmedia&parent=15409"}],"wp:term":[{"taxonomy":"category","embeddable":true,"href":"https:\/\/sven-ove.nu\/index.php?rest_route=%2Fwp%2Fv2%2Fcategories&post=15409"},{"taxonomy":"post_tag","embeddable":true,"href":"https:\/\/sven-ove.nu\/index.php?rest_route=%2Fwp%2Fv2%2Ftags&post=15409"}],"curies":[{"name":"wp","href":"https:\/\/api.w.org\/{rel}","templated":true}]}}