{"id":15456,"date":"2016-08-03T13:53:20","date_gmt":"2016-08-03T12:53:20","guid":{"rendered":"http:\/\/sven-ove.nu\/?p=15456"},"modified":"2016-08-03T14:32:43","modified_gmt":"2016-08-03T13:32:43","slug":"var-tids-problem","status":"publish","type":"post","link":"https:\/\/sven-ove.nu\/?p=15456","title":{"rendered":"V\u00e5r tids problem"},"content":{"rendered":"<p><a href=\"https:\/\/sven-ove.nu\/wp-content\/uploads\/2016\/08\/Geijersg\u00e5rden.jpg\"><img loading=\"lazy\" decoding=\"async\" class=\"size-large wp-image-15460 alignnone\" src=\"https:\/\/sven-ove.nu\/wp-content\/uploads\/2016\/08\/Geijersg\u00e5rden-1024x1024.jpg\" alt=\"Geijersg\u00e5rden\" width=\"660\" height=\"660\" srcset=\"https:\/\/sven-ove.nu\/wp-content\/uploads\/2016\/08\/Geijersg\u00e5rden-1024x1024.jpg 1024w, https:\/\/sven-ove.nu\/wp-content\/uploads\/2016\/08\/Geijersg\u00e5rden-150x150.jpg 150w, https:\/\/sven-ove.nu\/wp-content\/uploads\/2016\/08\/Geijersg\u00e5rden-300x300.jpg 300w, https:\/\/sven-ove.nu\/wp-content\/uploads\/2016\/08\/Geijersg\u00e5rden.jpg 1280w\" sizes=\"auto, (max-width: 660px) 100vw, 660px\" \/><\/a><\/p>\n<blockquote><p>Jag har varit p\u00e5 Geijersg\u00e5rden och samtalat med kloka m\u00e4nniskor om tiden, den som \u00e4r, den som var och den som kommer.\u00a0Ju mer vi talar, desto mer inser jag att v\u00e5r tids problem \u00e4r den skenande f\u00f6rdumningen.<\/p><\/blockquote>\n<p><a href=\"https:\/\/sven-ove.nu\/wp-content\/uploads\/2016\/08\/Middag.jpg\"><img loading=\"lazy\" decoding=\"async\" class=\"alignright size-thumbnail wp-image-15463\" src=\"https:\/\/sven-ove.nu\/wp-content\/uploads\/2016\/08\/Middag-150x150.jpg\" alt=\"Middag\" width=\"150\" height=\"150\" \/><\/a>P\u00e5 <span style=\"color: #0000ff;\"><strong><a style=\"color: #0000ff;\" href=\"http:\/\/www.geijer.com\/jp\/index.html\">Erik Gustaf Geijers<\/a><\/strong><\/span> tid kom filosofins och j\u00e4rnhanteringens nyheter direkt hit till Rans\u00e4ter fr\u00e5n kontinenten, utan att ta omv\u00e4gen via Stockholm. Herrg\u00e5rdarna var kulturh\u00e4rdar, avkrokarna var centra.<\/p>\n<p>Nu sprutar den ena usla realitys\u00e5pan efter det andra ut sin l\u00e5tsasverklighet \u00f6ver nejden, h\u00e4r och i resten av landet. P\u00e5 Facebook st\u00e5ngar klokheten pannan blodig mot faktaresistensen. Den svenska skolan, d\u00e4r vi alla fick samma chans, bryts is\u00e4r och de l\u00f6nsammare delarna s\u00e4ljs till girigbukarna. Kn\u00e4pper du p\u00e5 tv-nyheterna f\u00e5r du se den mest obildbare presidentkandidat Nordamerika sk\u00e5dat rapa upp sina st\u00e4ndigt nya of\u00f6rsk\u00e4mdheter, pinsamheter och fr\u00e4mlingsfientligheter.<\/p>\n<p>Folk \u00e4r inte dumma, folk \u00e4r kloka bara de f\u00e5r chansen. Just nu f\u00e5r inte alla det, n\u00e4r dumheten sprutm\u00e5lar v\u00e4rlden och tar betalt f\u00f6r det.<\/p>\n<p>F\u00f6rdumning p\u00e5g\u00e5r.<br \/>\nSt\u00e4ng alla d\u00f6rrar och f\u00f6nster.<\/p>\n<p><a href=\"https:\/\/sven-ove.nu\/wp-content\/uploads\/2016\/08\/Port.jpg\"><img loading=\"lazy\" decoding=\"async\" class=\"size-large wp-image-15465 alignnone\" src=\"https:\/\/sven-ove.nu\/wp-content\/uploads\/2016\/08\/Port-768x1024.jpg\" alt=\"Port\" width=\"660\" height=\"880\" srcset=\"https:\/\/sven-ove.nu\/wp-content\/uploads\/2016\/08\/Port-768x1024.jpg 768w, https:\/\/sven-ove.nu\/wp-content\/uploads\/2016\/08\/Port-225x300.jpg 225w, https:\/\/sven-ove.nu\/wp-content\/uploads\/2016\/08\/Port.jpg 1224w\" sizes=\"auto, (max-width: 660px) 100vw, 660px\" \/><\/a><\/p>\n<p><span style=\"color: #0000ff;\"><a style=\"color: #0000ff;\" href=\"https:\/\/sven-ove.nu\/?page_id=170\">Om mig<\/a><\/span>\u00a0|\u00a0<span style=\"color: #0000ff;\"><a style=\"color: #0000ff;\" href=\"https:\/\/sven-ove.nu\/?page_id=1385\">Skriva &amp; prata<\/a><\/span>\u00a0|\u00a0<span style=\"color: #0000ff;\"><a style=\"color: #0000ff;\" href=\"https:\/\/sven-ove.nu\/?page_id=100\">Politik<\/a><\/span>\u00a0|\u00a0<span style=\"color: #0000ff;\"><a style=\"color: #0000ff;\" href=\"https:\/\/sven-ove.nu\/?page_id=102\">L\u00f6pa<\/a><\/span>\u00a0|\u00a0<span style=\"color: #0000ff;\"><a style=\"color: #0000ff;\" href=\"https:\/\/sven-ove.nu\/?page_id=108\">Viktor Root<\/a><\/span><\/p>\n","protected":false},"excerpt":{"rendered":"<p>Jag har varit p\u00e5 Geijersg\u00e5rden och samtalat med kloka m\u00e4nniskor om tiden, den som \u00e4r, den som var och den som kommer.\u00a0Ju mer vi talar, desto mer inser jag att v\u00e5r tids problem \u00e4r den skenande f\u00f6rdumningen. P\u00e5 Erik Gustaf Geijers tid kom filosofins och j\u00e4rnhanteringens nyheter direkt hit till Rans\u00e4ter fr\u00e5n kontinenten, utan att &hellip; <a href=\"https:\/\/sven-ove.nu\/?p=15456\" class=\"more-link\">Forts\u00e4tt l\u00e4sa <span class=\"screen-reader-text\">V\u00e5r tids problem<\/span><\/a><\/p>\n","protected":false},"author":1,"featured_media":0,"comment_status":"open","ping_status":"open","sticky":false,"template":"","format":"standard","meta":{"_crdt_document":"","_monsterinsights_skip_tracking":false,"_monsterinsights_sitenote_active":false,"_monsterinsights_sitenote_note":"","_monsterinsights_sitenote_category":0,"footnotes":""},"categories":[28,9],"tags":[16,8,18],"class_list":["post-15456","post","type-post","status-publish","format-standard","hentry","category-kreativt-folk","category-politik","tag-dumheter","tag-historia","tag-lardomar"],"_links":{"self":[{"href":"https:\/\/sven-ove.nu\/index.php?rest_route=\/wp\/v2\/posts\/15456","targetHints":{"allow":["GET"]}}],"collection":[{"href":"https:\/\/sven-ove.nu\/index.php?rest_route=\/wp\/v2\/posts"}],"about":[{"href":"https:\/\/sven-ove.nu\/index.php?rest_route=\/wp\/v2\/types\/post"}],"author":[{"embeddable":true,"href":"https:\/\/sven-ove.nu\/index.php?rest_route=\/wp\/v2\/users\/1"}],"replies":[{"embeddable":true,"href":"https:\/\/sven-ove.nu\/index.php?rest_route=%2Fwp%2Fv2%2Fcomments&post=15456"}],"version-history":[{"count":9,"href":"https:\/\/sven-ove.nu\/index.php?rest_route=\/wp\/v2\/posts\/15456\/revisions"}],"predecessor-version":[{"id":15468,"href":"https:\/\/sven-ove.nu\/index.php?rest_route=\/wp\/v2\/posts\/15456\/revisions\/15468"}],"wp:attachment":[{"href":"https:\/\/sven-ove.nu\/index.php?rest_route=%2Fwp%2Fv2%2Fmedia&parent=15456"}],"wp:term":[{"taxonomy":"category","embeddable":true,"href":"https:\/\/sven-ove.nu\/index.php?rest_route=%2Fwp%2Fv2%2Fcategories&post=15456"},{"taxonomy":"post_tag","embeddable":true,"href":"https:\/\/sven-ove.nu\/index.php?rest_route=%2Fwp%2Fv2%2Ftags&post=15456"}],"curies":[{"name":"wp","href":"https:\/\/api.w.org\/{rel}","templated":true}]}}