{"id":15471,"date":"2016-08-09T10:20:20","date_gmt":"2016-08-09T09:20:20","guid":{"rendered":"http:\/\/sven-ove.nu\/?p=15471"},"modified":"2016-08-09T12:17:25","modified_gmt":"2016-08-09T11:17:25","slug":"ratt-i-tiden","status":"publish","type":"post","link":"https:\/\/sven-ove.nu\/?p=15471","title":{"rendered":"R\u00e4tt i tiden"},"content":{"rendered":"<p><a href=\"https:\/\/sven-ove.nu\/wp-content\/uploads\/2016\/08\/M\u00e5ngfald.jpg\"><img loading=\"lazy\" decoding=\"async\" class=\"size-large wp-image-15474 alignnone\" src=\"https:\/\/sven-ove.nu\/wp-content\/uploads\/2016\/08\/M\u00e5ngfald-1024x768.jpg\" alt=\"M\u00e5ngfald\" width=\"660\" height=\"495\" srcset=\"https:\/\/sven-ove.nu\/wp-content\/uploads\/2016\/08\/M\u00e5ngfald-1024x768.jpg 1024w, https:\/\/sven-ove.nu\/wp-content\/uploads\/2016\/08\/M\u00e5ngfald-300x225.jpg 300w, https:\/\/sven-ove.nu\/wp-content\/uploads\/2016\/08\/M\u00e5ngfald.jpg 1632w\" sizes=\"auto, (max-width: 660px) 100vw, 660px\" \/><\/a><\/p>\n<blockquote><p>Du har legat fel i tiden alla dina dagar du, s\u00e4ger opponenten.<\/p><\/blockquote>\n<p>Fel i tiden? Jag? Men sn\u00e4lla du, jag var vietnamdemonstrant p\u00e5 1960-talet, v\u00e4nsterintellektuell i industrin p\u00e5 1970-talet, joggare och milj\u00f6aktivist p\u00e5 1980-talet, frilans med attachev\u00e4ska och Altavista p\u00e5 1990-talet, mellanchef med f\u00f6rm\u00e5nsbil p\u00e5 2000-talet och m\u00e5ngfaldsv\u00e4nlig pension\u00e4r p\u00e5 Facebook p\u00e5 2010-talet. Nu planerar jag att g\u00e5 med <span style=\"color: #ff0000;\"><a style=\"color: #ff0000;\" href=\"http:\/\/www.metro.se\/nyheter\/senaste-modetrenden-strumpor-i-sandaler\/EVHpgz!oAwvADBsShCqg\/\" target=\"_blank\">strumpor i sandaler<\/a><\/span> f\u00f6rsommaren 2017, om jag f\u00e5r ha h\u00e4lsan och sandalerna h\u00e5ller.<\/p>\n<p>Kan en ligga mer r\u00e4tt i tiden \u00e4n s\u00e5?<\/p>\n<p><em><span style=\"color: #339966;\">#<\/span>\u00a0Hur kan jag f\u00f6rklara att en text \u00e4r sj\u00e4lvironi, inte satir?<br \/>\n<span style=\"color: #339966;\">##<\/span> G\u00e5 till l\u00e4ggen. Allt finns d\u00e4r. Allt ovan \u00e4r sant.<br \/>\n<span style=\"color: #339966;\">#<\/span><span style=\"color: #339966;\">#<\/span><span style=\"color: #339966;\">#<\/span> Innan Altavista kom fick vi leta i l\u00e4nksamlingar.<\/em><\/p>\n<p><span style=\"color: #0000ff;\"><a style=\"color: #0000ff;\" href=\"https:\/\/sven-ove.nu\/?page_id=170\">Om mig<\/a><\/span> | <span style=\"color: #0000ff;\"><a style=\"color: #0000ff;\" href=\"https:\/\/sven-ove.nu\/?page_id=1385\">Skriva &amp; prata<\/a><\/span> | <span style=\"color: #0000ff;\"><a style=\"color: #0000ff;\" href=\"https:\/\/sven-ove.nu\/?page_id=100\">Politik<\/a><\/span> | <span style=\"color: #0000ff;\"><a style=\"color: #0000ff;\" href=\"https:\/\/sven-ove.nu\/?page_id=102\">L\u00f6pa<\/a><\/span> | <span style=\"color: #0000ff;\"><a style=\"color: #0000ff;\" href=\"https:\/\/sven-ove.nu\/?page_id=108\">Viktor Root<\/a><\/span><\/p>\n","protected":false},"excerpt":{"rendered":"<p>Du har legat fel i tiden alla dina dagar du, s\u00e4ger opponenten. Fel i tiden? Jag? Men sn\u00e4lla du, jag var vietnamdemonstrant p\u00e5 1960-talet, v\u00e4nsterintellektuell i industrin p\u00e5 1970-talet, joggare och milj\u00f6aktivist p\u00e5 1980-talet, frilans med attachev\u00e4ska och Altavista p\u00e5 1990-talet, mellanchef med f\u00f6rm\u00e5nsbil p\u00e5 2000-talet och m\u00e5ngfaldsv\u00e4nlig pension\u00e4r p\u00e5 Facebook p\u00e5 2010-talet. Nu planerar &hellip; <a href=\"https:\/\/sven-ove.nu\/?p=15471\" class=\"more-link\">Forts\u00e4tt l\u00e4sa <span class=\"screen-reader-text\">R\u00e4tt i tiden<\/span><\/a><\/p>\n","protected":false},"author":1,"featured_media":0,"comment_status":"open","ping_status":"open","sticky":false,"template":"","format":"standard","meta":{"_crdt_document":"","_monsterinsights_skip_tracking":false,"_monsterinsights_sitenote_active":false,"_monsterinsights_sitenote_note":"","_monsterinsights_sitenote_category":0,"footnotes":""},"categories":[10,9],"tags":[3,8,18,17],"class_list":["post-15471","post","type-post","status-publish","format-standard","hentry","category-familjen","category-politik","tag-arbete","tag-historia","tag-lardomar","tag-solidaritet"],"_links":{"self":[{"href":"https:\/\/sven-ove.nu\/index.php?rest_route=\/wp\/v2\/posts\/15471","targetHints":{"allow":["GET"]}}],"collection":[{"href":"https:\/\/sven-ove.nu\/index.php?rest_route=\/wp\/v2\/posts"}],"about":[{"href":"https:\/\/sven-ove.nu\/index.php?rest_route=\/wp\/v2\/types\/post"}],"author":[{"embeddable":true,"href":"https:\/\/sven-ove.nu\/index.php?rest_route=\/wp\/v2\/users\/1"}],"replies":[{"embeddable":true,"href":"https:\/\/sven-ove.nu\/index.php?rest_route=%2Fwp%2Fv2%2Fcomments&post=15471"}],"version-history":[{"count":6,"href":"https:\/\/sven-ove.nu\/index.php?rest_route=\/wp\/v2\/posts\/15471\/revisions"}],"predecessor-version":[{"id":15478,"href":"https:\/\/sven-ove.nu\/index.php?rest_route=\/wp\/v2\/posts\/15471\/revisions\/15478"}],"wp:attachment":[{"href":"https:\/\/sven-ove.nu\/index.php?rest_route=%2Fwp%2Fv2%2Fmedia&parent=15471"}],"wp:term":[{"taxonomy":"category","embeddable":true,"href":"https:\/\/sven-ove.nu\/index.php?rest_route=%2Fwp%2Fv2%2Fcategories&post=15471"},{"taxonomy":"post_tag","embeddable":true,"href":"https:\/\/sven-ove.nu\/index.php?rest_route=%2Fwp%2Fv2%2Ftags&post=15471"}],"curies":[{"name":"wp","href":"https:\/\/api.w.org\/{rel}","templated":true}]}}