{"id":15497,"date":"2016-08-12T14:10:17","date_gmt":"2016-08-12T13:10:17","guid":{"rendered":"http:\/\/sven-ove.nu\/?p=15497"},"modified":"2016-08-12T15:17:10","modified_gmt":"2016-08-12T14:17:10","slug":"det-finns-hopp-viskar-augustiregnet","status":"publish","type":"post","link":"https:\/\/sven-ove.nu\/?p=15497","title":{"rendered":"Det finns hopp viskar augustiregnet"},"content":{"rendered":"<p><a href=\"https:\/\/sven-ove.nu\/wp-content\/uploads\/2016\/08\/Milt-augustiregn.jpg\"><img loading=\"lazy\" decoding=\"async\" class=\"size-large wp-image-15501 alignnone\" src=\"https:\/\/sven-ove.nu\/wp-content\/uploads\/2016\/08\/Milt-augustiregn-1024x1024.jpg\" alt=\"Milt augustiregn\" width=\"660\" height=\"660\" srcset=\"https:\/\/sven-ove.nu\/wp-content\/uploads\/2016\/08\/Milt-augustiregn-1024x1024.jpg 1024w, https:\/\/sven-ove.nu\/wp-content\/uploads\/2016\/08\/Milt-augustiregn-150x150.jpg 150w, https:\/\/sven-ove.nu\/wp-content\/uploads\/2016\/08\/Milt-augustiregn-300x300.jpg 300w, https:\/\/sven-ove.nu\/wp-content\/uploads\/2016\/08\/Milt-augustiregn.jpg 1280w\" sizes=\"auto, (max-width: 660px) 100vw, 660px\" \/><\/a><\/p>\n<p>Det finns hopp, viskar det mjuka augustiregnet n\u00e4r jag tassar ut p\u00e5 gatan. Ute \u00e4r det 15 grader varmt och dropparna \u00e4r stillsamt lagda. V\u00e4rlden doftar milt, n\u00e4r jag passerar backen ner mot Forshaga h\u00f6r jag skramlet d\u00e5 folk lastar av en byggnadsst\u00e4llning. En bit upp i n\u00e4sta uppf\u00f6rslut h\u00e5ller n\u00e5gon p\u00e5 och kvistar tallbuskar mot gatan, varje s\u00e5gtag doftar fura. Uppe vid f\u00f6rskolan Stacken leker inga barn p\u00e5 g\u00e5rden, d\u00e4r \u00e4r barntomt i dag. Inne sitter personalen och planerar.<\/p>\n<p>Det finns hopp.<\/p>\n<p>Jag tassar vidare i stilla lunk i det mjuka regnet. Vid Geijersgatans sportaff\u00e4r kommer en ung man ut genom entr\u00e9n med en cykel, strax intill skyltar second hand-butiken om kuriosa. En kvinna far f\u00f6r att hyra en k\u00e4rra p\u00e5 Storgatan, en man stretar med en barnvagn \u00f6ver \u00f6verg\u00e5ngsst\u00e4llet.<\/p>\n<p><strong>H\u00f6gsta vinsten<br \/>\n<\/strong>Nyss l\u00e4ste jag en utm\u00e4rkt artikel i V\u00e4rmlands Folkblad av Lars Swan\u00f6. Den handlar om nya numret av <strong>Pockettidningen R<\/strong>, <span style=\"color: #0000ff;\"><a style=\"color: #0000ff;\" href=\"http:\/\/www.vf.se\/nyheter\/arvika\/hogsta-vinsten-kom-i-arvika\" target=\"_blank\">Omstart Sverige<\/a>,<\/span> som \u00e4r skrivet p\u00e5 b\u00e5de svenska och arabiska.<\/p>\n<p>Den syriske simmaren Mhd Nour Nemr intervjuas. Han simmade och vann i Syrien men h\u00f6gsta vinsten tycker han var n\u00e4r han fick fast jobb p\u00e5 simhallen i Arvika. \u201dV\u00e5ldet tilltog i Syrien, al-Assad \u00e4r inte min president\u201d konstaterar han lakoniskt.<\/p>\n<p><strong>Motkrafterna str\u00e4var p\u00e5<br \/>\n<\/strong>Detta t\u00e4nker jag p\u00e5, medan jag passerar Herman Reijers fina skulptur med laxfiskarna i centrala Forshaga. I dag \u00e4r den extra v\u00e5t men milt v\u00e5t. Det \u00e4r inte bara v\u00e5ldet som segrar, inte bara dumheten och faktaresistensen. Motkrafterna finns, som laxar uppf\u00f6r en fors str\u00e4var de.<\/p>\n<p>Augusti \u00e4r en sommarm\u00e5nad, sedan f\u00e5r de h\u00f6str\u00e4dde s\u00e4ga vad de vill.\u00a0Det finns hopp.<\/p>\n<p>Det finns hela tiden hopp.<\/p>\n<p><span style=\"color: #0000ff;\"><a style=\"color: #0000ff;\" href=\"https:\/\/sven-ove.nu\/?page_id=170\">Om mig<\/a><\/span> | <span style=\"color: #0000ff;\"><a style=\"color: #0000ff;\" href=\"https:\/\/sven-ove.nu\/?page_id=1385\">Skriva &amp; prata<\/a><\/span> | <span style=\"color: #0000ff;\"><a style=\"color: #0000ff;\" href=\"https:\/\/sven-ove.nu\/?page_id=100\">Politik<\/a><\/span> | <span style=\"color: #0000ff;\"><a style=\"color: #0000ff;\" href=\"https:\/\/sven-ove.nu\/?page_id=102\">L\u00f6pa<\/a><\/span> | <span style=\"color: #0000ff;\"><a style=\"color: #0000ff;\" href=\"https:\/\/sven-ove.nu\/?page_id=108\">Viktor Root<\/a><\/span><\/p>\n","protected":false},"excerpt":{"rendered":"<p>Det finns hopp, viskar det mjuka augustiregnet n\u00e4r jag tassar ut p\u00e5 gatan. Ute \u00e4r det 15 grader varmt och dropparna \u00e4r stillsamt lagda. V\u00e4rlden doftar milt, n\u00e4r jag passerar backen ner mot Forshaga h\u00f6r jag skramlet d\u00e5 folk lastar av en byggnadsst\u00e4llning. En bit upp i n\u00e4sta uppf\u00f6rslut h\u00e5ller n\u00e5gon p\u00e5 och kvistar tallbuskar &hellip; <a href=\"https:\/\/sven-ove.nu\/?p=15497\" class=\"more-link\">Forts\u00e4tt l\u00e4sa <span class=\"screen-reader-text\">Det finns hopp viskar augustiregnet<\/span><\/a><\/p>\n","protected":false},"author":1,"featured_media":0,"comment_status":"open","ping_status":"open","sticky":false,"template":"","format":"standard","meta":{"_crdt_document":"","_monsterinsights_skip_tracking":false,"_monsterinsights_sitenote_active":false,"_monsterinsights_sitenote_note":"","_monsterinsights_sitenote_category":0,"footnotes":""},"categories":[5,6],"tags":[14,17],"class_list":["post-15497","post","type-post","status-publish","format-standard","hentry","category-lopning","category-natur","tag-lasning","tag-solidaritet"],"_links":{"self":[{"href":"https:\/\/sven-ove.nu\/index.php?rest_route=\/wp\/v2\/posts\/15497","targetHints":{"allow":["GET"]}}],"collection":[{"href":"https:\/\/sven-ove.nu\/index.php?rest_route=\/wp\/v2\/posts"}],"about":[{"href":"https:\/\/sven-ove.nu\/index.php?rest_route=\/wp\/v2\/types\/post"}],"author":[{"embeddable":true,"href":"https:\/\/sven-ove.nu\/index.php?rest_route=\/wp\/v2\/users\/1"}],"replies":[{"embeddable":true,"href":"https:\/\/sven-ove.nu\/index.php?rest_route=%2Fwp%2Fv2%2Fcomments&post=15497"}],"version-history":[{"count":5,"href":"https:\/\/sven-ove.nu\/index.php?rest_route=\/wp\/v2\/posts\/15497\/revisions"}],"predecessor-version":[{"id":15503,"href":"https:\/\/sven-ove.nu\/index.php?rest_route=\/wp\/v2\/posts\/15497\/revisions\/15503"}],"wp:attachment":[{"href":"https:\/\/sven-ove.nu\/index.php?rest_route=%2Fwp%2Fv2%2Fmedia&parent=15497"}],"wp:term":[{"taxonomy":"category","embeddable":true,"href":"https:\/\/sven-ove.nu\/index.php?rest_route=%2Fwp%2Fv2%2Fcategories&post=15497"},{"taxonomy":"post_tag","embeddable":true,"href":"https:\/\/sven-ove.nu\/index.php?rest_route=%2Fwp%2Fv2%2Ftags&post=15497"}],"curies":[{"name":"wp","href":"https:\/\/api.w.org\/{rel}","templated":true}]}}