{"id":15504,"date":"2016-08-18T07:52:42","date_gmt":"2016-08-18T06:52:42","guid":{"rendered":"http:\/\/sven-ove.nu\/?p=15504"},"modified":"2016-08-18T07:58:57","modified_gmt":"2016-08-18T06:58:57","slug":"ett-svenskt-landslag-i-tidskriveri","status":"publish","type":"post","link":"https:\/\/sven-ove.nu\/?p=15504","title":{"rendered":"Ett svenskt landslag i tidskriveri"},"content":{"rendered":"<p><a href=\"https:\/\/sven-ove.nu\/wp-content\/uploads\/2016\/08\/Vi-tidningen.jpg\"><img loading=\"lazy\" decoding=\"async\" class=\"size-large wp-image-15508 alignnone\" src=\"https:\/\/sven-ove.nu\/wp-content\/uploads\/2016\/08\/Vi-tidningen-1024x1024.jpg\" alt=\"Vi-tidningen\" width=\"660\" height=\"660\" srcset=\"https:\/\/sven-ove.nu\/wp-content\/uploads\/2016\/08\/Vi-tidningen-1024x1024.jpg 1024w, https:\/\/sven-ove.nu\/wp-content\/uploads\/2016\/08\/Vi-tidningen-150x150.jpg 150w, https:\/\/sven-ove.nu\/wp-content\/uploads\/2016\/08\/Vi-tidningen-300x300.jpg 300w, https:\/\/sven-ove.nu\/wp-content\/uploads\/2016\/08\/Vi-tidningen.jpg 1280w\" sizes=\"auto, (max-width: 660px) 100vw, 660px\" \/><\/a><\/p>\n<blockquote><p>Det finns tidskrifter som lever upp till begreppet. Att skriva sin tid. Vi-tidningen \u00e4r en s\u00e5dan formulerare och har varit det hela mitt vuxna liv.<\/p><\/blockquote>\n<p>Jag tyckte om <strong>Lars Westmans<\/strong> Bakvagnen, hans artiklar om sj\u00f6mannen i Nicaragua och den spontana serien om svenska utedass. Jag gillade n\u00e4r Vi b\u00f6rjade plantera tr\u00e4d i Afrika och n\u00e4r man startade <span style=\"color: #3366ff;\"><a style=\"color: #3366ff;\" href=\"http:\/\/www.teskedsorden.se\">Teskedsorden<\/a><\/span> f\u00f6r m\u00e5ngfaldens och toleransens skull, i f\u00f6rfattaren <span style=\"color: #3366ff;\"><strong><a style=\"color: #3366ff;\" href=\"http:\/\/www.teskedsorden.se\/bakgrund\/\">Amos Oz<\/a><\/strong><\/span> anda. Jag \u00e4lskade n\u00e4r de startade litteraturresor till sj\u00f6ss. Vilket sp\u00e4nnande m\u00f6te mellan stort gungande hav, stor b\u00e5t och stor litteratur &#8211; och denna litteraturs \u00e4lskare. Jag l\u00e4ste med gl\u00e4dje, lust och ibland f\u00f6rv\u00e5ning idolen <strong>Ingemar Unges<\/strong> spr\u00e5kspalter och f\u00f6runderliga kr\u00f6nikor. Vem skulle kunna eftertr\u00e4da honom och Westman i betraktandet av samtiden?<\/p>\n<p>Klart det fanns n\u00e5gon. Hon heter <strong>Stina Jofs<\/strong> och g\u00e5r fr\u00e5n klarhet till &#8230; \u00e4nnu st\u00f6rre formuleringsglad klarhet. Giller&#8217;t!<\/p>\n<p><strong>En orolig stund<br \/>\n<\/strong>En annan r\u00f6st i tidskrivandet \u00e4r den nuvarande chefredakt\u00f6ren <strong>Sofia Wadensj\u00f6 Kar\u00e9n<\/strong>. Jo, hon har v\u00e4rmlandsanknytning, ja vi har gemensamma v\u00e4nner &#8211; men vi har aldrig m\u00f6tts.<\/p>\n<p>Det \u00e4r alltid en orolig stund n\u00e4r ett landslag byter tr\u00e4nare, s\u00e5 ock n\u00e4r ett landslag i tidskriveri byter coach. En f\u00e5r ge dem chansen. Tv\u00e5 tre matcher, tv\u00e5 tre tummade nummer. Sedan kommer domen.<\/p>\n<p>Den domen var l\u00e4tt att f\u00f6rkunna. Med ber\u00f6m godk\u00e4nt.<\/p>\n<p>Det finns redakt\u00f6rer som lever upp till rollen. Sofia Wadensj\u00f6 Kar\u00e9n \u00e4r en av dem. Egentligen borde jag skriva l\u00e4sarbrev till henne men det h\u00e4nder att jag k\u00e4nner mig f\u00f6rsynt. Det f\u00e5r bli s\u00e5h\u00e4r i st\u00e4llet.<\/p>\n<p><strong>F\u00e5r oss att fatta hur vi menar<br \/>\n<a href=\"https:\/\/sven-ove.nu\/wp-content\/uploads\/2016\/08\/Vi.jpg\"><img loading=\"lazy\" decoding=\"async\" class=\"alignright size-thumbnail wp-image-15509\" src=\"https:\/\/sven-ove.nu\/wp-content\/uploads\/2016\/08\/Vi-150x150.jpg\" alt=\"Vi\" width=\"150\" height=\"150\" \/><\/a><\/strong>Tack f\u00f6r att <span style=\"color: #3366ff;\"><strong><a style=\"color: #3366ff;\" href=\"http:\/\/www.vi-tidningen.se\">Vi-tidningen<\/a><\/strong><\/span> finns. Tack f\u00f6r att du v\u00e5rdade arvet och gick vidare. N\u00e4r du ville ta bort bokrecensionerna blev det v\u00e4sen, \u00e4ven om den h\u00e4r arge yngre \u00e4ldre teg och kn\u00f6t n\u00e4ven. Tack f\u00f6r att du lyssnade och sl\u00e4ppte in bokspalterna igen. Tack f\u00f6r dina inledande betraktelser som blir t\u00e4nkv\u00e4rda ingresser till varje genomarbetat nummer.<\/p>\n<p>N\u00e4mnde jag <strong>Johan Norberg<\/strong> som sl\u00e4pper in oss musiklyssnare backstage och f\u00e5r oss att f\u00f6rst\u00e5 varf\u00f6r vi gillar det vi gillar? N\u00e4mnde jag alla beg\u00e5vade fotografer och reportrar bakom reportagen? N\u00e4mnde jag <strong>Cecilia Garmes<\/strong> politiska analyser? N\u00e4mnde jag allt jag l\u00e4r mig om modern design?<\/p>\n<p>Det finns m\u00e5nga namn att n\u00e4mna. H\u00e4r i huset l\u00e4ser vi praktiskt taget varenda text, oftast med gl\u00e4dje och inst\u00e4mmande.<\/p>\n<p><strong>Nej visst nej<br \/>\n<\/strong>Ibland f\u00e5r vi s\u00e5dan lust att resa p\u00e5 v\u00e4rmlandsresorna ni ordnar. De verkar s\u00e5 trevliga. Fast d\u00e5 kommer jag ih\u00e5g vad pappa sa som fjorton\u00e5ring, n\u00e4r han och tv\u00e5 kamrater cyklat till Selma Lagerl\u00f6fs M\u00e5rbacka och intendenten f\u00f6rs\u00f6kte locka in dem i minnesg\u00e5rden.<\/p>\n<p>&#8211; Ska ni inte komme in \u00e5 titte, p\u00f4jker?<br \/>\n&#8211; Nej. Vi ha&#8217; att sett&#8217;et f\u00f6rut.<\/p>\n<p><span style=\"color: #3366ff;\"><a style=\"color: #3366ff;\" href=\"https:\/\/sven-ove.nu\/?page_id=170\">Om mig<\/a><\/span> | <span style=\"color: #3366ff;\"><a style=\"color: #3366ff;\" href=\"https:\/\/sven-ove.nu\/?page_id=1385\">Skriva &amp; prata<\/a><\/span> | <span style=\"color: #3366ff;\"><a style=\"color: #3366ff;\" href=\"https:\/\/sven-ove.nu\/?page_id=100\">Politik<\/a><\/span> | <span style=\"color: #3366ff;\"><a style=\"color: #3366ff;\" href=\"https:\/\/sven-ove.nu\/?page_id=102\">L\u00f6pa<\/a><\/span> | <span style=\"color: #3366ff;\"><a style=\"color: #3366ff;\" href=\"https:\/\/sven-ove.nu\/?page_id=108\">Viktor Root<\/a><\/span><\/p>\n","protected":false},"excerpt":{"rendered":"<p>Det finns tidskrifter som lever upp till begreppet. Att skriva sin tid. Vi-tidningen \u00e4r en s\u00e5dan formulerare och har varit det hela mitt vuxna liv. Jag tyckte om Lars Westmans Bakvagnen, hans artiklar om sj\u00f6mannen i Nicaragua och den spontana serien om svenska utedass. Jag gillade n\u00e4r Vi b\u00f6rjade plantera tr\u00e4d i Afrika och n\u00e4r &hellip; <a href=\"https:\/\/sven-ove.nu\/?p=15504\" class=\"more-link\">Forts\u00e4tt l\u00e4sa <span class=\"screen-reader-text\">Ett svenskt landslag i tidskriveri<\/span><\/a><\/p>\n","protected":false},"author":1,"featured_media":0,"comment_status":"open","ping_status":"open","sticky":false,"template":"","format":"standard","meta":{"_crdt_document":"","_monsterinsights_skip_tracking":false,"_monsterinsights_sitenote_active":false,"_monsterinsights_sitenote_note":"","_monsterinsights_sitenote_category":0,"footnotes":""},"categories":[28,4],"tags":[14,15],"class_list":["post-15504","post","type-post","status-publish","format-standard","hentry","category-kreativt-folk","category-skrivande","tag-lasning","tag-mediedjungeln"],"_links":{"self":[{"href":"https:\/\/sven-ove.nu\/index.php?rest_route=\/wp\/v2\/posts\/15504","targetHints":{"allow":["GET"]}}],"collection":[{"href":"https:\/\/sven-ove.nu\/index.php?rest_route=\/wp\/v2\/posts"}],"about":[{"href":"https:\/\/sven-ove.nu\/index.php?rest_route=\/wp\/v2\/types\/post"}],"author":[{"embeddable":true,"href":"https:\/\/sven-ove.nu\/index.php?rest_route=\/wp\/v2\/users\/1"}],"replies":[{"embeddable":true,"href":"https:\/\/sven-ove.nu\/index.php?rest_route=%2Fwp%2Fv2%2Fcomments&post=15504"}],"version-history":[{"count":6,"href":"https:\/\/sven-ove.nu\/index.php?rest_route=\/wp\/v2\/posts\/15504\/revisions"}],"predecessor-version":[{"id":15512,"href":"https:\/\/sven-ove.nu\/index.php?rest_route=\/wp\/v2\/posts\/15504\/revisions\/15512"}],"wp:attachment":[{"href":"https:\/\/sven-ove.nu\/index.php?rest_route=%2Fwp%2Fv2%2Fmedia&parent=15504"}],"wp:term":[{"taxonomy":"category","embeddable":true,"href":"https:\/\/sven-ove.nu\/index.php?rest_route=%2Fwp%2Fv2%2Fcategories&post=15504"},{"taxonomy":"post_tag","embeddable":true,"href":"https:\/\/sven-ove.nu\/index.php?rest_route=%2Fwp%2Fv2%2Ftags&post=15504"}],"curies":[{"name":"wp","href":"https:\/\/api.w.org\/{rel}","templated":true}]}}