{"id":15524,"date":"2016-08-24T03:00:12","date_gmt":"2016-08-24T02:00:12","guid":{"rendered":"http:\/\/sven-ove.nu\/?p=15524"},"modified":"2016-08-24T04:42:56","modified_gmt":"2016-08-24T03:42:56","slug":"15524","status":"publish","type":"post","link":"https:\/\/sven-ove.nu\/?p=15524","title":{"rendered":"Vilstol \u00e4r f\u00f6r sanatorier"},"content":{"rendered":"<p><a href=\"https:\/\/sven-ove.nu\/wp-content\/uploads\/2016\/08\/Kapar.jpg\"><img loading=\"lazy\" decoding=\"async\" class=\"size-large wp-image-15519 alignnone\" src=\"https:\/\/sven-ove.nu\/wp-content\/uploads\/2016\/08\/Kapar-1024x707.jpg\" alt=\"Kapar\" width=\"660\" height=\"456\" srcset=\"https:\/\/sven-ove.nu\/wp-content\/uploads\/2016\/08\/Kapar-1024x707.jpg 1024w, https:\/\/sven-ove.nu\/wp-content\/uploads\/2016\/08\/Kapar-300x207.jpg 300w, https:\/\/sven-ove.nu\/wp-content\/uploads\/2016\/08\/Kapar.jpg 1204w\" sizes=\"auto, (max-width: 660px) 100vw, 660px\" \/><\/a><\/p>\n<p><a href=\"https:\/\/sven-ove.nu\/wp-content\/uploads\/2016\/08\/Arbetslust.jpg\"><img loading=\"lazy\" decoding=\"async\" class=\"size-full wp-image-15520 alignnone\" src=\"https:\/\/sven-ove.nu\/wp-content\/uploads\/2016\/08\/Arbetslust.jpg\" alt=\"Arbetslust\" width=\"123\" height=\"41\" \/><\/a><\/p>\n<p>Det sv\u00e5raste \u00e4r duktighetssyndromet. N\u00e4r du har ett jobb ska du arbeta. N\u00e4r du kommer hem ska du jobba. Du ska inte g\u00e5 med h\u00e4nderna i fickan. &#8221;Fryser du om h\u00e4nderna?&#8221;<\/p>\n<p>Vilstol \u00e4r f\u00f6r sanatorier.<\/p>\n<p>I grund och botten gillar jag det d\u00e4r. \u00c4r du frisk ska du arbeta, den m\u00f6jligheten ska du och f\u00f6retagsamheten och samh\u00e4llet skapa. Ingen mannam\u00e5n, inget latoxeri. Fryser du om h\u00e4nderna?<\/p>\n<p>Vi har en v\u00e4rld att skapa, en r\u00e4ttvis. Det finns mycket att g\u00f6ra. Dessutom beh\u00f6ver barnen filmj\u00f6lk.<\/p>\n<p><strong>Listor byggde landet<br \/>\n<\/strong>Sitter jag, d\u00e5 t\u00e4nker jag p\u00e5 handtag att utf\u00f6ra. Ligger jag, d\u00e5 funderar jag ut listor med g\u00f6rom\u00e5l. Trimma gr\u00e4set borta vid aspen, gr\u00e4va runt krusb\u00e4rsbusken, plocka hallon, svamp och bl\u00e5b\u00e4r, dammsuga \u00f6verv\u00e5ningen, vattna p\u00e5 altanen, handla morgonfil, ringa en v\u00e4n.<\/p>\n<p>Det finns ett utm\u00e4rkt dataprogram, papper och penna har vi ocks\u00e5. Listor byggde landet. G\u00f6ra listor \u00e4r v\u00e4l ocks\u00e5 ett arbete?<\/p>\n<p>Friherre, skojar en del. Kompledig, kallar en annan det. Jag vet inte jag, hur skulle det g\u00e5 till? N\u00e4r en aldrig har ro att sitta i n\u00e5gon vilstol, s\u00e4rskilt inte om det syns. Nu m\u00e5ste jag g\u00f6ra en lista igen.<\/p>\n<p>Verkst\u00e4lla listan \u00e4r en annan sak &#8230;<\/p>\n<p style=\"padding-left: 30px;\">*<\/p>\n<p>Varf\u00f6r tror du jag springer?<br \/>\nJag vilar.<strong>\u00a0<\/strong><\/p>\n<h2><strong>Yogi Berra kommer in i mitt liv\u00a0<\/strong><\/h2>\n<p><a href=\"https:\/\/sven-ove.nu\/wp-content\/uploads\/2016\/08\/Sportgrodor.jpg\"><img loading=\"lazy\" decoding=\"async\" class=\"size-full wp-image-15521 alignnone\" src=\"https:\/\/sven-ove.nu\/wp-content\/uploads\/2016\/08\/Sportgrodor.jpg\" alt=\"Sportgrodor\" width=\"122\" height=\"41\" \/><\/a><\/p>\n<p>Man kan \u00e4gna sig \u00e5t mycket n\u00e4r solen g\u00e5r ner. En kv\u00e4ll ser jag ett avsnitt av den amerikanska serien Navy CIS. D\u00e4r citeras en <strong>Yogi Berra<\/strong>.<\/p>\n<p>&#8211; Yogi Berra? Hmm, barnfilmsfigur va\u2019? tror jag f\u00f6rst. Nja. Snarare amerikansk m\u00e4stare i den sortens citat som <strong>Lasse Anrell<\/strong> brukar g\u00f6ra roliga b\u00f6cker av. Sportgrodor.<\/p>\n<p><a href=\"https:\/\/sven-ove.nu\/wp-content\/uploads\/2016\/08\/Berra.jpg\"><img loading=\"lazy\" decoding=\"async\" class=\"size-full wp-image-15528 alignright\" src=\"https:\/\/sven-ove.nu\/wp-content\/uploads\/2016\/08\/Berra.jpg\" alt=\"Berra\" width=\"113\" height=\"130\" \/><\/a>Yogi var legendarisk baseballspelare och coach och tycks ha sprutat ur sig anrellare. Fast citatet jag h\u00f6r p\u00e5 tv \u00e4r b\u00e5de klokt och eftert\u00e4nksamt:<\/p>\n<p>\u201dOm v\u00e4rlden vore perfekt skulle den inte vara det.\u201d<\/p>\n<p><em><span style=\"color: #ff6600;\"><strong>#<\/strong><\/span> Ledsen att listan med Yogi Berras 50 b\u00e4sta citat \u00e4r p\u00e5 engelska: <\/em><a href=\"http:\/\/ftw.usatoday.com\/2015\/09\/the-50-greatest-yogi-berra-quotes\"><em><span style=\"color: #0000ff;\">Yogi Berras b\u00e4sta<\/span><br \/>\n<\/em><\/a><em><span style=\"color: #ff6600;\"><strong>##<\/strong><\/span> Ibland tror jag de flesta som Lasse Anrell citerar har g\u00e5tt i skola hos amerikanen.<br \/>\n<span style=\"color: #ff6600;\"><strong>###<\/strong><\/span> \u201dNever answer an anonymous letter.\u201d \u201dIt gets late early out here.\u201d \u201dAlways go to other people\u2019s funerals, otherwise they won\u2019t come to yours.\u201d<\/em><\/p>\n<p><span style=\"color: #0000ff;\"><a style=\"color: #0000ff;\" href=\"https:\/\/sven-ove.nu\/?page_id=170\">Om mig<\/a><\/span> | <span style=\"color: #0000ff;\"><a style=\"color: #0000ff;\" href=\"https:\/\/sven-ove.nu\/?page_id=1385\">Skriva &amp; prata<\/a><\/span> | <span style=\"color: #0000ff;\"><a style=\"color: #0000ff;\" href=\"https:\/\/sven-ove.nu\/?page_id=100\">Politik<\/a><\/span> | <span style=\"color: #0000ff;\"><a style=\"color: #0000ff;\" href=\"https:\/\/sven-ove.nu\/?page_id=102\">L\u00f6pa<\/a><\/span> | <span style=\"color: #0000ff;\"><a style=\"color: #0000ff;\" href=\"https:\/\/sven-ove.nu\/?page_id=108\">Viktor Root<\/a><\/span><\/p>\n","protected":false},"excerpt":{"rendered":"<p>Det sv\u00e5raste \u00e4r duktighetssyndromet. N\u00e4r du har ett jobb ska du arbeta. N\u00e4r du kommer hem ska du jobba. Du ska inte g\u00e5 med h\u00e4nderna i fickan. &#8221;Fryser du om h\u00e4nderna?&#8221; Vilstol \u00e4r f\u00f6r sanatorier. I grund och botten gillar jag det d\u00e4r. \u00c4r du frisk ska du arbeta, den m\u00f6jligheten ska du och f\u00f6retagsamheten &hellip; <a href=\"https:\/\/sven-ove.nu\/?p=15524\" class=\"more-link\">Forts\u00e4tt l\u00e4sa <span class=\"screen-reader-text\">Vilstol \u00e4r f\u00f6r sanatorier<\/span><\/a><\/p>\n","protected":false},"author":1,"featured_media":0,"comment_status":"open","ping_status":"open","sticky":false,"template":"","format":"standard","meta":{"_crdt_document":"","_monsterinsights_skip_tracking":false,"_monsterinsights_sitenote_active":false,"_monsterinsights_sitenote_note":"","_monsterinsights_sitenote_category":0,"footnotes":""},"categories":[28],"tags":[3,18,15,20,13],"class_list":["post-15524","post","type-post","status-publish","format-standard","hentry","category-kreativt-folk","tag-arbete","tag-lardomar","tag-mediedjungeln","tag-rad","tag-utrustning"],"_links":{"self":[{"href":"https:\/\/sven-ove.nu\/index.php?rest_route=\/wp\/v2\/posts\/15524","targetHints":{"allow":["GET"]}}],"collection":[{"href":"https:\/\/sven-ove.nu\/index.php?rest_route=\/wp\/v2\/posts"}],"about":[{"href":"https:\/\/sven-ove.nu\/index.php?rest_route=\/wp\/v2\/types\/post"}],"author":[{"embeddable":true,"href":"https:\/\/sven-ove.nu\/index.php?rest_route=\/wp\/v2\/users\/1"}],"replies":[{"embeddable":true,"href":"https:\/\/sven-ove.nu\/index.php?rest_route=%2Fwp%2Fv2%2Fcomments&post=15524"}],"version-history":[{"count":6,"href":"https:\/\/sven-ove.nu\/index.php?rest_route=\/wp\/v2\/posts\/15524\/revisions"}],"predecessor-version":[{"id":15555,"href":"https:\/\/sven-ove.nu\/index.php?rest_route=\/wp\/v2\/posts\/15524\/revisions\/15555"}],"wp:attachment":[{"href":"https:\/\/sven-ove.nu\/index.php?rest_route=%2Fwp%2Fv2%2Fmedia&parent=15524"}],"wp:term":[{"taxonomy":"category","embeddable":true,"href":"https:\/\/sven-ove.nu\/index.php?rest_route=%2Fwp%2Fv2%2Fcategories&post=15524"},{"taxonomy":"post_tag","embeddable":true,"href":"https:\/\/sven-ove.nu\/index.php?rest_route=%2Fwp%2Fv2%2Ftags&post=15524"}],"curies":[{"name":"wp","href":"https:\/\/api.w.org\/{rel}","templated":true}]}}