{"id":15530,"date":"2016-08-19T10:01:27","date_gmt":"2016-08-19T09:01:27","guid":{"rendered":"http:\/\/sven-ove.nu\/?p=15530"},"modified":"2016-08-20T09:53:47","modified_gmt":"2016-08-20T08:53:47","slug":"foresprakar-varmlandsk-polis-forintelse-av-manniskor","status":"publish","type":"post","link":"https:\/\/sven-ove.nu\/?p=15530","title":{"rendered":"F\u00f6respr\u00e5kar v\u00e4rml\u00e4ndsk polis f\u00f6rintelse av m\u00e4nniskor?"},"content":{"rendered":"<p><a href=\"https:\/\/sven-ove.nu\/wp-content\/uploads\/2016\/08\/Moder-Sveas.jpg\"><img loading=\"lazy\" decoding=\"async\" class=\"size-full wp-image-15531 alignright\" src=\"https:\/\/sven-ove.nu\/wp-content\/uploads\/2016\/08\/Moder-Sveas.jpg\" alt=\"Moder Sveas\" width=\"361\" height=\"306\" srcset=\"https:\/\/sven-ove.nu\/wp-content\/uploads\/2016\/08\/Moder-Sveas.jpg 361w, https:\/\/sven-ove.nu\/wp-content\/uploads\/2016\/08\/Moder-Sveas-300x254.jpg 300w\" sizes=\"auto, (max-width: 361px) 100vw, 361px\" \/><\/a><em>\u201dDe flesta som s\u00f6ker sig hit g\u00f6r det f\u00f6r att \u00f6verleva, de vill ha trygghet och vara lyckliga och sk\u00f6ta sitt. De kommer att anpassa sig om vi l\u00e4r dem eller s\u00e5 \u00e5ker de hem. De som kommer hit med annat upps\u00e5t skall tvingas till anpassning, lagf\u00f6ras, sl\u00e4ngas ut och n\u00e4r s\u00e5 kr\u00e4vs f\u00f6rintas.\u201d<\/em><\/p>\n<p>Citatet \u00e4r fr\u00e5n en debattartikel i Nya Wermlands-Tidningen 18 augusti 2016, undertecknat med namn av en person som p\u00e5st\u00e5r sig vara polis i V\u00e4rmland.<\/p>\n<p>Observera det sista ordet. F\u00f6rintas.<\/p>\n<p>\u00c4r det \u00f6ver huvud taget m\u00f6jligt att vara polis, vara satt att f\u00f6rsvara det demokratiska samh\u00e4llet \u2013 och samtidigt f\u00f6respr\u00e5ka f\u00f6rintelse av m\u00e4nniskor?<\/p>\n<p><em><span style=\"color: #ff6600;\"><strong>#<\/strong><strong>#<\/strong><strong>#<\/strong><\/span> L\u00e4nk till debattartikeln: <span style=\"color: #0000ff;\"><a style=\"color: #0000ff;\" href=\"http:\/\/nwt.se\/asikter\/debatt\/2016\/08\/18\/moder-sveas-krympande-livsutrymme\">Moder Sveas krympande utrymme<\/a><\/span><\/em><\/p>\n<p><strong><span style=\"color: #ff6600;\"><a href=\"https:\/\/sven-ove.nu\/wp-content\/uploads\/2016\/08\/NWT-18-aug-2016.png\"><img loading=\"lazy\" decoding=\"async\" class=\"size-full wp-image-15536 alignright\" src=\"https:\/\/sven-ove.nu\/wp-content\/uploads\/2016\/08\/NWT-18-aug-2016.png\" alt=\"NWT 18 aug 2016\" width=\"150\" height=\"213\" \/><\/a>TILL\u00c4GG l\u00f6rdag morgon:<\/span> NWT:s debattredaktion har \u00e4ndrat i debattartikeln. Citatet ovan och i sk\u00e4rmdumpen h\u00e4r intill \u00e4r avslutningen p\u00e5 artikeln, s\u00e5 som den l\u00f6d\u00a0fr\u00e5n b\u00f6rjan.<\/strong><\/p>\n<p><span style=\"color: #0000ff;\"><a style=\"color: #0000ff;\" href=\"https:\/\/sven-ove.nu\/?page_id=170\">Om mig<\/a><\/span> | <span style=\"color: #0000ff;\"><a style=\"color: #0000ff;\" href=\"https:\/\/sven-ove.nu\/?page_id=1385\">Skriva &amp; prata<\/a><\/span> | <span style=\"color: #0000ff;\"><a style=\"color: #0000ff;\" href=\"https:\/\/sven-ove.nu\/?page_id=100\">Politik<\/a><\/span> | <span style=\"color: #0000ff;\"><a style=\"color: #0000ff;\" href=\"https:\/\/sven-ove.nu\/?page_id=102\">L\u00f6pa<\/a><\/span> | <span style=\"color: #0000ff;\"><a style=\"color: #0000ff;\" href=\"https:\/\/sven-ove.nu\/?page_id=108\">Viktor Root<\/a><\/span><\/p>\n","protected":false},"excerpt":{"rendered":"<p>\u201dDe flesta som s\u00f6ker sig hit g\u00f6r det f\u00f6r att \u00f6verleva, de vill ha trygghet och vara lyckliga och sk\u00f6ta sitt. De kommer att anpassa sig om vi l\u00e4r dem eller s\u00e5 \u00e5ker de hem. De som kommer hit med annat upps\u00e5t skall tvingas till anpassning, lagf\u00f6ras, sl\u00e4ngas ut och n\u00e4r s\u00e5 kr\u00e4vs f\u00f6rintas.\u201d Citatet &hellip; <a href=\"https:\/\/sven-ove.nu\/?p=15530\" class=\"more-link\">Forts\u00e4tt l\u00e4sa <span class=\"screen-reader-text\">F\u00f6respr\u00e5kar v\u00e4rml\u00e4ndsk polis f\u00f6rintelse av m\u00e4nniskor?<\/span><\/a><\/p>\n","protected":false},"author":1,"featured_media":0,"comment_status":"open","ping_status":"open","sticky":false,"template":"","format":"standard","meta":{"_crdt_document":"","_monsterinsights_skip_tracking":false,"_monsterinsights_sitenote_active":false,"_monsterinsights_sitenote_note":"","_monsterinsights_sitenote_category":0,"footnotes":""},"categories":[9,4],"tags":[],"class_list":["post-15530","post","type-post","status-publish","format-standard","hentry","category-politik","category-skrivande"],"_links":{"self":[{"href":"https:\/\/sven-ove.nu\/index.php?rest_route=\/wp\/v2\/posts\/15530","targetHints":{"allow":["GET"]}}],"collection":[{"href":"https:\/\/sven-ove.nu\/index.php?rest_route=\/wp\/v2\/posts"}],"about":[{"href":"https:\/\/sven-ove.nu\/index.php?rest_route=\/wp\/v2\/types\/post"}],"author":[{"embeddable":true,"href":"https:\/\/sven-ove.nu\/index.php?rest_route=\/wp\/v2\/users\/1"}],"replies":[{"embeddable":true,"href":"https:\/\/sven-ove.nu\/index.php?rest_route=%2Fwp%2Fv2%2Fcomments&post=15530"}],"version-history":[{"count":4,"href":"https:\/\/sven-ove.nu\/index.php?rest_route=\/wp\/v2\/posts\/15530\/revisions"}],"predecessor-version":[{"id":15537,"href":"https:\/\/sven-ove.nu\/index.php?rest_route=\/wp\/v2\/posts\/15530\/revisions\/15537"}],"wp:attachment":[{"href":"https:\/\/sven-ove.nu\/index.php?rest_route=%2Fwp%2Fv2%2Fmedia&parent=15530"}],"wp:term":[{"taxonomy":"category","embeddable":true,"href":"https:\/\/sven-ove.nu\/index.php?rest_route=%2Fwp%2Fv2%2Fcategories&post=15530"},{"taxonomy":"post_tag","embeddable":true,"href":"https:\/\/sven-ove.nu\/index.php?rest_route=%2Fwp%2Fv2%2Ftags&post=15530"}],"curies":[{"name":"wp","href":"https:\/\/api.w.org\/{rel}","templated":true}]}}