{"id":15539,"date":"2016-08-21T11:19:28","date_gmt":"2016-08-21T10:19:28","guid":{"rendered":"http:\/\/sven-ove.nu\/?p=15539"},"modified":"2016-08-21T16:13:55","modified_gmt":"2016-08-21T15:13:55","slug":"filkorning-runt-korvkiosken","status":"publish","type":"post","link":"https:\/\/sven-ove.nu\/?p=15539","title":{"rendered":"Filk\u00f6rning runt korvkiosken"},"content":{"rendered":"<p><a href=\"https:\/\/sven-ove.nu\/wp-content\/uploads\/2016\/08\/Sunne-karakt\u00e4r.jpg\"><img loading=\"lazy\" decoding=\"async\" class=\"size-large wp-image-15541 alignnone\" src=\"https:\/\/sven-ove.nu\/wp-content\/uploads\/2016\/08\/Sunne-karakt\u00e4r-897x1024.jpg\" alt=\"Sunne karakt\u00e4r\" width=\"660\" height=\"753\" srcset=\"https:\/\/sven-ove.nu\/wp-content\/uploads\/2016\/08\/Sunne-karakt\u00e4r-897x1024.jpg 897w, https:\/\/sven-ove.nu\/wp-content\/uploads\/2016\/08\/Sunne-karakt\u00e4r-263x300.jpg 263w, https:\/\/sven-ove.nu\/wp-content\/uploads\/2016\/08\/Sunne-karakt\u00e4r.jpg 1121w\" sizes=\"auto, (max-width: 660px) 100vw, 660px\" \/><\/a><\/p>\n<p>Min v\u00e4n en bit norrut, poeten <strong>Bengt Berg<\/strong>, skriver p\u00e5 Facebook om den eviga tuppf\u00e4ktningen mellan Sunne och hans Torsby. Torsbybornas under dog-perspektiv mot sm\u00f6rh\u00e5lan Sunne \u201dkommer fr\u00e5n den f\u00f6rnedring som bestod i att vi m\u00e5ste \u00e5ka ner till Sunne f\u00f6r att \u2019ta k\u00f6rkort\u2019\u201d, ber\u00e4ttar han.<\/p>\n<p>Varf\u00f6r? F\u00f6r att d\u00e4r hade man filk\u00f6rning runt korvkiosken. S\u00e5dant sitter i, skriver Bengt Berg.<\/p>\n<p>Inte vet jag om jag st\u00f6r salt i s\u00e5ren n\u00e4r jag nu kommer dragande med tidningsklippet fr\u00e5n den 2 juni 1981. Det \u00e4r inte meningen. Klippet \u00e4r ur lokaltidningen <strong>Fryksdals-Bygden, <\/strong>jag har citerat det vid uppl\u00e4sningar ibland och i en skrift, och h\u00e4r \u00e4r texten om du inte ser den p\u00e5 klippet:<\/p>\n<p style=\"padding-left: 30px;\"><em>\u201dSunne t\u00e4tort har f\u00e5tt ett nytillskott inf\u00f6r turists\u00e4songen. Trafikljus har n\u00e4mligen riggats upp mellan de tv\u00e5 st\u00f6rsta livsmedelsaff\u00e4rerna och nu hoppas man p\u00e5 att trafiken ska flyta friktionsfritt p\u00e5 Storgatan. \u00d6verg\u00e5ngsst\u00e4llet d\u00e4r har varit en besv\u00e4rlig passage f\u00f6r b\u00e5de trafikanter som fotg\u00e4ngare. Sunne v\u00e4xer allts\u00e5 i dignitet. I vinter fick vi \u00e4ven en pizzeria.\u201d<\/em><\/p>\n<p>I fall en arkeolog hittar en \u00e5rsupplaga av FB\u00a0fr\u00e5n 1980-talet om n\u00e5gra tusen \u00e5r, s\u00e5 kommer den att s\u00e4ga mer om livet i Fryksdalen p\u00e5 den tiden \u00e4n alla artiklar tillsammans, fr\u00e5n oss arga lokala konkurrenter.<\/p>\n<p>Men en sm\u00f6rh\u00e5la \u00e4r det.<\/p>\n<p><em><strong><span style=\"color: #ff6600;\">###<\/span><\/strong><span style=\"color: #0000ff;\"> <span style=\"color: #000000;\">Bra kr\u00f6nika av Jan Guillou:<\/span><strong> <a style=\"color: #0000ff;\" href=\"http:\/\/www.aftonbladet.se\/nyheter\/kolumnister\/janguillou\/article23380285.ab\" target=\"_blank\">I brist p\u00e5 fakta formar rasisten sin falska v\u00e4rld<\/a><\/strong><\/span><\/em><\/p>\n<p><span style=\"color: #0000ff;\"><a style=\"color: #0000ff;\" href=\"https:\/\/sven-ove.nu\/?page_id=170\">Om mig<\/a><\/span> | <span style=\"color: #0000ff;\"><a style=\"color: #0000ff;\" href=\"https:\/\/sven-ove.nu\/?page_id=1385\">Skriva &amp; prata<\/a><\/span> | <span style=\"color: #0000ff;\"><a style=\"color: #0000ff;\" href=\"https:\/\/sven-ove.nu\/?page_id=100\">Politik<\/a><\/span> | <span style=\"color: #0000ff;\"><a style=\"color: #0000ff;\" href=\"https:\/\/sven-ove.nu\/?page_id=102\">L\u00f6pa<\/a><\/span> | <span style=\"color: #0000ff;\"><a style=\"color: #0000ff;\" href=\"https:\/\/sven-ove.nu\/?page_id=108\">Viktor Root<\/a><\/span><\/p>\n","protected":false},"excerpt":{"rendered":"<p>Min v\u00e4n en bit norrut, poeten Bengt Berg, skriver p\u00e5 Facebook om den eviga tuppf\u00e4ktningen mellan Sunne och hans Torsby. Torsbybornas under dog-perspektiv mot sm\u00f6rh\u00e5lan Sunne \u201dkommer fr\u00e5n den f\u00f6rnedring som bestod i att vi m\u00e5ste \u00e5ka ner till Sunne f\u00f6r att \u2019ta k\u00f6rkort\u2019\u201d, ber\u00e4ttar han. Varf\u00f6r? F\u00f6r att d\u00e4r hade man filk\u00f6rning runt korvkiosken. &hellip; <a href=\"https:\/\/sven-ove.nu\/?p=15539\" class=\"more-link\">Forts\u00e4tt l\u00e4sa <span class=\"screen-reader-text\">Filk\u00f6rning runt korvkiosken<\/span><\/a><\/p>\n","protected":false},"author":1,"featured_media":0,"comment_status":"open","ping_status":"open","sticky":false,"template":"","format":"standard","meta":{"_crdt_document":"","_monsterinsights_skip_tracking":false,"_monsterinsights_sitenote_active":false,"_monsterinsights_sitenote_note":"","_monsterinsights_sitenote_category":0,"footnotes":""},"categories":[28,4],"tags":[8,15],"class_list":["post-15539","post","type-post","status-publish","format-standard","hentry","category-kreativt-folk","category-skrivande","tag-historia","tag-mediedjungeln"],"_links":{"self":[{"href":"https:\/\/sven-ove.nu\/index.php?rest_route=\/wp\/v2\/posts\/15539","targetHints":{"allow":["GET"]}}],"collection":[{"href":"https:\/\/sven-ove.nu\/index.php?rest_route=\/wp\/v2\/posts"}],"about":[{"href":"https:\/\/sven-ove.nu\/index.php?rest_route=\/wp\/v2\/types\/post"}],"author":[{"embeddable":true,"href":"https:\/\/sven-ove.nu\/index.php?rest_route=\/wp\/v2\/users\/1"}],"replies":[{"embeddable":true,"href":"https:\/\/sven-ove.nu\/index.php?rest_route=%2Fwp%2Fv2%2Fcomments&post=15539"}],"version-history":[{"count":8,"href":"https:\/\/sven-ove.nu\/index.php?rest_route=\/wp\/v2\/posts\/15539\/revisions"}],"predecessor-version":[{"id":15554,"href":"https:\/\/sven-ove.nu\/index.php?rest_route=\/wp\/v2\/posts\/15539\/revisions\/15554"}],"wp:attachment":[{"href":"https:\/\/sven-ove.nu\/index.php?rest_route=%2Fwp%2Fv2%2Fmedia&parent=15539"}],"wp:term":[{"taxonomy":"category","embeddable":true,"href":"https:\/\/sven-ove.nu\/index.php?rest_route=%2Fwp%2Fv2%2Fcategories&post=15539"},{"taxonomy":"post_tag","embeddable":true,"href":"https:\/\/sven-ove.nu\/index.php?rest_route=%2Fwp%2Fv2%2Ftags&post=15539"}],"curies":[{"name":"wp","href":"https:\/\/api.w.org\/{rel}","templated":true}]}}